{"id":13145,"date":"2021-02-06T20:17:36","date_gmt":"2021-02-06T23:17:36","guid":{"rendered":"http:\/\/www.centraldenoticias.com.ar\/?p=13145"},"modified":"2021-02-06T20:17:36","modified_gmt":"2021-02-06T23:17:36","slug":"coopelectric-se-reunio-con-vecinos-de-barrios-bancarios-ii-y-iii","status":"publish","type":"post","link":"https:\/\/cdnoticias.com\/index.php\/2021\/02\/06\/coopelectric-se-reunio-con-vecinos-de-barrios-bancarios-ii-y-iii\/","title":{"rendered":"Coopelectric se reuni\u00f3 con vecinos de Barrios Bancarios II y III"},"content":{"rendered":"<p>Se escucharon reclamos y se respondi\u00f3 a diversas demandas de los vecinos. Se habl\u00f3 sobre alumbrado p\u00fablico y los cortes programados para mejorar el servicio.<!--more--><\/p>\n<hr \/>\n<p>Integrantes del <strong>Consejo de Administraci\u00f3n y personal t\u00e9cnico de Coopelectric mantuvieron un encuentro con los vecinos de los barrios Bancarios II y III<\/strong> en las instalaciones de la Sociedad de Fomento Mariano Moreno, que fueron puestas a disposici\u00f3n por su presidente Jos\u00e9 Luis Veyrand.<\/p>\n<p>&nbsp;<\/p>\n<p>All\u00ed estuvieron presentes el prosecretario del Consejo de Administraci\u00f3n de Coopelectric Oscar Angeletti, el delegado Jos\u00e9 Maceo, el gerente de Operaciones y Calidad de Servicio Ing. Jorge Vornetti, la gerente de Obras Sanitarias Ing. Nora Prieto, el subgerente de Coordinaci\u00f3n Administrativa Enrique Lospinoso; y por la Junta Vecinal de los B\u00b0 Bancarios II y III su presidente Marcelo Ortiz , el vicepresidente Sa\u00fal Ardino, la Tesorera Eugenia Borza, el Revisor de Cuentas Lucas Ayestar\u00e1n y la vecina Yanina Ib\u00e1\u00f1ez.<\/p>\n<p>&nbsp;<\/p>\n<p>Durante la reuni\u00f3n se hizo referencia <strong>a los servicios que presta la Cooperativa y se profundizaron los temas que resultaron de mayor inter\u00e9s<\/strong>, en especial <strong><em>\u201clas caracter\u00edsticas y el funcionamiento del Servicio de Obras Sanitarias\u201d<\/em><\/strong>. Los vecinos plantearon sus inquietudes y al mismo tiempo realizaron consultas que fueron respondidas por la Ing. Prieto, acordando la realizaci\u00f3n de un relevamiento t\u00e9cnico en el sector.<\/p>\n<p>&nbsp;<\/p>\n<p>Otro de los temas abordados fue la<em> \u201coperaci\u00f3n y mantenimiento del alumbrado p\u00fablico\u201d<\/em> que realiza Coopelectric y se explic\u00f3 que <strong><em>\u201clas obras de expansi\u00f3n y ampliaci\u00f3n del Servicio corresponden al Municipio\u201d<\/em><\/strong>. No obstante, se brind\u00f3 informaci\u00f3n sobre posibilidad de que<strong> los vecinos asuman el costo colectivamente para colocar nuevas luminarias, previo estudio de factibilidad y realizaci\u00f3n del tr\u00e1mite pertinente en la sede administrativa de Coopelectric.<\/strong><\/p>\n<p>&nbsp;<\/p>\n<p>El Ing. Vornetti comunic\u00f3 que para mejorar la calidad del Servicio El\u00e9ctrico est\u00e1 previsto <strong>renovar el conductor de Media Tensi\u00f3n en las inmediaciones del barrio, para lo cual se requerir\u00e1 la interrupci\u00f3n del suministro.<\/strong><em> \u201cCuando nos referimos a interrupciones programadas hay que tener presente que se realizan para mejorar el Servicio, por eso siempre se avisan con antelaci\u00f3n tratando de afectar lo menos posible a los vecinos\u201d<\/em>, sostuvo Vornetti.<\/p>\n<p>&nbsp;<\/p>\n<blockquote><p>Tambi\u00e9n se destac\u00f3 la importancia de realizar los reclamos t\u00e9cnicos a trav\u00e9s de las v\u00edas de comunicaci\u00f3n que figuran en el dorso de las facturas de Coopelectric, a los efectos de registrar y formalizar los mismos bajo un n\u00famero de reclamo que posibilite efectuar el seguimiento correspondiente.<\/p><\/blockquote>\n<p>&nbsp;<\/p>\n<p>Cabe aclara que este tipo de reuniones se realizan<em> \u201ccon la finalidad de escuchar las inquietudes de los asociados\u201d<\/em>, y que adem\u00e1s pertenecen a distintos barrios e instituciones del Partido de Olavarr\u00eda. El objetivo es \u201c<strong><em>brindar explicaciones sobre cada uno de los servicios, responder consultas, aportar mejoras o soluciones, promover el contacto directo y fortalecer el v\u00ednculo con los asociados\u201d.<\/em><\/strong><\/p>\n","protected":false},"excerpt":{"rendered":"<p>Se escucharon reclamos y se respondi\u00f3 a diversas demandas de los vecinos. Se habl\u00f3 sobre alumbrado p\u00fablico y los cortes<\/p>\n","protected":false},"author":2,"featured_media":13146,"comment_status":"closed","ping_status":"closed","sticky":false,"template":"","format":"standard","meta":{"_jetpack_memberships_contains_paid_content":false,"footnotes":""},"categories":[5,1],"tags":[],"class_list":["post-13145","post","type-post","status-publish","format-standard","has-post-thumbnail","hentry","category-informacion-general","category-portada"],"jetpack_featured_media_url":"https:\/\/i0.wp.com\/cdnoticias.com\/wp-content\/uploads\/2021\/02\/Reunion-con-vecinos-del-B%C2%B0-Bancario-II-y-III.jpeg?fit=1032%2C581&ssl=1","jetpack_sharing_enabled":true,"_links":{"self":[{"href":"https:\/\/cdnoticias.com\/index.php\/wp-json\/wp\/v2\/posts\/13145","targetHints":{"allow":["GET"]}}],"collection":[{"href":"https:\/\/cdnoticias.com\/index.php\/wp-json\/wp\/v2\/posts"}],"about":[{"href":"https:\/\/cdnoticias.com\/index.php\/wp-json\/wp\/v2\/types\/post"}],"author":[{"embeddable":true,"href":"https:\/\/cdnoticias.com\/index.php\/wp-json\/wp\/v2\/users\/2"}],"replies":[{"embeddable":true,"href":"https:\/\/cdnoticias.com\/index.php\/wp-json\/wp\/v2\/comments?post=13145"}],"version-history":[{"count":0,"href":"https:\/\/cdnoticias.com\/index.php\/wp-json\/wp\/v2\/posts\/13145\/revisions"}],"wp:featuredmedia":[{"embeddable":true,"href":"https:\/\/cdnoticias.com\/index.php\/wp-json\/wp\/v2\/media\/13146"}],"wp:attachment":[{"href":"https:\/\/cdnoticias.com\/index.php\/wp-json\/wp\/v2\/media?parent=13145"}],"wp:term":[{"taxonomy":"category","embeddable":true,"href":"https:\/\/cdnoticias.com\/index.php\/wp-json\/wp\/v2\/categories?post=13145"},{"taxonomy":"post_tag","embeddable":true,"href":"https:\/\/cdnoticias.com\/index.php\/wp-json\/wp\/v2\/tags?post=13145"}],"curies":[{"name":"wp","href":"https:\/\/api.w.org\/{rel}","templated":true}]}}