{"id":131440,"date":"2024-11-28T10:46:30","date_gmt":"2024-11-28T13:46:30","guid":{"rendered":"https:\/\/cdnoticias.com\/?p=131440"},"modified":"2024-11-28T12:03:12","modified_gmt":"2024-11-28T15:03:12","slug":"hcd-se-aprobo-la-cesion-del-predio-del-hogar-a-talleres-protegidos","status":"publish","type":"post","link":"https:\/\/cdnoticias.com\/index.php\/2024\/11\/28\/hcd-se-aprobo-la-cesion-del-predio-del-hogar-a-talleres-protegidos\/","title":{"rendered":"HCD: se aprob\u00f3 la cesi\u00f3n del predio del hogar a Talleres Protegidos"},"content":{"rendered":"<p>Con votaci\u00f3n un\u00e1nime, se trata de una instancia m\u00e1s para lograr la habilitaci\u00f3n de la sede. \u201cVa a generar la vivencia en familia\u201d defini\u00f3 la concejal Telma Cazot. Declaraci\u00f3n de inter\u00e9s legislativo para los 40 a\u00f1os de la instituci\u00f3n.<!--more--><\/p>\n<hr \/>\n<p>Los <strong>primeros expedientes en debate en la <a href=\"https:\/\/cdnoticias.com\/index.php\/2024\/11\/28\/hcd-con-25-proyectos-en-debate-se-realiza-la-ultima-sesion-ordinaria-del-ano\/\" target=\"_blank\" rel=\"noopener\">sesi\u00f3n de este jueves del HCD<\/a><\/strong> tuvieron como protagonista a <strong>Talleres Protegidos de Olavarr\u00eda<\/strong> con las<strong> aprobaciones por unanimidad<\/strong> de la<strong> donaci\u00f3n del inmueble donde est\u00e1 construido el hogar<\/strong> y la <strong>declaraci\u00f3n de inter\u00e9s de los 40 a\u00f1os de trayectoria institucional<\/strong>.<\/p>\n<p>La concejal<strong> Telma Cazot, de Uni\u00f3n por la Patria<\/strong>, fue la encargada de presentar la iniciativa. Destac\u00f3 la <strong>importancia del funcionamiento de un hogar permanente para personas con discapacidad<\/strong> y repas\u00f3 los avatares administrativos de la posesi\u00f3n de tierras, construcci\u00f3n del edificio y cesi\u00f3n en comodato del predio ubicado en Ituzaing\u00f3 Sur desde hace m\u00e1s de 10 a\u00f1os.<\/p>\n<blockquote><p>\u201cSe encuentra en buen estado de conservaci\u00f3n y mantenimiento\u201d inform\u00f3 sobre el edificio del hogar que se construy\u00f3 entre 2016 y 2017, aunque a\u00fan no logr\u00f3 la habilitaci\u00f3n para su funcionamiento. Es una construcci\u00f3n con tres alas en un predio de una hect\u00e1rea. \u201cEsto es un paso m\u00e1s para que se pueda habilitar el hogar. Es una lucha de a\u00f1os, especialmente de los \u00faltimos 6 a\u00f1os\u201d indic\u00f3 la concejal en referencia al comodato firmado en 2018 que contemplaba la donaci\u00f3n de los terrenos. \u201cHasta el d\u00eda de hoy no fue cumplido y ellos lo vienen reclamando\u201d agreg\u00f3.<\/p><\/blockquote>\n<p><img data-recalc-dims=\"1\" loading=\"lazy\" decoding=\"async\" class=\"size-full wp-image-131441 aligncenter\" src=\"https:\/\/i0.wp.com\/cdnoticias.com\/wp-content\/uploads\/2024\/11\/HCD-sesion-28-de-noviembre-2024-telma-cazot.jpg?resize=800%2C446&#038;ssl=1\" alt=\"\" width=\"800\" height=\"446\" srcset=\"https:\/\/i0.wp.com\/cdnoticias.com\/wp-content\/uploads\/2024\/11\/HCD-sesion-28-de-noviembre-2024-telma-cazot.jpg?w=1000&amp;ssl=1 1000w, https:\/\/i0.wp.com\/cdnoticias.com\/wp-content\/uploads\/2024\/11\/HCD-sesion-28-de-noviembre-2024-telma-cazot.jpg?resize=300%2C167&amp;ssl=1 300w, https:\/\/i0.wp.com\/cdnoticias.com\/wp-content\/uploads\/2024\/11\/HCD-sesion-28-de-noviembre-2024-telma-cazot.jpg?resize=768%2C428&amp;ssl=1 768w, https:\/\/i0.wp.com\/cdnoticias.com\/wp-content\/uploads\/2024\/11\/HCD-sesion-28-de-noviembre-2024-telma-cazot.jpg?resize=800%2C445&amp;ssl=1 800w\" sizes=\"auto, (max-width: 800px) 100vw, 800px\" \/><\/p>\n<p>Cazot cont\u00f3 que tras la asunci\u00f3n de Maximiliano Wesner en la intendencia, en diciembre pasado, la comisi\u00f3n directiva de la instituci\u00f3n insisti\u00f3 sobre el pedido de donaci\u00f3n. El expediente lleg\u00f3 a la <strong>Direcci\u00f3n de Casa de Tierras, a cargo de Juan S\u00e1nchez, quien hace tres semanas organiz\u00f3 un encuentro<\/strong> entre los representantes de Talleres Protegidos y concejales del oficialismo. <em>\u201cConversamos sobre el historial de lo sucedido con la donaci\u00f3n de tierras y los tr\u00e1mites realizados durante a\u00f1os para que llegara el d\u00eda y que se abra el hogar\u201d<\/em> cont\u00f3 Cazot sobre esa reuni\u00f3n y subray\u00f3 que \u201cal otro d\u00eda se envi\u00f3 el proyecto al Concejo\u201d.<\/p>\n<p>Asimismo, valor\u00f3 que el expediente ingres\u00f3 a tres comisiones -Infraestructura, Hacienda y Legislaci\u00f3n- en las que se trat\u00f3 en conjunto, <strong>\u201clos concejales mostraron la predisposici\u00f3n, todos colaboraron y entendieron la necesidad de Talleres Protegidos<\/strong>. Es un gesto que quiero destacar y agradecer\u201d indic\u00f3 la vocera del oficialismo.<\/p>\n<blockquote><p>Respecto de la donaci\u00f3n del inmueble hizo hincapi\u00e9 en \u201clo que significa la seguridad jur\u00eddica que esto implica\u201d para la entidad, \u201clo que significa el hogar para la comisi\u00f3n. Va a generar la vivencia en familia, en una verdadera familia. Significa cuidado, cobijo, contenci\u00f3n, alegr\u00eda y amor. Hay una palabra que me result\u00f3 muy significante, dijo Alberto Muia que para estas personas que lleguen al hogar va a significar para ellos darles vida. A ese nivel es la importancia que estas personas puedan habitar este hogar\u201d.<\/p><\/blockquote>\n<p><img data-recalc-dims=\"1\" loading=\"lazy\" decoding=\"async\" class=\"size-full wp-image-131443 aligncenter\" src=\"https:\/\/i0.wp.com\/cdnoticias.com\/wp-content\/uploads\/2024\/11\/HCD-sesion-28-de-noviembre-2024-rosita-muia.jpg?resize=800%2C445&#038;ssl=1\" alt=\"\" width=\"800\" height=\"445\" srcset=\"https:\/\/i0.wp.com\/cdnoticias.com\/wp-content\/uploads\/2024\/11\/HCD-sesion-28-de-noviembre-2024-rosita-muia.jpg?w=1000&amp;ssl=1 1000w, https:\/\/i0.wp.com\/cdnoticias.com\/wp-content\/uploads\/2024\/11\/HCD-sesion-28-de-noviembre-2024-rosita-muia.jpg?resize=300%2C167&amp;ssl=1 300w, https:\/\/i0.wp.com\/cdnoticias.com\/wp-content\/uploads\/2024\/11\/HCD-sesion-28-de-noviembre-2024-rosita-muia.jpg?resize=768%2C427&amp;ssl=1 768w, https:\/\/i0.wp.com\/cdnoticias.com\/wp-content\/uploads\/2024\/11\/HCD-sesion-28-de-noviembre-2024-rosita-muia.jpg?resize=800%2C445&amp;ssl=1 800w\" sizes=\"auto, (max-width: 800px) 100vw, 800px\" \/><\/p>\n<p>M\u00e1s adelante resalt\u00f3 la presencia de la impulsora de Talleres Protegidos, quien estuvo en el recinto del HCD,<strong> \u201ces un honor para nosotros tener aqu\u00ed presente a Rosita Muia\u201d<\/strong> expres\u00f3 Telma Cazot.<\/p>\n<p>Luego<strong> hicieron uso de la palabra concejales de todos los bloques<\/strong> que valoraron el rol institucional de Talleres Protegidos, destacaron su trayectoria y se\u00f1alaron la necesidad de habilitaci\u00f3n del hogar. <em>Paola Odello (La Libertad Avanza), Guillermina Amespil (Pro-ERF), Sebasti\u00e1n Matrella (UCR) y Marcelo Petehs (Por M\u00e1s Libertad)<\/em> fueron los oradores.<\/p>\n<p>Al cierre de los discursos se aprobaron por unanimidad los dos proyectos.<\/p>\n<p><img data-recalc-dims=\"1\" loading=\"lazy\" decoding=\"async\" class=\"size-full wp-image-131444 aligncenter\" src=\"https:\/\/i0.wp.com\/cdnoticias.com\/wp-content\/uploads\/2024\/11\/HCD-sesion-28-de-noviembre-2024.jpg?resize=800%2C445&#038;ssl=1\" alt=\"\" width=\"800\" height=\"445\" srcset=\"https:\/\/i0.wp.com\/cdnoticias.com\/wp-content\/uploads\/2024\/11\/HCD-sesion-28-de-noviembre-2024.jpg?w=1000&amp;ssl=1 1000w, https:\/\/i0.wp.com\/cdnoticias.com\/wp-content\/uploads\/2024\/11\/HCD-sesion-28-de-noviembre-2024.jpg?resize=300%2C167&amp;ssl=1 300w, https:\/\/i0.wp.com\/cdnoticias.com\/wp-content\/uploads\/2024\/11\/HCD-sesion-28-de-noviembre-2024.jpg?resize=768%2C427&amp;ssl=1 768w, https:\/\/i0.wp.com\/cdnoticias.com\/wp-content\/uploads\/2024\/11\/HCD-sesion-28-de-noviembre-2024.jpg?resize=800%2C445&amp;ssl=1 800w\" sizes=\"auto, (max-width: 800px) 100vw, 800px\" \/><\/p>\n<h3>Los expedientes<\/h3>\n<p>La <strong>ordenanza 5.485\/24<\/strong> estableci\u00f3 la<strong> donaci\u00f3n del inmueble de Ituzaing\u00f3 Prolongaci\u00f3n Sur en favor de Talleres Protegidos de Olavarr\u00eda<\/strong>, para \u201cdestinar el inmueble como centro de d\u00eda y viviendas permanentes para personas con discapacidad\u201d.<\/p>\n<p>Se fijo un plazo de tres a\u00f1os para el cumplimiento del objeto de donaci\u00f3n.<\/p>\n<p>En tanto, la <strong>resoluci\u00f3n 93\/24<\/strong> declar\u00f3 de inter\u00e9s el <strong>40\u00ba aniversario de la fundaci\u00f3n de Talleres Protegidos<\/strong>, que se cumplir\u00e1 el pr\u00f3ximo 6 de diciembre.<\/p>\n<p>\u201c<em>Comenz\u00f3 con menos de 10 personas y hoy tiene 70 operarios\u201d<\/em> destac\u00f3 Cazot quien record\u00f3 que desde 1996 funciona en la sede de Lavalle entre Belgrano y Dorrego, edificio cedido por la Municipalidad.<\/p>\n","protected":false},"excerpt":{"rendered":"<p>Con votaci\u00f3n un\u00e1nime, se trata de una instancia m\u00e1s para lograr la habilitaci\u00f3n de la sede. \u201cVa a generar la<\/p>\n","protected":false},"author":4,"featured_media":83232,"comment_status":"closed","ping_status":"closed","sticky":false,"template":"","format":"standard","meta":{"_jetpack_memberships_contains_paid_content":false,"footnotes":""},"categories":[4,1],"tags":[],"class_list":["post-131440","post","type-post","status-publish","format-standard","has-post-thumbnail","hentry","category-politica","category-portada"],"jetpack_featured_media_url":"https:\/\/i0.wp.com\/cdnoticias.com\/wp-content\/uploads\/2023\/04\/hogar-talleres-protegidos-00.jpg?fit=800%2C445&ssl=1","jetpack_sharing_enabled":true,"_links":{"self":[{"href":"https:\/\/cdnoticias.com\/index.php\/wp-json\/wp\/v2\/posts\/131440","targetHints":{"allow":["GET"]}}],"collection":[{"href":"https:\/\/cdnoticias.com\/index.php\/wp-json\/wp\/v2\/posts"}],"about":[{"href":"https:\/\/cdnoticias.com\/index.php\/wp-json\/wp\/v2\/types\/post"}],"author":[{"embeddable":true,"href":"https:\/\/cdnoticias.com\/index.php\/wp-json\/wp\/v2\/users\/4"}],"replies":[{"embeddable":true,"href":"https:\/\/cdnoticias.com\/index.php\/wp-json\/wp\/v2\/comments?post=131440"}],"version-history":[{"count":0,"href":"https:\/\/cdnoticias.com\/index.php\/wp-json\/wp\/v2\/posts\/131440\/revisions"}],"wp:featuredmedia":[{"embeddable":true,"href":"https:\/\/cdnoticias.com\/index.php\/wp-json\/wp\/v2\/media\/83232"}],"wp:attachment":[{"href":"https:\/\/cdnoticias.com\/index.php\/wp-json\/wp\/v2\/media?parent=131440"}],"wp:term":[{"taxonomy":"category","embeddable":true,"href":"https:\/\/cdnoticias.com\/index.php\/wp-json\/wp\/v2\/categories?post=131440"},{"taxonomy":"post_tag","embeddable":true,"href":"https:\/\/cdnoticias.com\/index.php\/wp-json\/wp\/v2\/tags?post=131440"}],"curies":[{"name":"wp","href":"https:\/\/api.w.org\/{rel}","templated":true}]}}