{"id":131427,"date":"2024-12-08T07:34:30","date_gmt":"2024-12-08T10:34:30","guid":{"rendered":"https:\/\/cdnoticias.com\/?p=131427"},"modified":"2024-12-08T07:34:57","modified_gmt":"2024-12-08T10:34:57","slug":"misa-en-el-parque-mitre-celebracion-de-la-inmaculada-concepcion","status":"publish","type":"post","link":"https:\/\/cdnoticias.com\/index.php\/2024\/12\/08\/misa-en-el-parque-mitre-celebracion-de-la-inmaculada-concepcion\/","title":{"rendered":"Misa en el Parque Mitre, celebraci\u00f3n de la Inmaculada Concepci\u00f3n"},"content":{"rendered":"<p>Este domingo 8 de diciembre en la zona de Brown y Sargento Cabral. Las actividades comenzar\u00e1n a las 18 y la misa comenzar\u00e1 a las 19.<!--more--><\/p>\n<hr \/>\n<p>La <strong>comunidad cat\u00f3lica de Olavarr\u00eda<\/strong> celebrar\u00e1 a la <strong>Sant\u00edsima Virgen este domingo 8 de diciembre<\/strong>, en el d\u00eda de la Solemnidad de la Inmaculada Concepci\u00f3n.<\/p>\n<p>La Santa Misa se oficiar\u00e1 <strong>en el Parque Mitre, en la zona de Almirante Brown y Sargento Cabral<\/strong>, desde las 19. Previamente, desde las 18, se realizar\u00e1 una animaci\u00f3n musical con el rezo del Santo Rosario.<\/p>\n<p>Como antesala del gran jubileo de la esperanza que comenzar\u00e1 el 24 de diciembre, se ha elegido para esta celebraci\u00f3n el siguiente lema: <strong>\u201cCon Mar\u00eda, rumbo al jubileo de la esperanza\u201d.<\/strong><\/p>\n<p>Se invit\u00f3 a toda la comunidad a unirse en esta plegaria de fe y esperanza, con especial invitaci\u00f3n a las colectividades de la ciudad, instituciones eclesiales y colegios. Quienes deseen podr\u00e1n asistir con estandartes, las im\u00e1genes religiosas de los santos patronos, o vestimentas que los identifique.<\/p>\n<p><strong>Habr\u00e1 sillas previstas<\/strong>, pero quienes lo deseen podr\u00e1n llevarse su banqueta o reposera. <strong>La actividad se suspende por lluvia.<\/strong><\/p>\n\n\n<p><\/p>\n","protected":false},"excerpt":{"rendered":"<p>Este domingo 8 de diciembre en la zona de Brown y Sargento Cabral. Las actividades comenzar\u00e1n a las 18 y<\/p>\n","protected":false},"author":4,"featured_media":131428,"comment_status":"closed","ping_status":"closed","sticky":false,"template":"","format":"standard","meta":{"_jetpack_memberships_contains_paid_content":false,"footnotes":""},"categories":[5,1],"tags":[],"class_list":["post-131427","post","type-post","status-publish","format-standard","has-post-thumbnail","hentry","category-informacion-general","category-portada"],"jetpack_featured_media_url":"https:\/\/i0.wp.com\/cdnoticias.com\/wp-content\/uploads\/2024\/11\/celebracion-de-la-Inmaculada-Concepcion.jpg?fit=800%2C445&ssl=1","jetpack_sharing_enabled":true,"_links":{"self":[{"href":"https:\/\/cdnoticias.com\/index.php\/wp-json\/wp\/v2\/posts\/131427","targetHints":{"allow":["GET"]}}],"collection":[{"href":"https:\/\/cdnoticias.com\/index.php\/wp-json\/wp\/v2\/posts"}],"about":[{"href":"https:\/\/cdnoticias.com\/index.php\/wp-json\/wp\/v2\/types\/post"}],"author":[{"embeddable":true,"href":"https:\/\/cdnoticias.com\/index.php\/wp-json\/wp\/v2\/users\/4"}],"replies":[{"embeddable":true,"href":"https:\/\/cdnoticias.com\/index.php\/wp-json\/wp\/v2\/comments?post=131427"}],"version-history":[{"count":0,"href":"https:\/\/cdnoticias.com\/index.php\/wp-json\/wp\/v2\/posts\/131427\/revisions"}],"wp:featuredmedia":[{"embeddable":true,"href":"https:\/\/cdnoticias.com\/index.php\/wp-json\/wp\/v2\/media\/131428"}],"wp:attachment":[{"href":"https:\/\/cdnoticias.com\/index.php\/wp-json\/wp\/v2\/media?parent=131427"}],"wp:term":[{"taxonomy":"category","embeddable":true,"href":"https:\/\/cdnoticias.com\/index.php\/wp-json\/wp\/v2\/categories?post=131427"},{"taxonomy":"post_tag","embeddable":true,"href":"https:\/\/cdnoticias.com\/index.php\/wp-json\/wp\/v2\/tags?post=131427"}],"curies":[{"name":"wp","href":"https:\/\/api.w.org\/{rel}","templated":true}]}}