{"id":131422,"date":"2024-11-28T07:55:46","date_gmt":"2024-11-28T10:55:46","guid":{"rendered":"https:\/\/cdnoticias.com\/?p=131422"},"modified":"2024-11-28T07:55:48","modified_gmt":"2024-11-28T10:55:48","slug":"mirta-mabel-sobrecases-de-vacca-q-e-p-d","status":"publish","type":"post","link":"https:\/\/cdnoticias.com\/index.php\/2024\/11\/28\/mirta-mabel-sobrecases-de-vacca-q-e-p-d\/","title":{"rendered":"Mirta Mabel Sobrecases de Vacca (Q.E.P.D.)"},"content":{"rendered":"<p>Falleci\u00f3 en Olavarr\u00eda el d\u00eda 27 de noviembre de 2024 a los 74 a\u00f1os de edad.<\/p>\n<p>Su esposo Rub\u00e9n Dar\u00edo Vacca. Sus hijos: Lorena Celeste, Iv\u00e1n Dar\u00edo y David Ezequiel Vacca. Sus hijos pol\u00edticos: Karen Etchegaray e Ileana Zerda. Sus nietos: Esteban, Guadalupe, Valentina, Salvador, Carmela, Paulina y dem\u00e1s deudos participan su fallecimiento.<\/p>\n<p>Velatorio: Espa\u00f1a 2942, Departamento &#8220;D&#8221;. Jueves 28\/11 de 07:00 a 14:30 Hs. Responso: Capilla Ardiente. Inhumaci\u00f3n: Cementerio Loma de Paz, jueves 28\/11 a las 14:30 Hs. Servicio adherido a Coopelectric.<\/p>\n<p>Barrio en el que viv\u00eda: Sarmiento<\/p>\n<p>Lugar de nacimiento: Mar del Plata<\/p>\n<p>Actividad que desarrollaba: Jubilada<\/p>\n","protected":false},"excerpt":{"rendered":"<p>Falleci\u00f3 en Olavarr\u00eda el d\u00eda 27 de noviembre de 2024 a los 74 a\u00f1os de edad. Su esposo Rub\u00e9n Dar\u00edo<\/p>\n","protected":false},"author":4,"featured_media":51544,"comment_status":"closed","ping_status":"closed","sticky":false,"template":"","format":"standard","meta":{"_jetpack_memberships_contains_paid_content":false,"footnotes":""},"categories":[10],"tags":[],"class_list":["post-131422","post","type-post","status-publish","format-standard","has-post-thumbnail","hentry","category-necrologicas"],"jetpack_featured_media_url":"https:\/\/i0.wp.com\/cdnoticias.com\/wp-content\/uploads\/2022\/04\/necrologicas-390-x-240.jpg?fit=390%2C240&ssl=1","jetpack_sharing_enabled":true,"_links":{"self":[{"href":"https:\/\/cdnoticias.com\/index.php\/wp-json\/wp\/v2\/posts\/131422","targetHints":{"allow":["GET"]}}],"collection":[{"href":"https:\/\/cdnoticias.com\/index.php\/wp-json\/wp\/v2\/posts"}],"about":[{"href":"https:\/\/cdnoticias.com\/index.php\/wp-json\/wp\/v2\/types\/post"}],"author":[{"embeddable":true,"href":"https:\/\/cdnoticias.com\/index.php\/wp-json\/wp\/v2\/users\/4"}],"replies":[{"embeddable":true,"href":"https:\/\/cdnoticias.com\/index.php\/wp-json\/wp\/v2\/comments?post=131422"}],"version-history":[{"count":0,"href":"https:\/\/cdnoticias.com\/index.php\/wp-json\/wp\/v2\/posts\/131422\/revisions"}],"wp:featuredmedia":[{"embeddable":true,"href":"https:\/\/cdnoticias.com\/index.php\/wp-json\/wp\/v2\/media\/51544"}],"wp:attachment":[{"href":"https:\/\/cdnoticias.com\/index.php\/wp-json\/wp\/v2\/media?parent=131422"}],"wp:term":[{"taxonomy":"category","embeddable":true,"href":"https:\/\/cdnoticias.com\/index.php\/wp-json\/wp\/v2\/categories?post=131422"},{"taxonomy":"post_tag","embeddable":true,"href":"https:\/\/cdnoticias.com\/index.php\/wp-json\/wp\/v2\/tags?post=131422"}],"curies":[{"name":"wp","href":"https:\/\/api.w.org\/{rel}","templated":true}]}}