{"id":131392,"date":"2024-11-27T18:16:35","date_gmt":"2024-11-27T21:16:35","guid":{"rendered":"https:\/\/cdnoticias.com\/?p=131392"},"modified":"2024-11-27T20:32:41","modified_gmt":"2024-11-27T23:32:41","slug":"celeste-arouxet-quien-esta-atras-de-eso-se-corre-de-la-estructura-organica-de-la-libertad-avanza","status":"publish","type":"post","link":"https:\/\/cdnoticias.com\/index.php\/2024\/11\/27\/celeste-arouxet-quien-esta-atras-de-eso-se-corre-de-la-estructura-organica-de-la-libertad-avanza\/","title":{"rendered":"Celeste Arouxet: \u201cquien est\u00e1 atr\u00e1s de eso, se corre de la estructura org\u00e1nica de La Libertad Avanza\u201d"},"content":{"rendered":"\n<p>Respondi\u00f3 sobre la presentaci\u00f3n de Por M\u00e1s Libertad: \u201cme llam\u00f3 much\u00edsimo la atenci\u00f3n\u201d. Dijo que no estaba al tanto de la conformaci\u00f3n y desminti\u00f3 algunas afirmaciones del sector alternativo.<\/p>\n\n\n\n<!--more-->\n\n\n\n<p><em><strong>\u201cComo coordinadora distrital de Olavarr\u00eda en ning\u00fan momento estuve al tanto de este armado\u201d<\/strong><\/em> afirm\u00f3 Celeste Arouxet en el programa<strong> Levantate por Radio Sapiens <\/strong>tras la presentaci\u00f3n de Por M\u00e1s Libertad que integran los concejales Marcelo Petehs y Adela Casamayor quienes definieron su sector como \u201cuna alternativa de La Libertad Avanza\u201d.<\/p>\n\n\n\n<figure class=\"wp-block-embed is-type-wp-embed is-provider-central-de-noticias-olavarr-a wp-block-embed-central-de-noticias-olavarr-a\"><div class=\"wp-block-embed__wrapper\">\n<blockquote class=\"wp-embedded-content\" data-secret=\"AbqbXDPDnI\"><a href=\"https:\/\/cdnoticias.com\/index.php\/2024\/11\/26\/por-mas-libertad-una-linea-alternativa-de-lla-a-nosotros-nos-saco-la-dedocracia\/\">Por M\u00e1s Libertad, una l\u00ednea alternativa de LLA: \u201cA nosotros nos sac\u00f3 la dedocracia\u201d<\/a><\/blockquote><iframe loading=\"lazy\" class=\"wp-embedded-content\" sandbox=\"allow-scripts\" security=\"restricted\" style=\"position: absolute; visibility: hidden;\" title=\"&#8220;Por M\u00e1s Libertad, una l\u00ednea alternativa de LLA: \u201cA nosotros nos sac\u00f3 la dedocracia\u201d&#8221; &#8212; Central de Noticias | Olavarr\u00eda\" src=\"https:\/\/cdnoticias.com\/index.php\/2024\/11\/26\/por-mas-libertad-una-linea-alternativa-de-lla-a-nosotros-nos-saco-la-dedocracia\/embed\/#?secret=8Rh6iFNveE#?secret=AbqbXDPDnI\" data-secret=\"AbqbXDPDnI\" width=\"600\" height=\"338\" frameborder=\"0\" marginwidth=\"0\" marginheight=\"0\" scrolling=\"no\"><\/iframe>\n<\/div><\/figure>\n\n\n\n<p>La referente de La Libertad Avanza en el plano local expres\u00f3 que <strong>el comunicado donde se inform\u00f3 sobre el nuevo sector <em>\u201cel s\u00e1bado, la verdad, me llam\u00f3 much\u00edsimo la atenci\u00f3n el haber armado este espacio, ceder una presidencia en la oposici\u00f3n del Concejo Deliberante\u201d.<\/em><\/strong><\/p>\n\n\n\n<blockquote class=\"wp-block-quote is-layout-flow wp-block-quote-is-layout-flow\">\n<p>\u201cEl \u00fanico bloque que representa a Javier Milei dentro de La Libertad Avanza es el bloque integrado por Oliver Gamondi y Paola Odello. Hasta el momento, porque no recib\u00ed comunicaci\u00f3n de ning\u00fan otro armado\u201d sostuvo.<\/p>\n<\/blockquote>\n\n\n\n<p>Cont\u00f3 que <strong>en la previa se impuls\u00f3 una propuesta para formar un interbloque en el HCD con la participaci\u00f3n de los dos unibloques de los concejales disidentes y el bloque de La Libertad Avanza, pero que no recibieron respuesta<\/strong>. <em>\u201cFue una decisi\u00f3n del equipo de trabajo, de Sebasti\u00e1n Pareja, de Alejandro Carrancio y de nosotros de convocar a las dos personas que se hab\u00edan retirado del espacio a un interbloque. El jueves fue el \u00faltimo d\u00eda despu\u00e9s de esperar m\u00e1s de una semana una respuesta. Se le envi\u00f3 un mail donde nos ten\u00edan que informar la decisi\u00f3n\u201d <\/em>indic\u00f3 Arouxet. En ese pasaje, <strong>adem\u00e1s contradijo al concejal Petehs quien en la conferencia dijo que esa propuesta hab\u00eda sido \u201cpersonal\u201d desde otro de los referentes libertarios. La coordinadora regional de Anses aclar\u00f3 que \u201cno escuch\u00f3\u201d la conferencia.<\/strong><\/p>\n\n\n\n<p>Explic\u00f3 que la propuesta consist\u00eda en<em> \u201carmar un interbloque donde cada uno manten\u00eda su presidencia. Hoy por hoy ser\u00eda un interbloque con tres presidentes dentro de Labor Parlamentaria. M\u00e1s el presidente del radicalismo, M\u00e1s que el presidente del Pro. Con lo cual es la oposici\u00f3n fuerte frente a lo que es el kirchnerismo\u201d.<\/em><\/p>\n\n\n\n<p>Inform\u00f3 que<em><strong> \u201cnunca tuvimos una respuesta\u201d<\/strong><\/em> y que, con ello, <strong>no estaba al tanto de la conformaci\u00f3n de Por M\u00e1s Libertad<\/strong>, <em>\u201cme comuniqu\u00e9 con Sebasti\u00e1n (Pareja) con Alejandro Carrancio. Ellos tampoco estuvieron al tanto\u201d.<\/em><\/p>\n\n\n\n<figure class=\"wp-block-image size-full\"><img data-recalc-dims=\"1\" loading=\"lazy\" decoding=\"async\" width=\"800\" height=\"445\" src=\"https:\/\/i0.wp.com\/cdnoticias.com\/wp-content\/uploads\/2024\/08\/ahora-olavarria-la-libertad-avanza-00-celeste-arouxet-oliver-gamondi-adela-casamayor-paola-odello.jpg?resize=800%2C445&#038;ssl=1\" alt=\"\" class=\"wp-image-122535\" srcset=\"https:\/\/i0.wp.com\/cdnoticias.com\/wp-content\/uploads\/2024\/08\/ahora-olavarria-la-libertad-avanza-00-celeste-arouxet-oliver-gamondi-adela-casamayor-paola-odello.jpg?w=1000&amp;ssl=1 1000w, https:\/\/i0.wp.com\/cdnoticias.com\/wp-content\/uploads\/2024\/08\/ahora-olavarria-la-libertad-avanza-00-celeste-arouxet-oliver-gamondi-adela-casamayor-paola-odello.jpg?resize=300%2C167&amp;ssl=1 300w, https:\/\/i0.wp.com\/cdnoticias.com\/wp-content\/uploads\/2024\/08\/ahora-olavarria-la-libertad-avanza-00-celeste-arouxet-oliver-gamondi-adela-casamayor-paola-odello.jpg?resize=768%2C427&amp;ssl=1 768w, https:\/\/i0.wp.com\/cdnoticias.com\/wp-content\/uploads\/2024\/08\/ahora-olavarria-la-libertad-avanza-00-celeste-arouxet-oliver-gamondi-adela-casamayor-paola-odello.jpg?resize=800%2C445&amp;ssl=1 800w\" sizes=\"auto, (max-width: 800px) 100vw, 800px\" \/><\/figure>\n\n\n\n<p>Celeste Arouxet sostuvo que<em> \u201cac\u00e1 la idea es que La Libertad Avanza crezca. Si estas personas est\u00e1n dispuestas a trabajar para el equipo del presidente Javier Milei, como corresponde de manera org\u00e1nica, respetando las estructuras, respetando el formalismo, bienvenidos sean ellos y todos aquellos que quieran hacer un buen trabajo. <strong>Las diferencias personales van a existir como existen en todo \u00e1mbito del trabajo. Pero si la idea es sumar, sumemos de verdad<\/strong>\u201d.<\/em><\/p>\n\n\n\n<p>Su planteo fue un mensaje para el nuevo sector local, que <em><strong>\u201crespeten las estructuras que est\u00e1n armadas y que te guste o no te guste, ten\u00e9s que respetar. V\u00eda mail, comunicado, v\u00eda WhatsApp, por cualquier medio de comunicaci\u00f3n, creo que eso hay que respetarlo. As\u00ed que desde nuestro lugar, esperando a ver c\u00f3mo contin\u00faan las cosas\u201d.<\/strong><\/em><\/p>\n\n\n\n<p>Arouxet hizo hincapi\u00e9 en que la l\u00ednea de conducci\u00f3n que ella sigue no estaba al tanto del armado,<em> \u201cquien est\u00e1 atr\u00e1s de eso, se corre de la estructura org\u00e1nica de La Libertad Avanza. Sobre todo se menciona el presidente del partido, Sebasti\u00e1n Pareja, con una aprobaci\u00f3n expl\u00edcita que no existi\u00f3. Por eso esperemos un cambio de actitud, esperemos que se respeten las formas\u201d.<\/em><\/p>\n\n\n\n<p>Tambi\u00e9n respondi\u00f3 a las cr\u00edticas a la conducci\u00f3n que expresaron desde M\u00e1s Libertad Olavarr\u00eda. <strong>Cont\u00f3 las actividades partidarias que se realizan en Olavarr\u00eda, con diferentes sectores y acciones, para sostener que<em> \u201cni Celeste, ni La Libertad Avanza Olavarr\u00eda est\u00e1n cerradas. Estamos abiertos a construir una pol\u00edtica nueva, pero nueva de verdad. Con valores, con estructuras, con un respeto por las formas, con un respeto por los referentes\u201d.<\/em><\/strong><\/p>\n\n\n\n<p>Durante la entrevista radial, la dirigente fue consultada por la incorporaci\u00f3n de Carola Patan\u00e9 a LLA.<em><strong> \u201cEl a\u00f1o pasado \u00e9ramos muy poquitos, muy pocas personas se sumaban porque \u00e9ramos los locos, \u00edbamos con una utop\u00eda. Hoy por hoy es m\u00e1s sencillo decir soy parte de La Libertad Avanza\u201d<\/strong><\/em> dijo en la primera parte de su respuesta.<\/p>\n\n\n\n<p>Sigui\u00f3 con la invitaci\u00f3n para sumarse a la militancia libertaria: <em>\u201cla idea es esta: trabajar pero no para un lugar ni para un puesto, trabajar para la gente. Con el nombre que tengan que se sume todo aquel afiliado que quiera formar parte, pero como un afiliado m\u00e1s se tiene que demostrar la militancia, el trabajo y sobre todo coincidir con la idea del Presidente. Porque tambi\u00e9n pasa eso, con el caballo ganador quiz\u00e1s todo es m\u00e1s sencillo\u201d.<\/em><\/p>\n\n\n\n<p><em><strong>\u201cDa gusto lo que se est\u00e1 logrando y estoy segura de que se va a lograr much\u00edsimo m\u00e1s. Pero sumando gente con ganas de cambiar la pol\u00edtica de verdad\u201d<\/strong><\/em> defini\u00f3.<\/p>\n\n\n\n<p class=\"has-large-font-size\">Las conversaciones con el Pro<\/p>\n\n\n\n<figure class=\"wp-block-image size-large\"><img data-recalc-dims=\"1\" loading=\"lazy\" decoding=\"async\" width=\"800\" height=\"450\" src=\"https:\/\/i0.wp.com\/cdnoticias.com\/wp-content\/uploads\/2023\/11\/ezequiel-galli4.jpg?resize=800%2C450&#038;ssl=1\" alt=\"\" class=\"wp-image-102792\" srcset=\"https:\/\/i0.wp.com\/cdnoticias.com\/wp-content\/uploads\/2023\/11\/ezequiel-galli4-scaled.jpg?resize=1024%2C576&amp;ssl=1 1024w, https:\/\/i0.wp.com\/cdnoticias.com\/wp-content\/uploads\/2023\/11\/ezequiel-galli4-scaled.jpg?resize=300%2C169&amp;ssl=1 300w, https:\/\/i0.wp.com\/cdnoticias.com\/wp-content\/uploads\/2023\/11\/ezequiel-galli4-scaled.jpg?resize=768%2C432&amp;ssl=1 768w, https:\/\/i0.wp.com\/cdnoticias.com\/wp-content\/uploads\/2023\/11\/ezequiel-galli4-scaled.jpg?resize=1536%2C864&amp;ssl=1 1536w, https:\/\/i0.wp.com\/cdnoticias.com\/wp-content\/uploads\/2023\/11\/ezequiel-galli4-scaled.jpg?resize=2048%2C1152&amp;ssl=1 2048w, https:\/\/i0.wp.com\/cdnoticias.com\/wp-content\/uploads\/2023\/11\/ezequiel-galli4-scaled.jpg?w=1600&amp;ssl=1 1600w, https:\/\/i0.wp.com\/cdnoticias.com\/wp-content\/uploads\/2023\/11\/ezequiel-galli4-scaled.jpg?w=2400&amp;ssl=1 2400w\" sizes=\"auto, (max-width: 800px) 100vw, 800px\" \/><\/figure>\n\n\n\n<p>Arouxet tambi\u00e9n respondi\u00f3 sobre<strong> las reuniones que desde LLA mantienen con dirigentes del PRO de Olavarr\u00eda.<\/strong><\/p>\n\n\n\n<p><em>\u201cLa idea es ser una oposici\u00f3n fuerte frente a La C\u00e1mpora y sacar a Olavarr\u00eda adelante. Con los errores y los aciertos que los dos espacios cometimos, dejando los personalismos de lado. Ni yo soy LLA ni Ezequiel es el Pro\u201d<\/em> expres\u00f3.<\/p>\n\n\n\n<p>Plante\u00f3 que ambos sectores tienen en cuenta que <strong><em>\u201chay decisiones que no dependen de lo local\u201d,<\/em><\/strong> y a\u00fan as\u00ed<em> \u201ctrabajamos de una manera respetuosa\u201d. \u201cComo lo dijimos tantas veces, del error se construye y creo que los dos hemos cometido muchos errores pero tenemos que mirar adelante si la idea es construir en pol\u00edtica<\/em>\u201d indic\u00f3.<\/p>\n","protected":false},"excerpt":{"rendered":"<p>Respondi\u00f3 sobre la presentaci\u00f3n de Por M\u00e1s Libertad: \u201cme llam\u00f3 much\u00edsimo la atenci\u00f3n\u201d. Dijo que no estaba al tanto de<\/p>\n","protected":false},"author":2,"featured_media":99412,"comment_status":"closed","ping_status":"closed","sticky":false,"template":"","format":"standard","meta":{"_jetpack_memberships_contains_paid_content":false,"footnotes":""},"categories":[4,1],"tags":[],"class_list":["post-131392","post","type-post","status-publish","format-standard","has-post-thumbnail","hentry","category-politica","category-portada"],"jetpack_featured_media_url":"https:\/\/i0.wp.com\/cdnoticias.com\/wp-content\/uploads\/2023\/10\/celeste-arouxet-05.jpg?fit=800%2C445&ssl=1","jetpack_sharing_enabled":true,"_links":{"self":[{"href":"https:\/\/cdnoticias.com\/index.php\/wp-json\/wp\/v2\/posts\/131392","targetHints":{"allow":["GET"]}}],"collection":[{"href":"https:\/\/cdnoticias.com\/index.php\/wp-json\/wp\/v2\/posts"}],"about":[{"href":"https:\/\/cdnoticias.com\/index.php\/wp-json\/wp\/v2\/types\/post"}],"author":[{"embeddable":true,"href":"https:\/\/cdnoticias.com\/index.php\/wp-json\/wp\/v2\/users\/2"}],"replies":[{"embeddable":true,"href":"https:\/\/cdnoticias.com\/index.php\/wp-json\/wp\/v2\/comments?post=131392"}],"version-history":[{"count":0,"href":"https:\/\/cdnoticias.com\/index.php\/wp-json\/wp\/v2\/posts\/131392\/revisions"}],"wp:featuredmedia":[{"embeddable":true,"href":"https:\/\/cdnoticias.com\/index.php\/wp-json\/wp\/v2\/media\/99412"}],"wp:attachment":[{"href":"https:\/\/cdnoticias.com\/index.php\/wp-json\/wp\/v2\/media?parent=131392"}],"wp:term":[{"taxonomy":"category","embeddable":true,"href":"https:\/\/cdnoticias.com\/index.php\/wp-json\/wp\/v2\/categories?post=131392"},{"taxonomy":"post_tag","embeddable":true,"href":"https:\/\/cdnoticias.com\/index.php\/wp-json\/wp\/v2\/tags?post=131392"}],"curies":[{"name":"wp","href":"https:\/\/api.w.org\/{rel}","templated":true}]}}