{"id":131389,"date":"2024-11-27T18:05:56","date_gmt":"2024-11-27T21:05:56","guid":{"rendered":"https:\/\/cdnoticias.com\/?p=131389"},"modified":"2024-11-27T18:05:58","modified_gmt":"2024-11-27T21:05:58","slug":"charla-abierta-con-sergio-maravilla-martinez","status":"publish","type":"post","link":"https:\/\/cdnoticias.com\/index.php\/2024\/11\/27\/charla-abierta-con-sergio-maravilla-martinez\/","title":{"rendered":"Charla abierta con Sergio \u201cMaravilla\u201d Mart\u00ednez"},"content":{"rendered":"\n<p>Ser\u00e1 este mi\u00e9rcoles en el Sal\u00f3n Rivadavia. La propuesta es con entrada libre y gratuita.<\/p>\n\n\n\n<hr class=\"wp-block-separator aligncenter has-alpha-channel-opacity\"\/>\n\n\n\n<p>Este <strong>mi\u00e9rcoles a partir de las 20 horas,<\/strong> se llevar\u00e1 a cabo una <strong>charla abierta con el ex campe\u00f3n del mundo de box Sergio \u201cMaravilla Mart\u00ednez\u201d<\/strong>, en el <strong>Sal\u00f3n Rivadavia.<\/strong> La propuesta est\u00e1 organizada por Radio M 103.9 con el acompa\u00f1amiento de la Municipalidad de Olavarr\u00eda y es con<strong> entrada libre y gratuita.\u00a0<\/strong><\/p>\n\n\n\n<p><\/p>\n\n\n\n<blockquote class=\"wp-block-quote is-layout-flow wp-block-quote-is-layout-flow\">\n<p>La ocasi\u00f3n servir\u00e1 no s\u00f3lo para ver y escuchar de cerca a una de las personalidades m\u00e1s destacadas del deporte nacional de las \u00faltimas d\u00e9cadas, sino tambi\u00e9n conocer m\u00e1s acerca de su trayectoria, su metodolog\u00eda de trabajo, experiencia y disciplina, como as\u00ed tambi\u00e9n an\u00e9cdotas y aprendizajes.<\/p>\n<\/blockquote>\n\n\n\n<p><\/p>\n\n\n\n<p>Sergio \u201cMaravilla\u201d Mart\u00ednez fue campe\u00f3n del mundo en peso mediano y superwelter, siendo considerado adem\u00e1s en dos ocasiones (2010 y 2012) como mejor boxeador del a\u00f1o por el Consejo Mundial de Box (CMB). Protagoniz\u00f3 numerosas veladas que le valieron el reconocimiento de fans de todo el mundo, que al d\u00eda de hoy lo siguen en cada aparici\u00f3n p\u00fablica.<\/p>\n","protected":false},"excerpt":{"rendered":"<p>Ser\u00e1 este mi\u00e9rcoles en el Sal\u00f3n Rivadavia. La propuesta es con entrada libre y gratuita. Este mi\u00e9rcoles a partir de<\/p>\n","protected":false},"author":6,"featured_media":131390,"comment_status":"closed","ping_status":"closed","sticky":false,"template":"","format":"standard","meta":{"_jetpack_memberships_contains_paid_content":false,"footnotes":""},"categories":[5,1],"tags":[],"class_list":["post-131389","post","type-post","status-publish","format-standard","has-post-thumbnail","hentry","category-informacion-general","category-portada"],"jetpack_featured_media_url":"https:\/\/i0.wp.com\/cdnoticias.com\/wp-content\/uploads\/2024\/11\/maravilla-martinez.jpg?fit=760%2C428&ssl=1","jetpack_sharing_enabled":true,"_links":{"self":[{"href":"https:\/\/cdnoticias.com\/index.php\/wp-json\/wp\/v2\/posts\/131389","targetHints":{"allow":["GET"]}}],"collection":[{"href":"https:\/\/cdnoticias.com\/index.php\/wp-json\/wp\/v2\/posts"}],"about":[{"href":"https:\/\/cdnoticias.com\/index.php\/wp-json\/wp\/v2\/types\/post"}],"author":[{"embeddable":true,"href":"https:\/\/cdnoticias.com\/index.php\/wp-json\/wp\/v2\/users\/6"}],"replies":[{"embeddable":true,"href":"https:\/\/cdnoticias.com\/index.php\/wp-json\/wp\/v2\/comments?post=131389"}],"version-history":[{"count":0,"href":"https:\/\/cdnoticias.com\/index.php\/wp-json\/wp\/v2\/posts\/131389\/revisions"}],"wp:featuredmedia":[{"embeddable":true,"href":"https:\/\/cdnoticias.com\/index.php\/wp-json\/wp\/v2\/media\/131390"}],"wp:attachment":[{"href":"https:\/\/cdnoticias.com\/index.php\/wp-json\/wp\/v2\/media?parent=131389"}],"wp:term":[{"taxonomy":"category","embeddable":true,"href":"https:\/\/cdnoticias.com\/index.php\/wp-json\/wp\/v2\/categories?post=131389"},{"taxonomy":"post_tag","embeddable":true,"href":"https:\/\/cdnoticias.com\/index.php\/wp-json\/wp\/v2\/tags?post=131389"}],"curies":[{"name":"wp","href":"https:\/\/api.w.org\/{rel}","templated":true}]}}