{"id":131377,"date":"2024-11-28T08:17:20","date_gmt":"2024-11-28T11:17:20","guid":{"rendered":"https:\/\/cdnoticias.com\/?p=131377"},"modified":"2024-11-28T08:17:21","modified_gmt":"2024-11-28T11:17:21","slug":"abracemos-cultura-muestra-anual-de-las-escuelas-artisticas-municipales","status":"publish","type":"post","link":"https:\/\/cdnoticias.com\/index.php\/2024\/11\/28\/abracemos-cultura-muestra-anual-de-las-escuelas-artisticas-municipales\/","title":{"rendered":"\u201cAbracemos Cultura\u201d: Muestra Anual de las Escuelas Art\u00edsticas Municipales"},"content":{"rendered":"\n<p>Se realizar\u00e1 los d\u00edas 29 y 30 de noviembre, y el 1 de diciembre en la Casa del Bicentenario.<\/p>\n\n\n\n<hr class=\"wp-block-separator has-alpha-channel-opacity\"\/>\n\n\n\n<p>Desde la Subsecretar\u00eda de Cultura y Educaci\u00f3n se invit\u00f3 a participar de la<strong> Muestra Anual de las Escuelas Art\u00edsticas Municipales \u201cAbracemos Cultura\u201d que re\u00fane distintas disciplinas.<\/strong><\/p>\n\n\n\n<p><\/p>\n\n\n\n<p>Con el objetivo de visibilizar el trabajo que se realiza durante todo el a\u00f1o desde el Municipio en educaci\u00f3n inclusiva en la rama art\u00edstica se llevar\u00e1 a cabo dicho encuentro <strong>los d\u00edas 29, 30 de noviembre y 1\u00ba de diciembre, de 18 a 21 horas, en Casa del Bicentenario.<\/strong><\/p>\n\n\n\n<p><\/p>\n\n\n\n<p><strong>El evento \u2013con entrada libre y gratuita- contar\u00e1 con distintas propuestas en simult\u00e1neo<\/strong>, en el interior se podr\u00e1 recorrer una muestra est\u00e1tica minimalista con trabajos realizados en el transcurso de a\u00f1o.<\/p>\n\n\n\n<p><\/p>\n\n\n\n<p>En la <strong>sala central<\/strong> de la Casa del Bicentenario habr\u00e1 obras teatrales a cargo de la Escuela Municipal de teatro y propuestas de distintas disciplinas de la Escuela municipal de danzas.<\/p>\n\n\n\n<p><\/p>\n\n\n\n<p>En la <strong>sala anexa<\/strong> funcionar\u00e1 un taller literario al paso a cargo de la Escuela Literaria Alfonsina.<\/p>\n\n\n\n<p><\/p>\n\n\n\n<p>En el <strong>exterior <\/strong>bajo las escalinatas se podr\u00e1n recorrer distintas muestras activas itinerantes a cargo de la Escuela Municipal de M\u00fasica \u201cHermanos Rossi\u201d y de la Escuela Municipal de Danzas, con un amplio abanico de estilos.<\/p>\n\n\n\n<p><\/p>\n\n\n\n<p>En el <strong>per\u00edmetro exterior<\/strong> del edificio se llevar\u00e1 a cabo una muestra interactiva con diferentes actividades y juegos, como as\u00ed tambi\u00e9n talleres al paso y muestra de procesos de creaci\u00f3n, con la participaci\u00f3n de la Escuela de Artes Pl\u00e1sticas \u201cLeopoldo Bocazzi\u201d, Escuela de Artes Pl\u00e1sticas de Sierras Bayas, Escuela de Orfebrer\u00eda y Artesan\u00edas Tradicionales \u201cMaestro Armando Ferreira\u201d, Escuela de Cer\u00e1mica Olavarr\u00eda \u201cV\u00edctor Portarrieu\u201d, Escuela de Cer\u00e1mica Sierras Bayas y Escuela de Danzas.<\/p>\n\n\n\n<p><\/p>\n\n\n\n<figure class=\"wp-block-image size-full\"><img data-recalc-dims=\"1\" loading=\"lazy\" decoding=\"async\" width=\"800\" height=\"800\" src=\"https:\/\/i0.wp.com\/cdnoticias.com\/wp-content\/uploads\/2024\/11\/Abracemos-Cultura-1024x1024-1.jpeg?resize=800%2C800&#038;ssl=1\" alt=\"\" class=\"wp-image-131378\" srcset=\"https:\/\/i0.wp.com\/cdnoticias.com\/wp-content\/uploads\/2024\/11\/Abracemos-Cultura-1024x1024-1.jpeg?w=800&amp;ssl=1 800w, https:\/\/i0.wp.com\/cdnoticias.com\/wp-content\/uploads\/2024\/11\/Abracemos-Cultura-1024x1024-1.jpeg?resize=300%2C300&amp;ssl=1 300w, https:\/\/i0.wp.com\/cdnoticias.com\/wp-content\/uploads\/2024\/11\/Abracemos-Cultura-1024x1024-1.jpeg?resize=150%2C150&amp;ssl=1 150w, https:\/\/i0.wp.com\/cdnoticias.com\/wp-content\/uploads\/2024\/11\/Abracemos-Cultura-1024x1024-1.jpeg?resize=768%2C768&amp;ssl=1 768w\" sizes=\"auto, (max-width: 800px) 100vw, 800px\" \/><\/figure>\n\n\n\n<p><\/p>\n\n\n\n<p><strong>Viernes 29 noviembre<\/strong><\/p>\n\n\n\n<p>18 a 21 horas<br>Muestra en el interior de la Casa del Bicentenario<\/p>\n\n\n\n<p>18 horas<br>Taller Literario al paso (sala interior anexa)<\/p>\n\n\n\n<p>Trabajo de Escuela de Orfebrer\u00eda (exterior)<\/p>\n\n\n\n<p>Talleres al paso Escuela de Artes Pl\u00e1sticas (exterior)<\/p>\n\n\n\n<p>Trabajo de la Escuela de Cer\u00e1mica (exterior)<\/p>\n\n\n\n<p>Ensamble de Escuela de Cer\u00e1mica Sierras Bayas y Taller de Marroquiner\u00eda<\/p>\n\n\n\n<p>Taller al paso de dibujo infantil (exterior)<\/p>\n\n\n\n<p>Intervenci\u00f3n de la Escuela de Ajedrez (exterior)<\/p>\n\n\n\n<p>Ensamble de Escuela de Artes Pl\u00e1sticas y Danzas Indias (exterior escalinatas)<\/p>\n\n\n\n<p>18:45 horas<br>Intervenci\u00f3n Danzas Alemanas (invitaci\u00f3n a la danza)<\/p>\n\n\n\n<p>19:20 horas<br>Presentaci\u00f3n Danzas Indias<\/p>\n\n\n\n<p>19:45 horas<br>Presentaci\u00f3n Escuela de M\u00fasica<\/p>\n\n\n\n<p>Ensamble folclore<\/p>\n\n\n\n<p>Ensamble de saxos<\/p>\n\n\n\n<p><\/p>\n\n\n\n<p><strong>S\u00e1bado 30 noviembre<\/strong><\/p>\n\n\n\n<p>18 a 21 horas<br>Muestra en el interior de la Casa del Bicentenario<\/p>\n\n\n\n<p>18 horas<br>Trabajo de Escuela de Orfebrer\u00eda (exterior)<\/p>\n\n\n\n<p>Talleres al paso de la Escuela de Artes Pl\u00e1sticas (exterior)<\/p>\n\n\n\n<p>Ensamble de la Escuela de Cer\u00e1mica Sierras Bayas y Taller de Marroquiner\u00eda<\/p>\n\n\n\n<p>Taller al paso de Dibujo Infantil (exterior)<\/p>\n\n\n\n<p>Intervenci\u00f3n de la Escuela de Ajedrez (sala interior anexa)<\/p>\n\n\n\n<p>Intervenci\u00f3n Danzas Indias Festival Holy<\/p>\n\n\n\n<p>18:30 horas<br>Presentaci\u00f3n Danzas Folcl\u00f3ricas (Ana Paladini)<\/p>\n\n\n\n<p>18:45 horas<br>Presentaci\u00f3n Danzas \u00c1rabes<\/p>\n\n\n\n<p>19 horas<br>Obra teatral (Flavia Salto) en sala central interior<\/p>\n\n\n\n<p>19:40 horas<br>Intervenci\u00f3n salsa y bachata<\/p>\n\n\n\n<p>20 horas<br>Presentaci\u00f3n Escuela de M\u00fasica<\/p>\n\n\n\n<p>Ensamble de Rock<\/p>\n\n\n\n<p>Ensamble \u201cVa de nuevo\u201d<\/p>\n\n\n\n<p>Ensamble \u201cFive o\u2019 clock\u201d<\/p>\n\n\n\n<p><\/p>\n\n\n\n<p><strong>Domingo 1 diciembre<\/strong><\/p>\n\n\n\n<p>18 a 21 horas<br>Muestra en el interior de la Casa del Bicentenario<\/p>\n\n\n\n<p>18 horas<br>Taller Literario al paso (sala interior anexa)<\/p>\n\n\n\n<p>Trabajo de Escuela de Orfebrer\u00eda (exterior)<\/p>\n\n\n\n<p>Talleres al paso de Escuela de Artes Pl\u00e1sticas (exterior)<\/p>\n\n\n\n<p>Taller al paso de dibujo infantil (exterior)<\/p>\n\n\n\n<p>Obra Teatral (Victoria Reyes Benz) en sala central interior<\/p>\n\n\n\n<p>18:40 horas<br>Presentaci\u00f3n Danza Folcl\u00f3rica infantil<\/p>\n\n\n\n<p>18:50 horas<br>Presentaci\u00f3n Danza Folcl\u00f3rica adultos (Delia Ortega)<\/p>\n\n\n\n<p>19 horas<br>Invitaci\u00f3n a la danza tango (sala central interior)<\/p>\n\n\n\n<p>19 horas<br>Presentaci\u00f3n Danza Tap Americano (exterior tarimas)<\/p>\n\n\n\n<p>19:10 horas<br>Presentaci\u00f3n Danzas Folcl\u00f3ricas (Juan Jos\u00e9 Rivas)<\/p>\n\n\n\n<p>19:20 horas<br>Intervenci\u00f3n Danzas Folcl\u00f3ricas (Yanina Sanabria \u2013 Delia Ortega), invitaci\u00f3n a la danza.<\/p>\n\n\n\n<p>19:50 horas<br>Presentaci\u00f3n Escuela de M\u00fasica<\/p>\n\n\n\n<p>Alumnos de bajo y bater\u00eda<\/p>\n\n\n\n<p>Canto y percusi\u00f3n<\/p>\n\n\n\n<p>Canto<\/p>\n\n\n\n<p>Interdisciplinario canto \u2013 grupo<\/p>\n","protected":false},"excerpt":{"rendered":"<p>Se realizar\u00e1 los d\u00edas 29 y 30 de noviembre, y el 1 de diciembre en la Casa del Bicentenario. Desde<\/p>\n","protected":false},"author":2,"featured_media":50363,"comment_status":"closed","ping_status":"closed","sticky":false,"template":"","format":"standard","meta":{"_jetpack_memberships_contains_paid_content":false,"footnotes":""},"categories":[9,1],"tags":[],"class_list":["post-131377","post","type-post","status-publish","format-standard","has-post-thumbnail","hentry","category-cultura","category-portada"],"jetpack_featured_media_url":"https:\/\/i0.wp.com\/cdnoticias.com\/wp-content\/uploads\/2022\/03\/Casa-del-Bicentenario-Drone.jpg?fit=800%2C445&ssl=1","jetpack_sharing_enabled":true,"_links":{"self":[{"href":"https:\/\/cdnoticias.com\/index.php\/wp-json\/wp\/v2\/posts\/131377","targetHints":{"allow":["GET"]}}],"collection":[{"href":"https:\/\/cdnoticias.com\/index.php\/wp-json\/wp\/v2\/posts"}],"about":[{"href":"https:\/\/cdnoticias.com\/index.php\/wp-json\/wp\/v2\/types\/post"}],"author":[{"embeddable":true,"href":"https:\/\/cdnoticias.com\/index.php\/wp-json\/wp\/v2\/users\/2"}],"replies":[{"embeddable":true,"href":"https:\/\/cdnoticias.com\/index.php\/wp-json\/wp\/v2\/comments?post=131377"}],"version-history":[{"count":0,"href":"https:\/\/cdnoticias.com\/index.php\/wp-json\/wp\/v2\/posts\/131377\/revisions"}],"wp:featuredmedia":[{"embeddable":true,"href":"https:\/\/cdnoticias.com\/index.php\/wp-json\/wp\/v2\/media\/50363"}],"wp:attachment":[{"href":"https:\/\/cdnoticias.com\/index.php\/wp-json\/wp\/v2\/media?parent=131377"}],"wp:term":[{"taxonomy":"category","embeddable":true,"href":"https:\/\/cdnoticias.com\/index.php\/wp-json\/wp\/v2\/categories?post=131377"},{"taxonomy":"post_tag","embeddable":true,"href":"https:\/\/cdnoticias.com\/index.php\/wp-json\/wp\/v2\/tags?post=131377"}],"curies":[{"name":"wp","href":"https:\/\/api.w.org\/{rel}","templated":true}]}}