{"id":131351,"date":"2024-11-27T10:04:56","date_gmt":"2024-11-27T13:04:56","guid":{"rendered":"https:\/\/cdnoticias.com\/?p=131351"},"modified":"2024-11-27T10:37:55","modified_gmt":"2024-11-27T13:37:55","slug":"oficializan-la-implementacion-de-la-cedula-azul-digital-en-la-app-mi-argentina","status":"publish","type":"post","link":"https:\/\/cdnoticias.com\/index.php\/2024\/11\/27\/oficializan-la-implementacion-de-la-cedula-azul-digital-en-la-app-mi-argentina\/","title":{"rendered":"Oficializan la implementaci\u00f3n de la c\u00e9dula azul digital en la app Mi Argentina"},"content":{"rendered":"\n<p>El Gobierno dio luz verde a las reglamentaciones pendientes para poder habilitar a terceros a conducir un veh\u00edculo por la aplicaci\u00f3n oficial.<\/p>\n\n\n\n<hr class=\"wp-block-separator has-alpha-channel-opacity\"\/>\n\n\n\n<p>El Gobierno <strong>reglament\u00f3 formalmente la implementaci\u00f3n de la c\u00e9dula azul digital en la aplicaci\u00f3n Mi Argentina.<\/strong> Lo hizo a trav\u00e9s de la disposici\u00f3n 343\/2024, publicada este mi\u00e9rcoles en el Bolet\u00edn Oficial.<\/p>\n\n\n\n<p><\/p>\n\n\n\n<p>Este avance, que ya hab\u00eda sido anunciado en mayo de este a\u00f1o, <strong>permite que los titulares registrales habiliten a terceros para conducir sus veh\u00edculos de manera remota, con la idea de \u201csimplificar los tr\u00e1mites y promover la digitalizaci\u00f3n\u201d de la documentaci\u00f3n vehicular.<\/strong><\/p>\n\n\n\n<p><\/p>\n\n\n\n<p>Entre las medidas adoptadas se incluye la <strong>digitalizaci\u00f3n de todos los legajos vehiculares, la eliminaci\u00f3n de registros f\u00edsicos y el cierre del 40% de los Registros del Automotor en el pa\u00eds.<\/strong><\/p>\n\n\n\n<p><\/p>\n\n\n\n<p>Seg\u00fan se detalla en la norma, la funcionalidad ya est\u00e1 operativa en el entorno digital de la app tras la adecuaci\u00f3n de los sistemas inform\u00e1ticos por parte de la Subsecretar\u00eda de Tecnolog\u00edas de la Informaci\u00f3n y las Comunicaciones y el Departamento de Servicios Inform\u00e1ticos.<\/p>\n\n\n\n<p><\/p>\n\n\n\n<p><strong>Esto marca el fin de la tradicional c\u00e9dula azul en soporte f\u00edsico, <\/strong>una medida que ya hab\u00eda sido adelantada en la Disposici\u00f3n 29\/2024, pero cuya entrada en vigor qued\u00f3 pendiente de esta reglamentaci\u00f3n definitiva del \u00e1rea que dirige Fernando Javier Garc\u00eda, el subdirector nacional de la Direcci\u00f3n Nacional de Registros P\u00fablicos de la Propiedad del Automotor (DNRPACP).<\/p>\n\n\n\n<p><\/p>\n\n\n\n<p>Para habilitar a un tercero a conducir mi veh\u00edculo, primero tengo que descargar la app<strong> Mi Argentina<\/strong> disponible para sistema operativo tanto Android como IOS. All\u00ed el titular empieza la gesti\u00f3n desde el apartado <strong>\u201cMis veh\u00edculos\u201d. <\/strong>Una vez dentro, se debe seleccionar e<strong>l dominio del veh\u00edculo<\/strong>. Luego se visualiza la c\u00e9dula de Identificaci\u00f3n vigente y con la opci\u00f3n <strong>\u201cHabilitar a conducir\u201d se designa al tercero mediante su nombre y n\u00famero de CUIT, CUIL o CDI. <\/strong>Cabe aclarar que este proceso no modifica la responsabilidad civil del titular sobre el veh\u00edculo y tiene validez tanto para la circulaci\u00f3n dentro del pa\u00eds como para el egreso temporal al exterior.<\/p>\n\n\n\n<p><\/p>\n\n\n\n<p>Adem\u00e1s, el sistema permite al titular desafectar esta habilitaci\u00f3n en cualquier momento, garantizando \u201cflexibilidad y control total sobre el uso del veh\u00edculo por parte de terceros\u201d. <strong>Esta nueva modalidad otorga a la c\u00e9dula azul digital la misma validez que su versi\u00f3n en papel,<\/strong> lo que \u201cfacilita el cumplimiento de las normativas de tr\u00e1nsito en el marco de la transformaci\u00f3n digital del sistema registral automotor\u201d.<\/p>\n\n\n\n<p><\/p>\n\n\n\n<p><strong>Aunque la eliminaci\u00f3n de la c\u00e9dula azul hab\u00eda sido oficializada en mayo, su implementaci\u00f3n efectiva sufri\u00f3 un retraso de seis meses. <\/strong>Durante este tiempo, seg\u00fan explic\u00f3 el Gobierno, \u201cse prioriz\u00f3 la digitalizaci\u00f3n integral del sistema registral automotor\u201d, que incluy\u00f3 tambi\u00e9n la eliminaci\u00f3n del vencimiento de las c\u00e9dulas verdes y la creaci\u00f3n de un registro digital \u00fanico.<\/p>\n\n\n\n<p><\/p>\n\n\n\n<p><em>Fuente: DIB.<\/em><\/p>\n","protected":false},"excerpt":{"rendered":"<p>El Gobierno dio luz verde a las reglamentaciones pendientes para poder habilitar a terceros a conducir un veh\u00edculo por la<\/p>\n","protected":false},"author":2,"featured_media":120298,"comment_status":"closed","ping_status":"closed","sticky":false,"template":"","format":"standard","meta":{"_jetpack_memberships_contains_paid_content":false,"footnotes":""},"categories":[6,1],"tags":[],"class_list":["post-131351","post","type-post","status-publish","format-standard","has-post-thumbnail","hentry","category-nacionales","category-portada"],"jetpack_featured_media_url":"https:\/\/i0.wp.com\/cdnoticias.com\/wp-content\/uploads\/2024\/07\/control-de-transito-cedula-azul.jpg?fit=800%2C445&ssl=1","jetpack_sharing_enabled":true,"_links":{"self":[{"href":"https:\/\/cdnoticias.com\/index.php\/wp-json\/wp\/v2\/posts\/131351","targetHints":{"allow":["GET"]}}],"collection":[{"href":"https:\/\/cdnoticias.com\/index.php\/wp-json\/wp\/v2\/posts"}],"about":[{"href":"https:\/\/cdnoticias.com\/index.php\/wp-json\/wp\/v2\/types\/post"}],"author":[{"embeddable":true,"href":"https:\/\/cdnoticias.com\/index.php\/wp-json\/wp\/v2\/users\/2"}],"replies":[{"embeddable":true,"href":"https:\/\/cdnoticias.com\/index.php\/wp-json\/wp\/v2\/comments?post=131351"}],"version-history":[{"count":0,"href":"https:\/\/cdnoticias.com\/index.php\/wp-json\/wp\/v2\/posts\/131351\/revisions"}],"wp:featuredmedia":[{"embeddable":true,"href":"https:\/\/cdnoticias.com\/index.php\/wp-json\/wp\/v2\/media\/120298"}],"wp:attachment":[{"href":"https:\/\/cdnoticias.com\/index.php\/wp-json\/wp\/v2\/media?parent=131351"}],"wp:term":[{"taxonomy":"category","embeddable":true,"href":"https:\/\/cdnoticias.com\/index.php\/wp-json\/wp\/v2\/categories?post=131351"},{"taxonomy":"post_tag","embeddable":true,"href":"https:\/\/cdnoticias.com\/index.php\/wp-json\/wp\/v2\/tags?post=131351"}],"curies":[{"name":"wp","href":"https:\/\/api.w.org\/{rel}","templated":true}]}}