{"id":131328,"date":"2024-11-26T16:35:59","date_gmt":"2024-11-26T19:35:59","guid":{"rendered":"https:\/\/cdnoticias.com\/?p=131328"},"modified":"2024-11-26T16:36:00","modified_gmt":"2024-11-26T19:36:00","slug":"la-ucr-trabaja-en-un-proyecto-para-el-mantenimiento-de-caminos-rurales","status":"publish","type":"post","link":"https:\/\/cdnoticias.com\/index.php\/2024\/11\/26\/la-ucr-trabaja-en-un-proyecto-para-el-mantenimiento-de-caminos-rurales\/","title":{"rendered":"La UCR trabaja en un proyecto para el mantenimiento de caminos rurales"},"content":{"rendered":"\n<p>Concejales se reunieron con integrantes de la Comisi\u00f3n Vial Rural de Benito Ju\u00e1rez para conocer su experiencia en este tipo de traza.<\/p>\n\n\n\n<hr class=\"wp-block-separator has-alpha-channel-opacity\"\/>\n\n\n\n<p>El bloque de <strong>concejales de la Uni\u00f3n C\u00edvica Radical de Olavarr\u00eda<\/strong> trabaja en un <strong>Proyecto de Ordenanza superador para el mantenimiento de los caminos rurales<\/strong> del Partido.<\/p>\n\n\n\n<p><\/p>\n\n\n\n<p>D\u00edas atr\u00e1s mantuvieron un encuentro con la <strong>Comisi\u00f3n Vial Rural de Benito Ju\u00e1rez<\/strong>, quienes les contaron acerca de su experiencia en el mejoramiento de este tipo de traza.<\/p>\n\n\n\n<p><\/p>\n\n\n\n<p>Durante la reuni\u00f3n, integrantes de la comisi\u00f3n les contaron que<strong> lograron tener casi el 90% de los caminos entoscados.<\/strong><\/p>\n\n\n\n<p><\/p>\n\n\n\n<p>Al respecto, el concejal <strong>Sebasti\u00e1n Matrella<\/strong> se\u00f1al\u00f3 que \u201cOlavarr\u00eda se merece evolucionar en la infraestructura de su red vial, tanto para mover su producci\u00f3n como as\u00ed tambi\u00e9n para tener un buen acceso a las escuelas. <strong>Es necesario trabajar para encontrar propuestas superadoras<\/strong>\u201d.<\/p>\n","protected":false},"excerpt":{"rendered":"<p>Concejales se reunieron con integrantes de la Comisi\u00f3n Vial Rural de Benito Ju\u00e1rez para conocer su experiencia en este tipo<\/p>\n","protected":false},"author":2,"featured_media":131329,"comment_status":"closed","ping_status":"closed","sticky":false,"template":"","format":"standard","meta":{"_jetpack_memberships_contains_paid_content":false,"footnotes":""},"categories":[4,1],"tags":[],"class_list":["post-131328","post","type-post","status-publish","format-standard","has-post-thumbnail","hentry","category-politica","category-portada"],"jetpack_featured_media_url":"https:\/\/i0.wp.com\/cdnoticias.com\/wp-content\/uploads\/2024\/11\/ucr-caminos-rurales.jpg?fit=800%2C450&ssl=1","jetpack_sharing_enabled":true,"_links":{"self":[{"href":"https:\/\/cdnoticias.com\/index.php\/wp-json\/wp\/v2\/posts\/131328","targetHints":{"allow":["GET"]}}],"collection":[{"href":"https:\/\/cdnoticias.com\/index.php\/wp-json\/wp\/v2\/posts"}],"about":[{"href":"https:\/\/cdnoticias.com\/index.php\/wp-json\/wp\/v2\/types\/post"}],"author":[{"embeddable":true,"href":"https:\/\/cdnoticias.com\/index.php\/wp-json\/wp\/v2\/users\/2"}],"replies":[{"embeddable":true,"href":"https:\/\/cdnoticias.com\/index.php\/wp-json\/wp\/v2\/comments?post=131328"}],"version-history":[{"count":0,"href":"https:\/\/cdnoticias.com\/index.php\/wp-json\/wp\/v2\/posts\/131328\/revisions"}],"wp:featuredmedia":[{"embeddable":true,"href":"https:\/\/cdnoticias.com\/index.php\/wp-json\/wp\/v2\/media\/131329"}],"wp:attachment":[{"href":"https:\/\/cdnoticias.com\/index.php\/wp-json\/wp\/v2\/media?parent=131328"}],"wp:term":[{"taxonomy":"category","embeddable":true,"href":"https:\/\/cdnoticias.com\/index.php\/wp-json\/wp\/v2\/categories?post=131328"},{"taxonomy":"post_tag","embeddable":true,"href":"https:\/\/cdnoticias.com\/index.php\/wp-json\/wp\/v2\/tags?post=131328"}],"curies":[{"name":"wp","href":"https:\/\/api.w.org\/{rel}","templated":true}]}}