{"id":13132,"date":"2021-02-06T15:00:28","date_gmt":"2021-02-06T18:00:28","guid":{"rendered":"http:\/\/www.centraldenoticias.com.ar\/?p=13132"},"modified":"2021-02-06T20:18:01","modified_gmt":"2021-02-06T23:18:01","slug":"con-casi-100-hisopados-detectaron-22-nuevos-casos-de-covid","status":"publish","type":"post","link":"https:\/\/cdnoticias.com\/index.php\/2021\/02\/06\/con-casi-100-hisopados-detectaron-22-nuevos-casos-de-covid\/","title":{"rendered":"Con casi 100 hisopados, detectaron 22 nuevos casos de COVID"},"content":{"rendered":"<p>Es el dato que se desprende del parte emitido este s\u00e1bado. En ocupaci\u00f3n hospitalaria, hay 17 personas internadas en el Hospital: siete en Terapia Intensiva.<!--more--><\/p>\n<hr \/>\n<p>Con 94 testeos realizados este s\u00e1bado,<strong> el Municipio inform\u00f3, en su parte diario de este s\u00e1bado, 22 nuevos casos y 72 descartados por COVID-19.<\/strong><\/p>\n<p>&nbsp;<\/p>\n<blockquote><p>En total, hay 150 casos activos en el distrito. El 82% de ese total, cabe se\u00f1alar, tiene menos de 60 a\u00f1os.<\/p><\/blockquote>\n<p>&nbsp;<\/p>\n<p>En paralelo, <strong>otras 34 personas recibieron el alta m\u00e9dica<\/strong> tras haber atravesado la enfermedad.<\/p>\n<p>&nbsp;<\/p>\n<p>En materia de ocupaci\u00f3n hospitalaria, cabe se\u00f1alar que <strong>son 17 los internados: siete en el \u00e1rea de Terapia Intensiva, nueve en la denominada \u201cCl\u00ednica COVID\u201d y uno en Pediatr\u00eda.<\/strong><\/p>\n","protected":false},"excerpt":{"rendered":"<p>Es el dato que se desprende del parte emitido este s\u00e1bado. En ocupaci\u00f3n hospitalaria, hay 17 personas internadas en el<\/p>\n","protected":false},"author":2,"featured_media":5608,"comment_status":"closed","ping_status":"closed","sticky":false,"template":"","format":"standard","meta":{"_jetpack_memberships_contains_paid_content":false,"footnotes":""},"categories":[5,1],"tags":[],"class_list":["post-13132","post","type-post","status-publish","format-standard","has-post-thumbnail","hentry","category-informacion-general","category-portada"],"jetpack_featured_media_url":"https:\/\/i0.wp.com\/cdnoticias.com\/wp-content\/uploads\/2020\/11\/Salud-Rta-1024x683-covid.jpg?fit=1024%2C683&ssl=1","jetpack_sharing_enabled":true,"_links":{"self":[{"href":"https:\/\/cdnoticias.com\/index.php\/wp-json\/wp\/v2\/posts\/13132","targetHints":{"allow":["GET"]}}],"collection":[{"href":"https:\/\/cdnoticias.com\/index.php\/wp-json\/wp\/v2\/posts"}],"about":[{"href":"https:\/\/cdnoticias.com\/index.php\/wp-json\/wp\/v2\/types\/post"}],"author":[{"embeddable":true,"href":"https:\/\/cdnoticias.com\/index.php\/wp-json\/wp\/v2\/users\/2"}],"replies":[{"embeddable":true,"href":"https:\/\/cdnoticias.com\/index.php\/wp-json\/wp\/v2\/comments?post=13132"}],"version-history":[{"count":0,"href":"https:\/\/cdnoticias.com\/index.php\/wp-json\/wp\/v2\/posts\/13132\/revisions"}],"wp:featuredmedia":[{"embeddable":true,"href":"https:\/\/cdnoticias.com\/index.php\/wp-json\/wp\/v2\/media\/5608"}],"wp:attachment":[{"href":"https:\/\/cdnoticias.com\/index.php\/wp-json\/wp\/v2\/media?parent=13132"}],"wp:term":[{"taxonomy":"category","embeddable":true,"href":"https:\/\/cdnoticias.com\/index.php\/wp-json\/wp\/v2\/categories?post=13132"},{"taxonomy":"post_tag","embeddable":true,"href":"https:\/\/cdnoticias.com\/index.php\/wp-json\/wp\/v2\/tags?post=13132"}],"curies":[{"name":"wp","href":"https:\/\/api.w.org\/{rel}","templated":true}]}}