{"id":131298,"date":"2024-11-27T17:31:52","date_gmt":"2024-11-27T20:31:52","guid":{"rendered":"https:\/\/cdnoticias.com\/?p=131298"},"modified":"2024-11-27T17:31:54","modified_gmt":"2024-11-27T20:31:54","slug":"el-ceco-realizo-la-asamblea-anual","status":"publish","type":"post","link":"https:\/\/cdnoticias.com\/index.php\/2024\/11\/27\/el-ceco-realizo-la-asamblea-anual\/","title":{"rendered":"El CECO realiz\u00f3 la asamblea anual"},"content":{"rendered":"<p>\u201cNo estamos dispuestos a entregar nada pero sabemos que nos vamos a enfrentar a cosas muy dif\u00edciles\u201d defini\u00f3 el secretario general, Miguel Santell\u00e1n.<!--more--><\/p>\n<hr \/>\n<p>El <strong>Centro Empleados de Comercio (CECO)<\/strong> present\u00f3 la <strong>memoria y el balance del ejercicio 2023-2024<\/strong> que <strong>resultaron aprobadas<\/strong> por los afiliados y afiliadas que participaron de la asamblea.<\/p>\n<p>El pasado viernes 22 de noviembre el Centro Empleados de Comercio Olavarr\u00eda realiz\u00f3 la asamblea anual para informar a sus afiliados y afiliadas sobre la gesti\u00f3n realizada en la \u201cMemoria y Balance del ejercicio 121\u201d.<\/p>\n<blockquote><p>Una gran cantidad de afiliados y afiliadas se apersonaron al sal\u00f3n de usos m\u00faltiples en el segundo piso de la sede gremial ubicada en Coronel Su\u00e1rez 2752 para tratar el balance del ejercicio que comprende desde el 1\/07\/2023 al 30\/06\/2024. El secretario general Miguel Santell\u00e1n dio por iniciada la asamblea. \u201cVamos a tratar un ejercicio y realizar una reflexi\u00f3n sobre lo que tenemos que enfrentar ya que no estamos dispuestos a entregar nada pero sabemos que nos vamos a enfrentar a cosas muy dif\u00edciles\u201d expres\u00f3 Santell\u00e1n.<\/p><\/blockquote>\n<p>Durante la asamblea se destac\u00f3<strong> el compromiso del sindicato para con sus afiliados y afiliadas en materia habitacional<\/strong> con el inicio y el gran avance en la <strong>construcci\u00f3n del Barrio CECO 3<\/strong>, que ya <strong>se encuentra en sus etapas finales<\/strong>.<\/p>\n<p>Se destac\u00f3 la labor que realiza el <strong>Jard\u00edn Ni\u00f1o Feliz<\/strong> en la educaci\u00f3n inicial de los hijos e hijas de los trabajadores mercantiles. En el periodo presentado, se continu\u00f3 con el programa de <strong>\u201cAcompa\u00f1amiento Educativo\u201d<\/strong> para aquellos hijos e hijas de afiliados y afiliadas que necesitan rendir ex\u00e1menes y reforzar contenidos en los niveles primario y secundario. Tambi\u00e9n se pusieron a disposici\u00f3n los <strong>cursos de formaci\u00f3n de FAECyS<\/strong>. Se entregaron Kits Escolares y guardapolvos en Olavarr\u00eda, Laprida y La Madrid.<\/p>\n<p><img data-recalc-dims=\"1\" loading=\"lazy\" decoding=\"async\" class=\"size-large wp-image-131300 aligncenter\" src=\"https:\/\/i0.wp.com\/cdnoticias.com\/wp-content\/uploads\/2024\/11\/CECO-asamblea-anual-2024-00.jpg?resize=800%2C445&#038;ssl=1\" alt=\"\" width=\"800\" height=\"445\" srcset=\"https:\/\/i0.wp.com\/cdnoticias.com\/wp-content\/uploads\/2024\/11\/CECO-asamblea-anual-2024-00.jpg?resize=1024%2C569&amp;ssl=1 1024w, https:\/\/i0.wp.com\/cdnoticias.com\/wp-content\/uploads\/2024\/11\/CECO-asamblea-anual-2024-00.jpg?resize=300%2C167&amp;ssl=1 300w, https:\/\/i0.wp.com\/cdnoticias.com\/wp-content\/uploads\/2024\/11\/CECO-asamblea-anual-2024-00.jpg?resize=768%2C427&amp;ssl=1 768w, https:\/\/i0.wp.com\/cdnoticias.com\/wp-content\/uploads\/2024\/11\/CECO-asamblea-anual-2024-00.jpg?resize=800%2C445&amp;ssl=1 800w, https:\/\/i0.wp.com\/cdnoticias.com\/wp-content\/uploads\/2024\/11\/CECO-asamblea-anual-2024-00.jpg?w=1349&amp;ssl=1 1349w\" sizes=\"auto, (max-width: 800px) 100vw, 800px\" \/><\/p>\n<p>Se detallaron los <strong>servicios que brinda el sindicato a sus afiliados y afiliadas<\/strong> como el gimnasio funcional, actividades para jubilados y jubiladas, los talleres del centro cultural infantil, las olimp\u00edadas mercantiles y los beneficios en turismo, entre otros.<\/p>\n<p>Las distintas secretar\u00edas que integran la comisi\u00f3n directiva del CECO presentaron informes detallados de las actividades realizadas, que fueron someti\u00e9ndose a la votaci\u00f3n de los afiliados.<\/p>\n<p>En cuanto al <strong>balance econ\u00f3mico, la instituci\u00f3n logr\u00f3 un super\u00e1vit con un crecimiento significativo<\/strong> en relaci\u00f3n al cierre anterior. Las memorias y el balance econ\u00f3mico fueron aprobados en general y en particular por unanimidad.<\/p>\n<p><img data-recalc-dims=\"1\" loading=\"lazy\" decoding=\"async\" class=\"size-full wp-image-131299 aligncenter\" src=\"https:\/\/i0.wp.com\/cdnoticias.com\/wp-content\/uploads\/2024\/11\/CECO-asamblea-anual-2024-02.jpg?resize=800%2C445&#038;ssl=1\" alt=\"\" width=\"800\" height=\"445\" srcset=\"https:\/\/i0.wp.com\/cdnoticias.com\/wp-content\/uploads\/2024\/11\/CECO-asamblea-anual-2024-02.jpg?w=1000&amp;ssl=1 1000w, https:\/\/i0.wp.com\/cdnoticias.com\/wp-content\/uploads\/2024\/11\/CECO-asamblea-anual-2024-02.jpg?resize=300%2C167&amp;ssl=1 300w, https:\/\/i0.wp.com\/cdnoticias.com\/wp-content\/uploads\/2024\/11\/CECO-asamblea-anual-2024-02.jpg?resize=768%2C427&amp;ssl=1 768w, https:\/\/i0.wp.com\/cdnoticias.com\/wp-content\/uploads\/2024\/11\/CECO-asamblea-anual-2024-02.jpg?resize=800%2C445&amp;ssl=1 800w\" sizes=\"auto, (max-width: 800px) 100vw, 800px\" \/><\/p>\n<p>A modo de cierre, luego de que la asamblea aprobara todas las actuaciones, <strong>Miguel Santell\u00e1n, en sus palabras finales, agradeci\u00f3 a los presentes<\/strong> en particular y a los afiliados y afiliadas en general como as\u00ed tambi\u00e9n<em> a las autoridades gremiales nacionales, y provinciales, al Gobernador Axel Kicillof y a las autoridades locales, en especial al intendente Maximiliano Wesner.<\/em><\/p>\n<blockquote><p>Por otra parte, inst\u00f3 a los trabajadores a unirse y defender los derechos logrados, \u201cvuelven tiempos dif\u00edciles para las y los trabajadores, el cercenamiento de derechos y la limitaci\u00f3n a la actividad sindical s\u00f3lo persigue la eliminaci\u00f3n de las leyes fundamentales y constitucionales que protegen a los trabajadores, su trabajo y su fuente de ingreso\u201d expuso el dirigente.<\/p><\/blockquote>\n<p>\u201cLes agradezco a todos y sepan que <strong>debemos permanecer m\u00e1s unidos que nunca<\/strong>, cuidando nuestro trabajo, defendiendo nuestros derechos y fortaleciendo el mercado interno con trabajo decente y salarios dignos\u201d cerr\u00f3 Santell\u00e1n.<\/p>\n","protected":false},"excerpt":{"rendered":"<p>\u201cNo estamos dispuestos a entregar nada pero sabemos que nos vamos a enfrentar a cosas muy dif\u00edciles\u201d defini\u00f3 el secretario<\/p>\n","protected":false},"author":4,"featured_media":131301,"comment_status":"closed","ping_status":"closed","sticky":false,"template":"","format":"standard","meta":{"_jetpack_memberships_contains_paid_content":false,"footnotes":""},"categories":[5,1],"tags":[],"class_list":["post-131298","post","type-post","status-publish","format-standard","has-post-thumbnail","hentry","category-informacion-general","category-portada"],"jetpack_featured_media_url":"https:\/\/i0.wp.com\/cdnoticias.com\/wp-content\/uploads\/2024\/11\/CECO-asamblea-anual-2024-01.jpg?fit=800%2C445&ssl=1","jetpack_sharing_enabled":true,"_links":{"self":[{"href":"https:\/\/cdnoticias.com\/index.php\/wp-json\/wp\/v2\/posts\/131298","targetHints":{"allow":["GET"]}}],"collection":[{"href":"https:\/\/cdnoticias.com\/index.php\/wp-json\/wp\/v2\/posts"}],"about":[{"href":"https:\/\/cdnoticias.com\/index.php\/wp-json\/wp\/v2\/types\/post"}],"author":[{"embeddable":true,"href":"https:\/\/cdnoticias.com\/index.php\/wp-json\/wp\/v2\/users\/4"}],"replies":[{"embeddable":true,"href":"https:\/\/cdnoticias.com\/index.php\/wp-json\/wp\/v2\/comments?post=131298"}],"version-history":[{"count":0,"href":"https:\/\/cdnoticias.com\/index.php\/wp-json\/wp\/v2\/posts\/131298\/revisions"}],"wp:featuredmedia":[{"embeddable":true,"href":"https:\/\/cdnoticias.com\/index.php\/wp-json\/wp\/v2\/media\/131301"}],"wp:attachment":[{"href":"https:\/\/cdnoticias.com\/index.php\/wp-json\/wp\/v2\/media?parent=131298"}],"wp:term":[{"taxonomy":"category","embeddable":true,"href":"https:\/\/cdnoticias.com\/index.php\/wp-json\/wp\/v2\/categories?post=131298"},{"taxonomy":"post_tag","embeddable":true,"href":"https:\/\/cdnoticias.com\/index.php\/wp-json\/wp\/v2\/tags?post=131298"}],"curies":[{"name":"wp","href":"https:\/\/api.w.org\/{rel}","templated":true}]}}