{"id":131149,"date":"2024-11-25T13:34:36","date_gmt":"2024-11-25T16:34:36","guid":{"rendered":"https:\/\/cdnoticias.com\/?p=131149"},"modified":"2024-11-25T13:34:37","modified_gmt":"2024-11-25T16:34:37","slug":"bianco-el-gobierno-nacional-nos-ha-quitado-un-cuarto-del-presupuesto-provincial","status":"publish","type":"post","link":"https:\/\/cdnoticias.com\/index.php\/2024\/11\/25\/bianco-el-gobierno-nacional-nos-ha-quitado-un-cuarto-del-presupuesto-provincial\/","title":{"rendered":"Bianco: &#8220;El Gobierno nacional nos ha quitado un cuarto del presupuesto provincial&#8221;"},"content":{"rendered":"<p>As\u00ed lo expres\u00f3 el Ministro de Gobierno bonaerense durante la conferencia de prensa semanal del Gobierno de la Provincia, donde estuvo acompa\u00f1ado por el ministro de Salud, Nicol\u00e1s Kreplak, y el presidente de ABSA, Hugo Obed.<!--more--><\/p>\n<hr \/>\n<p><strong>\u201cEl Gobierno nacional les ha quitado a las y los bonaerenses un cuarto del presupuesto que les corresponde<\/strong>. Esa es la magnitud del <strong>robo que ha hecho el gobierno de Milei<\/strong> a la provincia de Buenos Aires\u201d, afirm\u00f3 el <strong>ministro de Gobierno, Carlos Bianco<\/strong>, al encabezar este lunes la conferencia de prensa semanal del Gobierno de la Provincia de Buenos Aires. Fue junto al<strong> ministro de Salud, Nicol\u00e1s Kreplak, quien anunci\u00f3 la ampliaci\u00f3n de la cobertura de IOMA en medicamentos<\/strong>, y el presidente ejecutivo de Aguas Bonaerenses S.A. (ABSA), Hugo Obed, quien present\u00f3 el Plan de Inversi\u00f3n para 2025 y el Plan Verano Agua.<\/p>\n<p>Durante el encuentro, el Ministro de Gobierno brind\u00f3 un <strong>informe actualizado sobre las deudas que el Gobierno nacional mantiene con la provincia de Buenos Aires.<\/strong><\/p>\n<blockquote><p>\u201cEl total adeudado por el Gobierno nacional a las y los bonaerenses llega a los 7,8 billones de pesos. Entre muchas otras, se trata de deudas en obra p\u00fablica, en programas de salud, en fondos que le corresponden a la Provincia de Buenos Aires y en los salarios de nuestros trabajadores de la polic\u00eda y de la educaci\u00f3n\u201d, explic\u00f3 el funcionario.<\/p><\/blockquote>\n<p>Asimismo, Bianco detall\u00f3 nuevos indicadores sobre la situaci\u00f3n econ\u00f3mica y social, como la <strong>ca\u00edda del 11% en el consumo de carne<\/strong> <a href=\"https:\/\/cdnoticias.com\/index.php\/2024\/11\/19\/el-consumo-interno-de-carne-vacuna-esta-en-el-nivel-mas-bajo-en-28-anos\/\" target=\"_blank\" rel=\"noopener\">respecto del a\u00f1o pasado<\/a>, y sentenci\u00f3: \u201cSon indicadores lo suficientemente claros para discutir lo que el Gobierno nacional pretende que creamos. <strong>La econom\u00eda no \u2018est\u00e1 volando\u2019, como afirma el Presidente, sino que est\u00e1 en ca\u00edda desde que asumi\u00f3\u201d.<\/strong><\/p>\n<p><img data-recalc-dims=\"1\" loading=\"lazy\" decoding=\"async\" class=\"size-full wp-image-131151 aligncenter\" src=\"https:\/\/i0.wp.com\/cdnoticias.com\/wp-content\/uploads\/2024\/11\/kreplak-bianco-obed.jpg?resize=800%2C445&#038;ssl=1\" alt=\"\" width=\"800\" height=\"445\" srcset=\"https:\/\/i0.wp.com\/cdnoticias.com\/wp-content\/uploads\/2024\/11\/kreplak-bianco-obed.jpg?w=1000&amp;ssl=1 1000w, https:\/\/i0.wp.com\/cdnoticias.com\/wp-content\/uploads\/2024\/11\/kreplak-bianco-obed.jpg?resize=300%2C167&amp;ssl=1 300w, https:\/\/i0.wp.com\/cdnoticias.com\/wp-content\/uploads\/2024\/11\/kreplak-bianco-obed.jpg?resize=768%2C427&amp;ssl=1 768w, https:\/\/i0.wp.com\/cdnoticias.com\/wp-content\/uploads\/2024\/11\/kreplak-bianco-obed.jpg?resize=800%2C445&amp;ssl=1 800w\" sizes=\"auto, (max-width: 800px) 100vw, 800px\" \/><\/p>\n<p>Por su parte, el<strong> ministro Kreplak<\/strong> anunci\u00f3 la implementaci\u00f3n de un <strong>aumento en el monto fijo de cobertura de IOMA en medicamentos ambulatorios<\/strong>: el promedio de cobertura para <strong>patolog\u00edas agudas pasa del 20% al 50%<\/strong> y para <strong>patolog\u00edas cr\u00f3nicas se incrementa del 40% al 70%<\/strong>. Esto implica una inversi\u00f3n adicional de <strong>$4.500 millones<\/strong>, que beneficiar\u00e1 a m\u00e1s de <strong>530 mil afiliados y afiliadas<\/strong> a los que mensualmente se les dispensan m\u00e1s de 1,2 millones de medicamentos.<\/p>\n<blockquote><p>\u201cReclamamos que la Naci\u00f3n tome las medidas necesarias para que los medicamentos, no solo los ambulatorios, sino especialmente los de alto costo que compran las obras sociales y el Ministerio de Salud de la Provincia, bajen de precio\u201d, afirm\u00f3 Kreplak. A\u00f1adi\u00f3: \u201cFue con ese objetivo que presentamos el proyecto de ley de la <a href=\"https:\/\/cdnoticias.com\/index.php\/2024\/05\/10\/kreplak-busca-acelerar-la-produccion-estatal-de-medicamentos-pero-el-pro-se-opone\/\" target=\"_blank\" rel=\"noopener\">empresa p\u00fablica de medicamentos de la Provincia<\/a>, con el objetivo de producir o asociarnos con la industria farmac\u00e9utica para reducir el precio de los medicamentos, poder comprar m\u00e1s cantidad a menor precio y llegar a cubrir la necesidad de toda la poblaci\u00f3n. Sin embargo, tambi\u00e9n es importante que el Gobierno nacional se haga responsable de garantizar la seguridad y la eficacia de los medicamentos y reducir su precio en nuestro pa\u00eds\u201d.<\/p><\/blockquote>\n<p>Adem\u00e1s, el Ministro de Salud se refiri\u00f3 al <strong>tablero Datos Abiertos<\/strong>, un espacio disponible en la web de la obra social bonaerense que ofrece acceso a informaci\u00f3n y estad\u00edsticas sobre la gesti\u00f3n del presupuesto y la evaluaci\u00f3n de resultados.<\/p>\n<p>A su turno, <strong>Obed present\u00f3 el Plan de Inversi\u00f3n de ABSA<\/strong> en mantenimiento e infraestructura para 2025, que incluir\u00e1 trabajos sobre redes de agua y cloacas, as\u00ed como obras en plantas de tratamiento, pozos y estaciones elevadoras de agua.<\/p>\n<p>\u201cEl plan de inversi\u00f3n es de 101.606 millones de pesos y contempla el recambio de ca\u00f1er\u00edas de redes de agua, reemplazando las de menor di\u00e1metro, as\u00ed como inversi\u00f3n en m\u00e1quinas y equipos en los 120 establecimientos de ABSA a lo largo de la provincia\u201d, afirm\u00f3 Obed. En ese marco, el titular de ABSA tambi\u00e9n anunci\u00f3 el Plan Verano Agua para las regiones Sudoeste, Capital y la Costa Atl\u00e1ntica, que incluye obras en Carmen de Patagones, Villalonga, Bah\u00eda Blanca, La Plata, Ensenada, Berisso, La Costa, Villa Gesell y Mar Chiquita.<\/p>\n<p>\u201cPrestamos servicios en casi cien localidades de la provincia, incluyendo poblaciones de entre diez mil y quince mil habitantes, que requieren de un Estado presente que les garantice el suministro\u201d, concluy\u00f3 Obed.<\/p>\n","protected":false},"excerpt":{"rendered":"<p>As\u00ed lo expres\u00f3 el Ministro de Gobierno bonaerense durante la conferencia de prensa semanal del Gobierno de la Provincia, donde<\/p>\n","protected":false},"author":4,"featured_media":131150,"comment_status":"closed","ping_status":"closed","sticky":false,"template":"","format":"standard","meta":{"_jetpack_memberships_contains_paid_content":false,"footnotes":""},"categories":[6,1],"tags":[],"class_list":["post-131149","post","type-post","status-publish","format-standard","has-post-thumbnail","hentry","category-nacionales","category-portada"],"jetpack_featured_media_url":"https:\/\/i0.wp.com\/cdnoticias.com\/wp-content\/uploads\/2024\/11\/carlos-bianco-ministro.jpg?fit=1000%2C556&ssl=1","jetpack_sharing_enabled":true,"_links":{"self":[{"href":"https:\/\/cdnoticias.com\/index.php\/wp-json\/wp\/v2\/posts\/131149","targetHints":{"allow":["GET"]}}],"collection":[{"href":"https:\/\/cdnoticias.com\/index.php\/wp-json\/wp\/v2\/posts"}],"about":[{"href":"https:\/\/cdnoticias.com\/index.php\/wp-json\/wp\/v2\/types\/post"}],"author":[{"embeddable":true,"href":"https:\/\/cdnoticias.com\/index.php\/wp-json\/wp\/v2\/users\/4"}],"replies":[{"embeddable":true,"href":"https:\/\/cdnoticias.com\/index.php\/wp-json\/wp\/v2\/comments?post=131149"}],"version-history":[{"count":0,"href":"https:\/\/cdnoticias.com\/index.php\/wp-json\/wp\/v2\/posts\/131149\/revisions"}],"wp:featuredmedia":[{"embeddable":true,"href":"https:\/\/cdnoticias.com\/index.php\/wp-json\/wp\/v2\/media\/131150"}],"wp:attachment":[{"href":"https:\/\/cdnoticias.com\/index.php\/wp-json\/wp\/v2\/media?parent=131149"}],"wp:term":[{"taxonomy":"category","embeddable":true,"href":"https:\/\/cdnoticias.com\/index.php\/wp-json\/wp\/v2\/categories?post=131149"},{"taxonomy":"post_tag","embeddable":true,"href":"https:\/\/cdnoticias.com\/index.php\/wp-json\/wp\/v2\/tags?post=131149"}],"curies":[{"name":"wp","href":"https:\/\/api.w.org\/{rel}","templated":true}]}}