{"id":131124,"date":"2024-11-25T08:46:21","date_gmt":"2024-11-25T11:46:21","guid":{"rendered":"https:\/\/cdnoticias.com\/?p=131124"},"modified":"2024-11-25T12:23:22","modified_gmt":"2024-11-25T15:23:22","slug":"aniversario-de-olavarria-sin-bancos-escuelas-ni-actividad-municipal","status":"publish","type":"post","link":"https:\/\/cdnoticias.com\/index.php\/2024\/11\/25\/aniversario-de-olavarria-sin-bancos-escuelas-ni-actividad-municipal\/","title":{"rendered":"Aniversario de Olavarr\u00eda: sin bancos, escuelas ni actividad municipal"},"content":{"rendered":"<p>Fue declarado D\u00eda no laborable. Coopelectric tambi\u00e9n anunci\u00f3 su adhesi\u00f3n.<!--more--><\/p>\n<hr \/>\n<p><strong>Este lunes se cumplen 157 a\u00f1os de la fundaci\u00f3n de Olavarr\u00eda<\/strong> y en ese marco se decret\u00f3 la jornada como<strong> D\u00eda no laborable<\/strong> con alcance a la <strong>administraci\u00f3n provincial y municipal.<\/strong><\/p>\n<blockquote><p>Mediante la Resoluci\u00f3n N\u00b0 530\/24 del Ministerio de Gobierno de la Provincia de Buenos Aires se estableci\u00f3 el d\u00eda lunes 25 de noviembre 2024 D\u00eda No Laborable para la Administraci\u00f3n P\u00fablica y el Banco de la Provincia de Buenos Aires.<\/p><\/blockquote>\n<p>En dicha publicaci\u00f3n, adem\u00e1s se aclara que ser\u00e1<strong> feriado optativo para la industria, el comercio y restantes actividade<\/strong>s que se desarrollen el 25 de noviembre de 2024.<\/p>\n<p>De esta manera, este lunes <strong>quedaron suspendidas las actividades en escuelas, bancos y organismos de la administraci\u00f3n provincial<\/strong> tales como <em>ARBA, Registro de las Personas, organismos educativos y se extendi\u00f3 a todas las entidades bancarias.<\/em><\/p>\n<blockquote><p>En tanto, el Municipio a trav\u00e9s del Decreto N\u00ba 5144\/24, fij\u00f3 el d\u00eda lunes 25 de noviembre como D\u00eda No Laborable para la Administraci\u00f3n P\u00fablica Municipal. En dicha publicaci\u00f3n, adem\u00e1s se declar\u00f3 de Inter\u00e9s Municipal los actos y actividades a realizarse en el marco del 157\u00ba Aniversario de Olavarr\u00eda, que comprenden iniciativas p\u00fablicas y privadas.<\/p><\/blockquote>\n<p>En el marco de dicho decreto adem\u00e1s se dispone el <strong>mantenimiento de los servicios esenciales<\/strong> del Municipio para el lunes 25, con la finalidad de garantizar la normal atenci\u00f3n.<\/p>\n<p>Cabe recordar que tambi\u00e9n <strong>Coopelectric anunci\u00f3 su adhesi\u00f3n al D\u00eda no laborable<\/strong>. Permanecer\u00e1n cerradas sin atenci\u00f3n al p\u00fablico la sede administrativa de Belgrano 2850, la Oficina T\u00e9cnica de Obras Sanitarias situada en Av. Del Valle y Av. Pellegrini, la Oficina T\u00e9cnica de Energ\u00eda El\u00e9ctrica que funciona en Pelegrino y Maip\u00fa y las Delegaciones. No obstante, las guardias de los sectores operativos funcionar\u00e1n con normalidad.<\/p>\n<p>Por reclamos t\u00e9cnicos de Energ\u00eda El\u00e9ctrica los usuarios podr\u00e1n comunicarse durante las 24 horas al 412305 y por reclamos t\u00e9cnicos de Obras Sanitarias al 411222. En ambos casos tambi\u00e9n podr\u00e1n enviar un mensaje de texto al 15-680000 o ingresar el reclamo v\u00eda WhastsApp 2284-230707.<\/p>\n<p>En el marco del aniversario, el <a href=\"https:\/\/cdnoticias.com\/index.php\/2024\/11\/24\/acto-protocolar-por-el-157-aniversario-de-olavarria\/\" target=\"_blank\" rel=\"noopener\">acto protocolar<\/a> se desarrollar\u00e1 este lunes por la ma\u00f1ana y desde las 12 se iniciar\u00e1n las <a href=\"https:\/\/cdnoticias.com\/index.php\/2024\/11\/24\/fiesta-de-olavarria-el-lunes-desde-las-15-subiran-los-artistas-al-escenario\/\" target=\"_blank\" rel=\"noopener\">actividades en el Parque Helios Eseverri<\/a>.<\/p>\n","protected":false},"excerpt":{"rendered":"<p>Fue declarado D\u00eda no laborable. Coopelectric tambi\u00e9n anunci\u00f3 su adhesi\u00f3n.<\/p>\n","protected":false},"author":4,"featured_media":127610,"comment_status":"closed","ping_status":"closed","sticky":false,"template":"","format":"standard","meta":{"_jetpack_memberships_contains_paid_content":false,"footnotes":""},"categories":[5,1],"tags":[],"class_list":["post-131124","post","type-post","status-publish","format-standard","has-post-thumbnail","hentry","category-informacion-general","category-portada"],"jetpack_featured_media_url":"https:\/\/i0.wp.com\/cdnoticias.com\/wp-content\/uploads\/2024\/10\/municipalidad-fachada-carpa-01.jpg?fit=1000%2C556&ssl=1","jetpack_sharing_enabled":true,"_links":{"self":[{"href":"https:\/\/cdnoticias.com\/index.php\/wp-json\/wp\/v2\/posts\/131124","targetHints":{"allow":["GET"]}}],"collection":[{"href":"https:\/\/cdnoticias.com\/index.php\/wp-json\/wp\/v2\/posts"}],"about":[{"href":"https:\/\/cdnoticias.com\/index.php\/wp-json\/wp\/v2\/types\/post"}],"author":[{"embeddable":true,"href":"https:\/\/cdnoticias.com\/index.php\/wp-json\/wp\/v2\/users\/4"}],"replies":[{"embeddable":true,"href":"https:\/\/cdnoticias.com\/index.php\/wp-json\/wp\/v2\/comments?post=131124"}],"version-history":[{"count":0,"href":"https:\/\/cdnoticias.com\/index.php\/wp-json\/wp\/v2\/posts\/131124\/revisions"}],"wp:featuredmedia":[{"embeddable":true,"href":"https:\/\/cdnoticias.com\/index.php\/wp-json\/wp\/v2\/media\/127610"}],"wp:attachment":[{"href":"https:\/\/cdnoticias.com\/index.php\/wp-json\/wp\/v2\/media?parent=131124"}],"wp:term":[{"taxonomy":"category","embeddable":true,"href":"https:\/\/cdnoticias.com\/index.php\/wp-json\/wp\/v2\/categories?post=131124"},{"taxonomy":"post_tag","embeddable":true,"href":"https:\/\/cdnoticias.com\/index.php\/wp-json\/wp\/v2\/tags?post=131124"}],"curies":[{"name":"wp","href":"https:\/\/api.w.org\/{rel}","templated":true}]}}