{"id":131114,"date":"2024-11-24T19:53:12","date_gmt":"2024-11-24T22:53:12","guid":{"rendered":"https:\/\/cdnoticias.com\/?p=131114"},"modified":"2024-11-25T08:46:40","modified_gmt":"2024-11-25T11:46:40","slug":"olavarria-salio-del-alerta-naranja-se-registro-la-caida-de-un-arbol-en-sierra-chica","status":"publish","type":"post","link":"https:\/\/cdnoticias.com\/index.php\/2024\/11\/24\/olavarria-salio-del-alerta-naranja-se-registro-la-caida-de-un-arbol-en-sierra-chica\/","title":{"rendered":"Olavarr\u00eda sali\u00f3 del alerta naranja: se registr\u00f3 la ca\u00edda de un \u00e1rbol en Sierra Chica"},"content":{"rendered":"\n<p>Tras las fuertes lluvias registradas durante la tarde, no se prev\u00e9n precipitaciones en las pr\u00f3ximas horas. No hubo grandes inconvenientes en el Partido.<\/p>\n\n\n\n<hr class=\"wp-block-separator aligncenter has-alpha-channel-opacity\"\/>\n\n\n\n<p>Luego del<strong> aviso de alerta naranja por fuertes tormentas y las importantes precipitaciones registradas durante la tarde de este domingo, el Servicio Meteorol\u00f3gico Nacional ces\u00f3 dicha alerta para Olavarr\u00eda y la regi\u00f3n y no se prev\u00e9n lluvias para las pr\u00f3ximas horas.<\/strong><\/p>\n\n\n\n<figure class=\"wp-block-image size-full\"><img data-recalc-dims=\"1\" loading=\"lazy\" decoding=\"async\" width=\"800\" height=\"445\" src=\"https:\/\/i0.wp.com\/cdnoticias.com\/wp-content\/uploads\/2024\/11\/tormenta-olavarria-lluvias1.jpg?resize=800%2C445&#038;ssl=1\" alt=\"\" class=\"wp-image-131111\" srcset=\"https:\/\/i0.wp.com\/cdnoticias.com\/wp-content\/uploads\/2024\/11\/tormenta-olavarria-lluvias1.jpg?w=1000&amp;ssl=1 1000w, https:\/\/i0.wp.com\/cdnoticias.com\/wp-content\/uploads\/2024\/11\/tormenta-olavarria-lluvias1.jpg?resize=300%2C167&amp;ssl=1 300w, https:\/\/i0.wp.com\/cdnoticias.com\/wp-content\/uploads\/2024\/11\/tormenta-olavarria-lluvias1.jpg?resize=768%2C427&amp;ssl=1 768w, https:\/\/i0.wp.com\/cdnoticias.com\/wp-content\/uploads\/2024\/11\/tormenta-olavarria-lluvias1.jpg?resize=800%2C445&amp;ssl=1 800w\" sizes=\"auto, (max-width: 800px) 100vw, 800px\" \/><\/figure>\n\n\n\n<p>Por las fuertes lluvias<strong> hubo algunos anegamientos en sectores de la ciudad propios de la gran ca\u00edda de agua en poco tiempo. El Municipio inform\u00f3 oficialmente que se registr\u00f3 la ca\u00edda de un \u00e1rbol en Sierra Chica<\/strong>, que personal fue a retirar minutos despu\u00e9s de conocer el hecho.<\/p>\n\n\n\n<p>Tras ello,<strong> no se registraron otros hechos de gravedad, seg\u00fan se inform\u00f3 oficialmente.<\/strong><\/p>\n\n\n\n<p><strong>Para el lunes \u2013d\u00eda de la celebraci\u00f3n en Parque Eseverri del aniversario de Olavarr\u00eda- el tiempo acompa\u00f1ar\u00e1 con calor y una jornada de nubosidad: la m\u00e1xima ser\u00e1 de 29 grados<\/strong>, con vientos del este a 22 km\/h. El martes, en tanto, volver\u00edan las lluvias.<\/p>\n","protected":false},"excerpt":{"rendered":"<p>Tras las fuertes lluvias registradas durante la tarde, no se prev\u00e9n precipitaciones en las pr\u00f3ximas horas. No hubo grandes inconvenientes<\/p>\n","protected":false},"author":2,"featured_media":131110,"comment_status":"closed","ping_status":"closed","sticky":false,"template":"","format":"standard","meta":{"_jetpack_memberships_contains_paid_content":false,"footnotes":""},"categories":[5,1],"tags":[],"class_list":["post-131114","post","type-post","status-publish","format-standard","has-post-thumbnail","hentry","category-informacion-general","category-portada"],"jetpack_featured_media_url":"https:\/\/i0.wp.com\/cdnoticias.com\/wp-content\/uploads\/2024\/11\/tormenta-olavarria-lluvias.jpg?fit=1000%2C556&ssl=1","jetpack_sharing_enabled":true,"_links":{"self":[{"href":"https:\/\/cdnoticias.com\/index.php\/wp-json\/wp\/v2\/posts\/131114","targetHints":{"allow":["GET"]}}],"collection":[{"href":"https:\/\/cdnoticias.com\/index.php\/wp-json\/wp\/v2\/posts"}],"about":[{"href":"https:\/\/cdnoticias.com\/index.php\/wp-json\/wp\/v2\/types\/post"}],"author":[{"embeddable":true,"href":"https:\/\/cdnoticias.com\/index.php\/wp-json\/wp\/v2\/users\/2"}],"replies":[{"embeddable":true,"href":"https:\/\/cdnoticias.com\/index.php\/wp-json\/wp\/v2\/comments?post=131114"}],"version-history":[{"count":0,"href":"https:\/\/cdnoticias.com\/index.php\/wp-json\/wp\/v2\/posts\/131114\/revisions"}],"wp:featuredmedia":[{"embeddable":true,"href":"https:\/\/cdnoticias.com\/index.php\/wp-json\/wp\/v2\/media\/131110"}],"wp:attachment":[{"href":"https:\/\/cdnoticias.com\/index.php\/wp-json\/wp\/v2\/media?parent=131114"}],"wp:term":[{"taxonomy":"category","embeddable":true,"href":"https:\/\/cdnoticias.com\/index.php\/wp-json\/wp\/v2\/categories?post=131114"},{"taxonomy":"post_tag","embeddable":true,"href":"https:\/\/cdnoticias.com\/index.php\/wp-json\/wp\/v2\/tags?post=131114"}],"curies":[{"name":"wp","href":"https:\/\/api.w.org\/{rel}","templated":true}]}}