{"id":131104,"date":"2024-11-24T18:47:10","date_gmt":"2024-11-24T21:47:10","guid":{"rendered":"https:\/\/cdnoticias.com\/?p=131104"},"modified":"2024-11-25T08:13:20","modified_gmt":"2024-11-25T11:13:20","slug":"el-escenario-politico-de-olavarria-suma-regresos-y-mas-actores","status":"publish","type":"post","link":"https:\/\/cdnoticias.com\/index.php\/2024\/11\/24\/el-escenario-politico-de-olavarria-suma-regresos-y-mas-actores\/","title":{"rendered":"El escenario pol\u00edtico de Olavarr\u00eda suma regresos y m\u00e1s actores"},"content":{"rendered":"\n<p>\u00bfEzequiel Galli candidato en 2025? Las opciones y las reuniones con La Libertad Avanza. El espacio libertario, otra vez, se reconfigura. Se viene una larga sesi\u00f3n en el HCD. Mientras tanto, Kicillof estuvo en Tapalqu\u00e9 y muestra nuevas referencias locales.<\/p>\n\n\n\n<hr class=\"wp-block-separator aligncenter has-alpha-channel-opacity\"\/>\n\n\n\n<p><em>Por Volver a las Fuentes, de Josefina Bargas y Alexis Grierson<\/em><\/p>\n\n\n\n<p class=\"has-large-font-size\"><strong><u>Ezequiel estar\u00eda dispuesto<\/u><\/strong><\/p>\n\n\n\n<figure class=\"wp-block-image size-full\"><img data-recalc-dims=\"1\" loading=\"lazy\" decoding=\"async\" width=\"800\" height=\"445\" src=\"https:\/\/i0.wp.com\/cdnoticias.com\/wp-content\/uploads\/2023\/09\/jardin-929-galli-01.jpg?resize=800%2C445&#038;ssl=1\" alt=\"\" class=\"wp-image-97352\" srcset=\"https:\/\/i0.wp.com\/cdnoticias.com\/wp-content\/uploads\/2023\/09\/jardin-929-galli-01.jpg?w=800&amp;ssl=1 800w, https:\/\/i0.wp.com\/cdnoticias.com\/wp-content\/uploads\/2023\/09\/jardin-929-galli-01.jpg?resize=300%2C167&amp;ssl=1 300w, https:\/\/i0.wp.com\/cdnoticias.com\/wp-content\/uploads\/2023\/09\/jardin-929-galli-01.jpg?resize=768%2C427&amp;ssl=1 768w\" sizes=\"auto, (max-width: 800px) 100vw, 800px\" \/><\/figure>\n\n\n\n<p>Si bien es una semana cargada de novedades pol\u00edticas, otra reuni\u00f3n dej\u00f3 un dato importante e interesante: <strong>Ezequiel Galli estar\u00eda dispuesto a jugar el a\u00f1o que viene en las legislativas, como candidato y encabezando un proyecto para enfrentar al oficialismo de Wesner.<\/strong><\/p>\n\n\n\n<p>Recordemos: en la segunda reuni\u00f3n con Lascano y Arouxet, los off y los trascendidos dejaban en claro que los un\u00eda el \u201cespanto\u201d de lo que observan de la gesti\u00f3n de Wesner.<strong> Y que eso los hace trabajar, unidos y dentro de un frente que integre a La Libertad Avanza y el Pro para unificar los espacios e ir a elecciones.<\/strong><\/p>\n\n\n\n<p>Salvando los bemoles que les explicaremos en breve, sigamos esta l\u00ednea: <strong>en una cena interna del Pro, Galli manifest\u00f3 que \u201cpreocupado y en disconformidad con la actual gesti\u00f3n\u201d estar\u00eda dispuesto a jugar el a\u00f1o que viene. Ante la consulta de este newsletter, la respuesta fue: <em>\u201cest\u00e1 decidido a ponerse al frente de ese proyecto\u201d.<\/em><\/strong><\/p>\n\n\n\n<p>A falta de varias definiciones, es clave saber d\u00f3nde: <strong>lugares hay dos. Por un lado, el acuerdo que les dec\u00edamos de La Libertad Avanza con el Pro,<\/strong> en ese nuevo \u201cfrente pol\u00edtico\u201d que probablemente tendr\u00e1 muchos m\u00e1s espacios para acordar.<strong> Pero la otra alternativa (m\u00e1s lejana pero no deja de ser probable) es que sea candidato con el partido local. \u00bfSe acuerdan de \u201cJuntos por Olavarr\u00eda\u201d? Bueno, ah\u00ed.<\/strong> El proyecto de Boleta \u00danica de Papel podr\u00eda ser clave incluso en este cambio de l\u00f3gica de presentaci\u00f3n de listas.<\/p>\n\n\n\n<p><strong>Lo concreto es que el correlato del \u201cregreso\u201d de Ezequiel Galli a los primeros planos ya es mucho m\u00e1s palpable. <\/strong>Si bien a\u00fan no se muestra de forma expl\u00edcita como dirigente pol\u00edtico (sus redes sociales en amplio porcentaje est\u00e1n orientadas a su vida personal m\u00e1s all\u00e1 de la cuesti\u00f3n partidaria) las reuniones existen, las estrategias aparecen y las opciones florecen.<\/p>\n\n\n\n<p>De hecho desde el Pro -o el gallismo local, como le quiera llamar- se aferran a lo que podr\u00eda denominarse como \u201cestructura\u201d:<strong> \u201ctodo lo construido en estos a\u00f1os puede ser una muy buena opci\u00f3n local\u201d. Para 2025 ser\u00e1n 10 a\u00f1os, clavados, del surgimiento expl\u00edcito de Galli como dirigente de primera l\u00ednea.<\/strong> Que, paradojas del destino, coincide con su triunfo como Intendente en 2015, un caso de suma rareza para la pol\u00edtica de Olavarr\u00eda.<\/p>\n\n\n\n<p class=\"has-large-font-size\"><strong><u>Otra reuni\u00f3n con la unidad como objetivo<\/u><\/strong><\/p>\n\n\n\n<figure class=\"wp-block-image size-large\"><img data-recalc-dims=\"1\" loading=\"lazy\" decoding=\"async\" width=\"800\" height=\"445\" src=\"https:\/\/i0.wp.com\/cdnoticias.com\/wp-content\/uploads\/2023\/03\/arouxet-lascano-02.jpg?resize=800%2C445&#038;ssl=1\" alt=\"\" class=\"wp-image-79156\" srcset=\"https:\/\/i0.wp.com\/cdnoticias.com\/wp-content\/uploads\/2023\/03\/arouxet-lascano-02-scaled.jpg?resize=1024%2C570&amp;ssl=1 1024w, https:\/\/i0.wp.com\/cdnoticias.com\/wp-content\/uploads\/2023\/03\/arouxet-lascano-02-scaled.jpg?resize=300%2C167&amp;ssl=1 300w, https:\/\/i0.wp.com\/cdnoticias.com\/wp-content\/uploads\/2023\/03\/arouxet-lascano-02-scaled.jpg?resize=768%2C427&amp;ssl=1 768w, https:\/\/i0.wp.com\/cdnoticias.com\/wp-content\/uploads\/2023\/03\/arouxet-lascano-02-scaled.jpg?resize=1536%2C855&amp;ssl=1 1536w, https:\/\/i0.wp.com\/cdnoticias.com\/wp-content\/uploads\/2023\/03\/arouxet-lascano-02-scaled.jpg?resize=2048%2C1140&amp;ssl=1 2048w, https:\/\/i0.wp.com\/cdnoticias.com\/wp-content\/uploads\/2023\/03\/arouxet-lascano-02-scaled.jpg?resize=800%2C445&amp;ssl=1 800w, https:\/\/i0.wp.com\/cdnoticias.com\/wp-content\/uploads\/2023\/03\/arouxet-lascano-02-scaled.jpg?w=1600&amp;ssl=1 1600w, https:\/\/i0.wp.com\/cdnoticias.com\/wp-content\/uploads\/2023\/03\/arouxet-lascano-02-scaled.jpg?w=2400&amp;ssl=1 2400w\" sizes=\"auto, (max-width: 800px) 100vw, 800px\" \/><\/figure>\n\n\n\n<p>Hablemos del sector La Libertad Avanza local. Tuvieron una semana de muchas novedades y acci\u00f3n.<strong> En l\u00edneas generales lo que se ve es el armado de lo pol\u00edtico en una concepci\u00f3n amplia, es m\u00e1s que lo partidario aunque eso es lo central. <\/strong>De la mano de la formalizaci\u00f3n del partido La Libertad Avanza en cada provincia, se organizan instituciones que buscan convocar a distintos sectores y apuntalar la actividad pol\u00edtica.<strong> En nuestra zona ya vimos el lanzamiento de La P\u00farpura y esta semana se dio la presentaci\u00f3n de la Escuela de Formaci\u00f3n que tiene como director local al concejal Oliver Gamondi.<\/strong><\/p>\n\n\n\n<p>Habl\u00f3 con VAF sobre esta flamante instituci\u00f3n que desembarca en Olavarr\u00eda para formalizar y encuadrar actividades que, en rigor, ya se ven\u00edan haciendo. Brindar charlas y formaci\u00f3n para \u201cfuturos l\u00edderes\u201d, de forma tal que si en alg\u00fan momento acceden a un cargo ya cuenten con informaci\u00f3n y herramientas para desenvolverse con la impronta libertaria. \u201cJavier Milei no quiere que La Libertad Avanza sea un partido de militancia y bombo solamente\u201d explic\u00f3 Gamondi. Para los pr\u00f3ximos d\u00edas ya est\u00e1 prevista la primera actividad de formaci\u00f3n, ser\u00e1 sobre el \u00e1rea de salud p\u00fablica, y en marzo del a\u00f1o que viene van a presentarse las escuelas en m\u00e1s distritos de la S\u00e9ptima.<\/p>\n\n\n\n<figure class=\"wp-block-image size-full\"><img data-recalc-dims=\"1\" loading=\"lazy\" decoding=\"async\" width=\"800\" height=\"446\" src=\"https:\/\/i0.wp.com\/cdnoticias.com\/wp-content\/uploads\/2024\/08\/ahora-olavarria-la-libertad-avanza-04-guillermo-lascano-celeste-arouxet-oliver-gamondi.jpg?resize=800%2C446&#038;ssl=1\" alt=\"\" class=\"wp-image-122540\" srcset=\"https:\/\/i0.wp.com\/cdnoticias.com\/wp-content\/uploads\/2024\/08\/ahora-olavarria-la-libertad-avanza-04-guillermo-lascano-celeste-arouxet-oliver-gamondi.jpg?w=1000&amp;ssl=1 1000w, https:\/\/i0.wp.com\/cdnoticias.com\/wp-content\/uploads\/2024\/08\/ahora-olavarria-la-libertad-avanza-04-guillermo-lascano-celeste-arouxet-oliver-gamondi.jpg?resize=300%2C167&amp;ssl=1 300w, https:\/\/i0.wp.com\/cdnoticias.com\/wp-content\/uploads\/2024\/08\/ahora-olavarria-la-libertad-avanza-04-guillermo-lascano-celeste-arouxet-oliver-gamondi.jpg?resize=768%2C428&amp;ssl=1 768w, https:\/\/i0.wp.com\/cdnoticias.com\/wp-content\/uploads\/2024\/08\/ahora-olavarria-la-libertad-avanza-04-guillermo-lascano-celeste-arouxet-oliver-gamondi.jpg?resize=800%2C445&amp;ssl=1 800w\" sizes=\"auto, (max-width: 800px) 100vw, 800px\" \/><\/figure>\n\n\n\n<p>El viernes hubo otra novedad destacada: otra reuni\u00f3n entre los referentes del Pro y de LLA locales.<strong> Es algo que ya venimos contando desde hace un tiempo. En esta oportunidad se sum\u00f3 un invitado m\u00e1s, el diputado provincial Mart\u00edn Endere. Junto con Ezequiel e Hilario Galli se sentaron a charlar con Celeste Arouxet y Guillermo Lascano. <\/strong>\u201cCon el Pro tenemos afinidad natural\u201d dijo este \u00faltimo a Volver a las Fuentes para remarcar que la reuni\u00f3n dur\u00f3 tres horas y \u201cse pasaron volando\u201d.<\/p>\n\n\n\n<p>Hay mucho para hablar, claro. Lo municipal, lo electoral y -de la mano de Endere- la agenda legislativa provincial se sum\u00f3 a la mesa. <strong>Sobre lo electoral, cont\u00f3 que se analizan escenarios y los movimientos legislativos \u201csin nombres\u201d. Prima lo local, seg\u00fan deja traducir Lascano en sus palabras y los cuestionamientos a la gesti\u00f3n de Maximiliano Wesner parecen ser el tema principal. <\/strong>\u00bfQu\u00e9 buscan? \u201cIr hacia un acuerdo para armar una buena oposici\u00f3n con intenci\u00f3n de conformar algo unificado\u201d dijo.<\/p>\n\n\n\n<p>Mucho se desprende de estas palabras, pero principalmente vamos a se\u00f1alar que en esta b\u00fasqueda de presentarse como oposici\u00f3n local la unidad parece ser m\u00e1s presente que futuro. Es que el estudio del Presupuesto 2025 es una tarea que ya ocupa a los concejales y presumimos que all\u00ed tal vez se podr\u00e1 ver algo de este acuerdo.<strong> En LLA, Guillermo Lascano es quien est\u00e1 al frente del estudio del proyecto, como hac\u00eda cuando era concejal y cuando era secretario del bloque. Si bien es titular de PAMI, no quiere perderse la agenda local de la mano del rol que desde hace aproximadamente un mes tom\u00f3 para conducir el sector libertario en el plano local, mientras que Celeste Arouxet tiene un rol de cobertura seccional.<\/strong><\/p>\n\n\n\n<p><strong>Apunt\u00f3 a \u201cerrores no forzados\u201d de la gesti\u00f3n en la confecci\u00f3n del presupuesto sobre los que espera cambios, cont\u00f3 que habl\u00f3 con funcionarios del Ejecutivo y con el mismo presidente del HCD, Guillermo Santell\u00e1n, para informarles de las fallas detectadas.<\/strong> Tambi\u00e9n le preguntamos por los presuntos cambios al expediente a partir de la aprobaci\u00f3n de la venta de la calle a Loma Negra, algo que a\u00fan no ha sucedido, pero que la oposici\u00f3n espera que el Ejecutivo modifique en el corto plazo.<\/p>\n\n\n\n<p>M\u00e1s all\u00e1 del tema puntual,<strong> este liderazgo de Lascano se muestra dialoguista y con intenciones de sumar. Habl\u00f3 de conformar una \u201cgran oposici\u00f3n\u201d<\/strong>, pero que adem\u00e1s de oponerse tenga como finalidad encontrar<strong> \u201cun denominador com\u00fan y un proyecto de gesti\u00f3n\u201d. Dif\u00edcil tarea, aunque claro que hay tiempo.<\/strong> El horizonte que se traza es el 2027.<\/p>\n\n\n\n<figure class=\"wp-block-image size-full\"><img data-recalc-dims=\"1\" loading=\"lazy\" decoding=\"async\" width=\"800\" height=\"450\" src=\"https:\/\/i0.wp.com\/cdnoticias.com\/wp-content\/uploads\/2023\/12\/jura-hcd-concejales-lascano-18.jpg?resize=800%2C450&#038;ssl=1\" alt=\"\" class=\"wp-image-104073\" srcset=\"https:\/\/i0.wp.com\/cdnoticias.com\/wp-content\/uploads\/2023\/12\/jura-hcd-concejales-lascano-18.jpg?w=800&amp;ssl=1 800w, https:\/\/i0.wp.com\/cdnoticias.com\/wp-content\/uploads\/2023\/12\/jura-hcd-concejales-lascano-18.jpg?resize=300%2C169&amp;ssl=1 300w, https:\/\/i0.wp.com\/cdnoticias.com\/wp-content\/uploads\/2023\/12\/jura-hcd-concejales-lascano-18.jpg?resize=768%2C432&amp;ssl=1 768w\" sizes=\"auto, (max-width: 800px) 100vw, 800px\" \/><\/figure>\n\n\n\n<p><strong>Dijimos que el hoy titular de PAMI quiere estar presente en la agenda local. \u00bfPodemos pensar en que vuelva a ocupar su banca al Concejo Deliberante? <\/strong>Hicimos la pregunta y la verdad que no fue nada descabellada. No hay hoy una respuesta concreta, pero es un tema de an\u00e1lisis que tanto Lascano como Arouxet se agendaron para el inicio del 2025. <strong>Primero se tomar\u00e1n unas vacaciones, con el cierre de este a\u00f1o, y despu\u00e9s estudiar\u00e1n la mejor forma de encarar el a\u00f1o electoral y los regresos de uno de los dos o de ambos al Legislativo es una variable que ser\u00e1 considerada. Por lo pronto, nosotros anotamos el segundo regreso potencial de esta edici\u00f3n. En este caso, a una banca en el HCD.<\/strong><\/p>\n\n\n\n<p class=\"has-large-font-size\"><strong><u>Pero en el mundo libertario pasan m\u00e1s cosas<\/u><\/strong><\/p>\n\n\n\n<p>El 9 de diciembre eran cuatro. Se fueron dos a cargos nacionales. Asumieron dos suplentes. Un titular se fue. Otra de las titulares, al poco tiempo, tambi\u00e9n. Segu\u00edan siendo cuatro, pero eran dos suplentes, un titular y una titular. Y ahora los dos titulares se juntaron. <strong>\u00bfNo entendiste nada? Par\u00e1 que lo resumimos.<\/strong><\/p>\n\n\n\n<p>Es que tras las salidas de<strong> Marcelo Petehs y Adela Casamayor de Ahora Olavarr\u00eda (con acusaciones, de mayor o menor tenor, de tener diferencias irreconciliables con Celeste Arouxet) los dos hab\u00edan formado cada uno su unibloque: Libertad Olavarr\u00eda y Cimientos de Libertad.<\/strong><\/p>\n\n\n\n<p>Bueno, este s\u00e1bado, eso cambi\u00f3:<strong> los dos concejales (que coincidieron en afirmar que son \u201ctitulares\u201d de sus bancas) crearon un nuevo espacio (con su correspondiente bloque): \u201cPor m\u00e1s libertad\u201d.<\/strong><\/p>\n\n\n\n<figure class=\"wp-block-image size-full\"><img data-recalc-dims=\"1\" loading=\"lazy\" decoding=\"async\" width=\"800\" height=\"391\" src=\"https:\/\/i0.wp.com\/cdnoticias.com\/wp-content\/uploads\/2024\/11\/por-mas-libertad.jpg?resize=800%2C391&#038;ssl=1\" alt=\"\" class=\"wp-image-131059\" srcset=\"https:\/\/i0.wp.com\/cdnoticias.com\/wp-content\/uploads\/2024\/11\/por-mas-libertad.jpg?w=845&amp;ssl=1 845w, https:\/\/i0.wp.com\/cdnoticias.com\/wp-content\/uploads\/2024\/11\/por-mas-libertad.jpg?resize=300%2C147&amp;ssl=1 300w, https:\/\/i0.wp.com\/cdnoticias.com\/wp-content\/uploads\/2024\/11\/por-mas-libertad.jpg?resize=768%2C375&amp;ssl=1 768w\" sizes=\"auto, (max-width: 800px) 100vw, 800px\" \/><\/figure>\n\n\n\n<p>Adem\u00e1s, sumaron otro d\u00edscolo de Ahora Olavarr\u00eda<em>:<\/em><strong> Pedro Magallanes, consejero escolar electo que se fue del espacio denunciando, incluso, que sufri\u00f3 aprietes para que renuncie al cargo en el que hab\u00eda sido electo.<\/strong><em> <\/em>Magallanes tiene mayor afinidad con Victoria Villarruel, aunque obviamente hay lealtad a Javier Milei.<\/p>\n\n\n\n<p>El dato sobresaliente: <strong>hubo visto bueno de Sebasti\u00e1n Pareja para generar el espacio<\/strong>. \u201cPiensan parecido, trabajan bien y no tienen diferencias\u2026\u00bfpor qu\u00e9 no habr\u00edan de generar un espacio para unificar el espacio libertario en Olavarr\u00eda?\u201d dijo un dirigente seccional ante la consulta de este newsletter por la decisi\u00f3n de los legisladores.<\/p>\n\n\n\n<p>Y viene con un correlato y con una respuesta.<strong> El correlato: tras el \u201ctir\u00f3n de orejas\u201d de empezar a unificar los espacios de Alejandro Speroni -referente seccional de LLA- los dirigentes empezaron a mirarse m\u00e1s y arrimarse en las similitudes, que para Petehs, Casamayor y Magallanes son muchas.<\/strong><\/p>\n\n\n\n<p>\u00bfLa respuesta? Hubo un cuestionamiento a este presunto \u201cnuevo rol\u201d de Lascano como referencia local. <strong>Es que en realidad el cuestionamiento no pasa por Lascano en s\u00ed, sino que es enga\u00f1oso porque falta una parte. Seg\u00fan la fuente integrante de La Libertad Avanza, \u201csi Lascano es referente local es porque Arouxet busca ser la referente seccional\u201d. Y ah\u00ed aparece un escollo: Alejandro Speroni.<\/strong><\/p>\n\n\n\n<p>Speroni ha sido un factor determinante en el funcionamiento de La Libertad Avanza en la S\u00e9ptima. <strong>No s\u00f3lo eso: sus referencias (integra el Ministerio de Econom\u00eda, se imaginar\u00e1n qui\u00e9n es su padrino pol\u00edtico) lo hacen s\u00f3lido a la hora de gestionar la pol\u00edtica y ordenar de cara a 2025. Celeste Arouxet quiere ese lugar, y los ruidos de todos los espacios d\u00edscolos de La Libertad Avanza se hicieron sentir en las \u00faltimas horas.<\/strong><\/p>\n\n\n\n<p>Tanto, que un dirigente que oficia de \u201crosquero\u201d blanque\u00f3 a este newsletter<strong> las complejidades del posible acuerdo entre Galli y Arouxet y el rol de todos los espacios que integran La Libertad Avanza, desde el bloque d\u00edscolo del HCD, el espacio de Espert, La P\u00farpura, hasta Pro-Libertad. Si a todo eso le sumamos al gallismo\u2026parece mucho para poco lugar.<\/strong> Igual es una mera especulaci\u00f3n: el resumen de este an\u00e1lisis est\u00e1 en \u201cla apertura\u201d que tendr\u00e1 Arouxet con todos los espacios. Y si no lo hay, qu\u00e9 suceder\u00e1.<\/p>\n\n\n\n<p>Ya venimos, adem\u00e1s, de<strong> un roce concreto entre Arouxet y Speroni, lo contamos semanas atr\u00e1s en este mismo espacio. Entonces, todos apuestan fuerte y es momento de la construcci\u00f3n. <\/strong>Y cada uno tiene su objetivo: hay tres lugares en senadores provinciales, diez en el HCD, cuatro en consejeros escolares.<\/p>\n\n\n\n<p class=\"has-large-font-size\"><strong><u>\u00bfSe viene la sesi\u00f3n m\u00e1s larga del a\u00f1o?<\/u><\/strong><\/p>\n\n\n\n<figure class=\"wp-block-image size-large\"><img data-recalc-dims=\"1\" loading=\"lazy\" decoding=\"async\" width=\"800\" height=\"445\" src=\"https:\/\/i0.wp.com\/cdnoticias.com\/wp-content\/uploads\/2024\/05\/mercedes-landivar-estacionamiento-1024x570.jpg?resize=800%2C445&#038;ssl=1\" alt=\"\" class=\"wp-image-115796\" srcset=\"https:\/\/i0.wp.com\/cdnoticias.com\/wp-content\/uploads\/2024\/05\/mercedes-landivar-estacionamiento-scaled.jpg?resize=1024%2C570&amp;ssl=1 1024w, https:\/\/i0.wp.com\/cdnoticias.com\/wp-content\/uploads\/2024\/05\/mercedes-landivar-estacionamiento-scaled.jpg?resize=300%2C167&amp;ssl=1 300w, https:\/\/i0.wp.com\/cdnoticias.com\/wp-content\/uploads\/2024\/05\/mercedes-landivar-estacionamiento-scaled.jpg?resize=768%2C427&amp;ssl=1 768w, https:\/\/i0.wp.com\/cdnoticias.com\/wp-content\/uploads\/2024\/05\/mercedes-landivar-estacionamiento-scaled.jpg?resize=1536%2C855&amp;ssl=1 1536w, https:\/\/i0.wp.com\/cdnoticias.com\/wp-content\/uploads\/2024\/05\/mercedes-landivar-estacionamiento-scaled.jpg?resize=2048%2C1140&amp;ssl=1 2048w, https:\/\/i0.wp.com\/cdnoticias.com\/wp-content\/uploads\/2024\/05\/mercedes-landivar-estacionamiento-scaled.jpg?resize=800%2C445&amp;ssl=1 800w, https:\/\/i0.wp.com\/cdnoticias.com\/wp-content\/uploads\/2024\/05\/mercedes-landivar-estacionamiento-scaled.jpg?w=1600&amp;ssl=1 1600w, https:\/\/i0.wp.com\/cdnoticias.com\/wp-content\/uploads\/2024\/05\/mercedes-landivar-estacionamiento-scaled.jpg?w=2400&amp;ssl=1 2400w\" sizes=\"auto, (max-width: 800px) 100vw, 800px\" \/><\/figure>\n\n\n\n<p>Muy probablemente.<strong> Imaginamos a la jefa de gabinete Mercedes Land\u00edvar entrenando con locutores o fonaudi\u00f3logos. Va a tener que responder m\u00e1s de 100 preguntas de los bloques opositores en lo que el jueves va a ser su primer informe de gesti\u00f3n al Concejo Deliberante.<\/strong><\/p>\n\n\n\n<p>La semana pasada te contamos algo de lo que hab\u00eda adelantado el bloque Pro-ERF y una previsi\u00f3n de algunos de los temas sobre los que consultaron. Para decirlo resumidamente: es una especie de repaso de todo el a\u00f1o de gesti\u00f3n. <strong>Por \u00e1rea y por temas apuntan a unos 30 y pico de aspectos dentro de los cuales incluyeron distintos pedidos de informaci\u00f3n puntual.<\/strong><\/p>\n\n\n\n<p><strong>Una impronta similar tuvo la UCR que estructur\u00f3 sus consultas en 62 preguntas<\/strong>. Tambi\u00e9n son un repaso de la gesti\u00f3n durante el a\u00f1o y hay varias consultas acerca del origen o los fundamentos de algunas decisiones del Ejecutivo.<\/p>\n\n\n\n<p><strong>La bancada de La Libertad Avanza resumi\u00f3 sus consultas en poco m\u00e1s de una decena de preguntas \u201cde car\u00e1cter abiertas\u201d <\/strong>para que la jefa de gabinete se explaye.<\/p>\n\n\n\n<p><strong>\u00bfQu\u00e9 hay en com\u00fan? <\/strong>El tema empleados -cantidad y formas de contrataciones- es un eje com\u00fan de los concejales abordado de distintas formas, all\u00ed contamos tambi\u00e9n a las contrataciones y concesiones a cooperativas, y el Pro-ERF avanz\u00f3 a consultar puntualmente sobre \u201cla contrataci\u00f3n\u201d de C\u00e9sar Valicenti.<strong> Obras p\u00fablicas es otro gran punto de preguntas, en forma gen\u00e9rica y con distintos grados de especificidad, todos los bloques incluyeron esto. Obras puntuales y montos de inversi\u00f3n son respuestas esperadas.<\/strong><\/p>\n\n\n\n<p><strong>Desde el radicalismo se incluyeron una serie de preguntas sobre el \u00e1rea de seguridad, y desde el Pro-ERF se sumaron tambi\u00e9n varias consultas sobre salud y proyecciones relacionadas al Presupuesto 2025<\/strong> para distintas \u00e1reas. Hay que se\u00f1alar que,<strong> justamente esto \u00faltimo es el origen formal del informe de gesti\u00f3n ubicado en el segundo semestre.<\/strong><\/p>\n\n\n\n<p>Adem\u00e1s, la del jueves va a ser la \u00faltima sesi\u00f3n ordinaria del a\u00f1o con lo que es probable que los bloques quieran incluir muchos temas propios en el orden del d\u00eda, especialmente los expedientes que de no tratarse pierden estado parlamentario.<strong> La bancada de La Libertad Avanza ya adelant\u00f3 uno de los proyectos que espera debatir: la cesi\u00f3n del edificio a Talleres Protegidos para poner en funcionamiento el Centro de D\u00eda, edificio construido entre 2016 y 2017.<\/strong><\/p>\n\n\n\n<p>\u00bfDijimos todo esto para justificar que la edici\u00f3n del domingo que viene va a ser probablemente largu\u00edsima? Adivinaste.<\/p>\n\n\n\n<p class=\"has-large-font-size\"><strong><u>Fondos para obras<\/u><\/strong><\/p>\n\n\n\n<figure class=\"wp-block-image size-full\"><img data-recalc-dims=\"1\" loading=\"lazy\" decoding=\"async\" width=\"800\" height=\"440\" src=\"https:\/\/i0.wp.com\/cdnoticias.com\/wp-content\/uploads\/2024\/11\/wesner-escuela-502-obras3.jpg?resize=800%2C440&#038;ssl=1\" alt=\"\" class=\"wp-image-130750\" srcset=\"https:\/\/i0.wp.com\/cdnoticias.com\/wp-content\/uploads\/2024\/11\/wesner-escuela-502-obras3.jpg?w=900&amp;ssl=1 900w, https:\/\/i0.wp.com\/cdnoticias.com\/wp-content\/uploads\/2024\/11\/wesner-escuela-502-obras3.jpg?resize=300%2C165&amp;ssl=1 300w, https:\/\/i0.wp.com\/cdnoticias.com\/wp-content\/uploads\/2024\/11\/wesner-escuela-502-obras3.jpg?resize=768%2C422&amp;ssl=1 768w\" sizes=\"auto, (max-width: 800px) 100vw, 800px\" \/><\/figure>\n\n\n\n<p>En las \u00faltimas semanas tuvimos distintas informaciones sobre las inversiones en obras p\u00fablicas que se prev\u00e9n para 2025, un poco de la mano de las presentaciones de presupuestos de cada nivel de gesti\u00f3n.<\/p>\n\n\n\n<p><strong>En el caso del proyectado de inversiones de Maximiliano Wesner ya lo contamos a fin de octubre y hay muy poca informaci\u00f3n nueva. Solamente mencionar que esta semana se abrieron las ofertas para la pavimentaci\u00f3n de un tramo de avenida La Rioja<\/strong> que, en palabras de la Secretar\u00eda de Obras P\u00fablicas, es <em>\u201cuna de las obras m\u00e1s importantes para la gesti\u00f3n\u201d<\/em> por el monto previsto -875,8 millones- y por el impacto con cambios en el tr\u00e1nsito. Siete oferentes se presentaron y casi todos con ofertas por debajo del presupuesto oficial.<strong> Una muy por debajo, la de PECMA con poco m\u00e1s de 587 millones.<\/strong><\/p>\n\n\n\n<p>Accedimos tambi\u00e9n a <strong>las obras previstas en el presupuesto de Axel Kicillof para 2025 y est\u00e1 el esperado colector cloacal norte: 626 millones de pesos es el monto dado a conocer. La continuidad del Polo Judicial se lleva el mayor presupuesto de todos -el mayor de toda la secci\u00f3n s\u00e9ptima inclusive- con la erogaci\u00f3n prevista de 6.900 millones de pesos. Tambi\u00e9n est\u00e1n la finalizaci\u00f3n de la Casa de la Provincia con el destino de 80 millones de pesos y la continuidad de las 100 casas del barrio CECO III para la que se anotaron 834,9 millones.<\/strong><\/p>\n\n\n\n<p>Hay una obra m\u00e1s: <strong>mejoras en el ex CCD Monte Peloni donde se construir\u00e1n un SUM y sanitarios p\u00fablicos. Para eso se destinar\u00e1n 177,6 millones de pesos.<\/strong><\/p>\n\n\n\n<p>\u00bfY a nivel nacional? En la anterior sesi\u00f3n del Concejo<strong>, el libertario Oliver Gamondi adelant\u00f3 que desde la Naci\u00f3n se proyectaba el reinicio de algunas obras que frenaron a cero en el comienzo del mandato de Javier Milei. Lo dijo en referencia a la ampliaci\u00f3n de la ruta 3, pero tambi\u00e9n a la construcci\u00f3n del puente elevado en el acceso a Sierras Bayas por ruta 226. <\/strong>Le preguntamos al concejal por ese tema y cont\u00f3 que el dato surgi\u00f3 en concreto desde Vialidad Nacional, puntualmente de la sede de Bah\u00eda Blanca que es la regional que incluye a Olavarr\u00eda, aunque destac\u00f3 que la intenci\u00f3n de Naci\u00f3n es \u201cque arranquen todas las obras\u201d.<\/p>\n\n\n\n<p>En la sede de Bah\u00eda Blanca contar\u00edan ya con un listado de obras prontas a retomarse, que son las que est\u00e1n en condiciones administrativas de hacerlo. Ya se relicitaron o se revisaron las condiciones de contrataci\u00f3n<strong>. La gesti\u00f3n de Milei puso la lupa en la b\u00fasqueda de presuntas irregularidades de la gesti\u00f3n anterior y ese fue uno de los argumentos para el freno a cero. Decimos uno de los argumentos, porque el primero fue la ya ic\u00f3nica frase \u201cno hay plata\u201d.<\/strong><\/p>\n\n\n\n<p>Claro que el 2025 es electoral y m\u00e1s all\u00e1 de todos los argumentos que se verbalicen, ning\u00fan gobierno va a despreciar una estrategia que le pueda sumar votos.<\/p>\n\n\n\n<p class=\"has-large-font-size\"><strong><u>Axel estuvo en la tierra prometida<\/u><\/strong><\/p>\n\n\n\n<figure class=\"wp-block-image size-large\"><img data-recalc-dims=\"1\" loading=\"lazy\" decoding=\"async\" width=\"800\" height=\"534\" src=\"https:\/\/i0.wp.com\/cdnoticias.com\/wp-content\/uploads\/2024\/11\/GdBE6bXXIAE_Fxv.jpeg?resize=800%2C534&#038;ssl=1\" alt=\"\" class=\"wp-image-131108\" srcset=\"https:\/\/i0.wp.com\/cdnoticias.com\/wp-content\/uploads\/2024\/11\/GdBE6bXXIAE_Fxv-scaled.jpeg?resize=1024%2C683&amp;ssl=1 1024w, https:\/\/i0.wp.com\/cdnoticias.com\/wp-content\/uploads\/2024\/11\/GdBE6bXXIAE_Fxv-scaled.jpeg?resize=300%2C200&amp;ssl=1 300w, https:\/\/i0.wp.com\/cdnoticias.com\/wp-content\/uploads\/2024\/11\/GdBE6bXXIAE_Fxv-scaled.jpeg?resize=768%2C512&amp;ssl=1 768w, https:\/\/i0.wp.com\/cdnoticias.com\/wp-content\/uploads\/2024\/11\/GdBE6bXXIAE_Fxv-scaled.jpeg?resize=1536%2C1024&amp;ssl=1 1536w, https:\/\/i0.wp.com\/cdnoticias.com\/wp-content\/uploads\/2024\/11\/GdBE6bXXIAE_Fxv-scaled.jpeg?resize=2048%2C1365&amp;ssl=1 2048w, https:\/\/i0.wp.com\/cdnoticias.com\/wp-content\/uploads\/2024\/11\/GdBE6bXXIAE_Fxv-scaled.jpeg?resize=272%2C182&amp;ssl=1 272w, https:\/\/i0.wp.com\/cdnoticias.com\/wp-content\/uploads\/2024\/11\/GdBE6bXXIAE_Fxv-scaled.jpeg?w=1600&amp;ssl=1 1600w, https:\/\/i0.wp.com\/cdnoticias.com\/wp-content\/uploads\/2024\/11\/GdBE6bXXIAE_Fxv-scaled.jpeg?w=2400&amp;ssl=1 2400w\" sizes=\"auto, (max-width: 800px) 100vw, 800px\" \/><\/figure>\n\n\n\n<p><strong>El gobernador Kicillof volvi\u00f3 a pasarle cerca a Olavarr\u00eda: estuvo en Tapalqu\u00e9<\/strong> para inaugurar un complejo de piletas que acompa\u00f1a todo el predio de aguas termales de la vecina ciudad. M\u00e1s all\u00e1 de que qued\u00f3 muy pituco (e incluso con alguna similitud al balneario de Laprida) vamos a analizar las presencias pol\u00edticas, y un salpicado de lo que sucede a nivel electoral.<\/p>\n\n\n\n<p>Primero:<strong> \u00bfqui\u00e9n estuvo de Olavarr\u00eda? El Intendente Wesner peg\u00f3 el faltazo. Alg\u00fan dirigente manifest\u00f3 \u201csorpresa\u201d por su ausencia, dando a entender que lo esperaban. Pero hubo presencia olavarriense: la m\u00e1s cercana a Kicillof fue la concejal Liliana Schwindt, integrante de la agrupaci\u00f3n de Cristina \u00c1lvarez Rodr\u00edguez, \u201cLa corriente\u201d y Eduardo Rodr\u00edguez, representando al Frente Renovador<\/strong> con varios dirigentes del massismo, como Ricardo Lissalde. Ellos tuvieron su foto con el gobernador e incluso hubo momentos para charlas, como la que tuvo Rodr\u00edguez a solas seg\u00fan logr\u00f3 saber este newsletter.<\/p>\n\n\n\n<figure class=\"wp-block-image size-large\"><img data-recalc-dims=\"1\" loading=\"lazy\" decoding=\"async\" width=\"800\" height=\"585\" src=\"https:\/\/i0.wp.com\/cdnoticias.com\/wp-content\/uploads\/2024\/11\/WhatsApp-Image-2024-11-22-at-16.20.28.jpeg?resize=800%2C585&#038;ssl=1\" alt=\"\" class=\"wp-image-131106\" srcset=\"https:\/\/i0.wp.com\/cdnoticias.com\/wp-content\/uploads\/2024\/11\/WhatsApp-Image-2024-11-22-at-16.20.28.jpeg?resize=1024%2C749&amp;ssl=1 1024w, https:\/\/i0.wp.com\/cdnoticias.com\/wp-content\/uploads\/2024\/11\/WhatsApp-Image-2024-11-22-at-16.20.28.jpeg?resize=300%2C219&amp;ssl=1 300w, https:\/\/i0.wp.com\/cdnoticias.com\/wp-content\/uploads\/2024\/11\/WhatsApp-Image-2024-11-22-at-16.20.28.jpeg?resize=768%2C562&amp;ssl=1 768w, https:\/\/i0.wp.com\/cdnoticias.com\/wp-content\/uploads\/2024\/11\/WhatsApp-Image-2024-11-22-at-16.20.28.jpeg?resize=1536%2C1123&amp;ssl=1 1536w, https:\/\/i0.wp.com\/cdnoticias.com\/wp-content\/uploads\/2024\/11\/WhatsApp-Image-2024-11-22-at-16.20.28.jpeg?w=1600&amp;ssl=1 1600w\" sizes=\"auto, (max-width: 800px) 100vw, 800px\" \/><\/figure>\n\n\n\n<p><strong>Tambi\u00e9n estuvo Jos\u00e9 Salvador Stuppia, representando al STMO en conjunto con otros integrantes del sindicato.<\/strong> Seg\u00fan informaron a VAF algunos que vieron la secuencia en vivo en Tapalqu\u00e9, le presentaron al gobernador una carpeta con \u201csu visi\u00f3n del conflicto\u201d con el Ejecutivo local y otros temas como IOMA.<\/p>\n\n\n\n<p>De hecho, <strong>hubo manifestaci\u00f3n de autoconvocados de IOMA que lograron reunirse con el gobernador en Tapalqu\u00e9. Llevan un mes y 24 d\u00edas sin prestaciones m\u00e9dicas por el corte de convenio en localidades del centro de la provincia. En Olavarr\u00eda se habl\u00f3 de un avance en las negociaciones entre el C\u00edrculo M\u00e9dico y COCEBA<\/strong>, pero los afiliados que se manifiestan insisten en rechazar esa intermediaci\u00f3n, quieren un acuerdo directo y adelantaron que har\u00edan otra protesta en el marco de la fiesta aniversario de la ciudad.<\/p>\n\n\n\n<p>La cosa es que<strong> en Tapalqu\u00e9 Kicillof fue consultado sobre el tema.<\/strong> Tras exponer sobre el panorama sanitario general con costos en ascenso y mayor demanda en el sistema p\u00fablico, dijo sobre IOMA que<strong> &#8220;era un modelo que intentamos modificarlo desde el comienzo y lo hemos hecho en varios lugares porque hay intermediaci\u00f3n entre IOMA que es el que paga y el m\u00e9dico que es el que labura&#8221;. <\/strong>Para fundamentar la decisi\u00f3n de cortar los acuerdos con FEMEBA a\u00f1adi\u00f3: &#8220;si hay intermediarios hay un adicional y tal vez en otro momento pod\u00eda pasarse por alto pero en este caso donde est\u00e1n tan presionados los costos de los servicios de salud, hay que hace todo m\u00e1s eficiente y eso trae inconvenientes&#8221;.<strong> \u00bfPero entonces c\u00f3mo se explica el acuerdo IOMA-COCEBA<\/strong>?<a href=\"https:\/\/infocielo.com\/politica-y-economia\/axel-kicillof-hablo-los-problemas-ioma-y-avalo-la-quita-intermediarios-n796820\" target=\"_blank\" rel=\"noreferrer noopener\"> El detalle, lo cont\u00f3 Sergio Di Pino en Infocielo. <\/a><\/p>\n\n\n\n<p>En paralelo, <strong>FEMEBA da se\u00f1ales de pretender recuperar su rol en los municipios donde la Provincia los cort\u00f3, o al menos mantener su presencia para subrayar el d\u00e9ficit en los servicios de la obra social.<\/strong><\/p>\n\n\n\n<p class=\"has-large-font-size\"><strong><u>Cortitas<\/u><\/strong><\/p>\n\n\n\n<p><strong>Escuelas Especiales: manifestaci\u00f3n<\/strong>. Salvado el conflicto con el ISFD 22, otra vez las autoridades educativas vuelven al centro de un conflicto. En este caso, <a href=\"https:\/\/www.lu32.com.ar\/nota\/116560\/comunidades-de-escuelas-especiales-se-manifestaron-en-contra-de-un-egreso-compulsivo-de-las-instituciones\" target=\"_blank\" rel=\"noreferrer noopener\">quieren limitar a dos a\u00f1os la escolaridad en estos establecimientos\u00a0 y hay rechazo de las comunidades.<\/a> <a href=\"https:\/\/cdnoticias.com\/index.php\/2024\/11\/22\/familiares-y-estudiantes-de-escuelas-especiales-se-movilizaron-al-consejo-escolar\/\" target=\"_blank\" rel=\"noreferrer noopener\">La UCR present\u00f3 un proyecto sobre el tema en el HCD. <\/a>Paradojas del destino, fue la semana donde se vio nuevamente a las autoridades educativas en actos locales, tales como el cierre del HCD Estudiantil o la inauguraci\u00f3n de las remodelaciones en la Escuela Primaria N\u00b058.<\/p>\n\n\n\n<p><strong>Contaminaci\u00f3n con agroqu\u00edmicos<\/strong>. Es una denuncia que expusieron p\u00fablicamente vecinos de Colonia San Miguel y pidieron en el HCD modificar la ordenanza que regula esas aplicaciones.<\/p>\n\n\n\n<p><strong>La Unicen \u201cno tuvo ninguna decisi\u00f3n\u201d<\/strong>. B\u00e1sicamente es lo que dijo el rector, Marcelo Aba,<a href=\"https:\/\/www.lu32.com.ar\/nota\/116561\/obra-en-ciencias-de-la-salud-la-universidad-no-tuvo-ninguna-decision-en-esto\" target=\"_blank\" rel=\"noreferrer noopener\"> sobre que no se incluy\u00f3 en la financiaci\u00f3n de la Provincia para la finalizaci\u00f3n del edificio de la Facultad de Salud. <\/a><\/p>\n\n\n\n<p><strong>D\u00eda del Militante Peronista<\/strong>. Desde Olavarr\u00eda, militantes de Principios y Valores fueron al acto de Guillermo Moreno en Mar del Plata. \u201cDesde Olavarr\u00eda reafirmamos que el mundo est\u00e1 entrando en un nuevo orden de nacionalismos, como venimos diciendo en Principios y Valores. Es indispensable retomar las bases doctrinarias y ser protagonistas de esta transformaci\u00f3n\u201d dijo el referente local Alan Aguirre.<\/p>\n\n\n\n<p class=\"has-large-font-size\"><strong>El newsletter<\/strong><\/p>\n\n\n\n<p>Esta publicaci\u00f3n es la edici\u00f3n de este domingo del newsletter Volver a las Fuentes que escriben Alexis Grierson y Josefina Bargas. <a href=\"https:\/\/linktr.ee\/volveralasfuentes\">Tiene un sistema de suscripci\u00f3n econ\u00f3mica y aportes \u00fanicos al que se puede acceder aqu\u00ed.<\/a><\/p>\n","protected":false},"excerpt":{"rendered":"<p>\u00bfEzequiel Galli candidato en 2025? Las opciones y las reuniones con La Libertad Avanza. El espacio libertario, otra vez, se<\/p>\n","protected":false},"author":2,"featured_media":131105,"comment_status":"closed","ping_status":"closed","sticky":false,"template":"","format":"standard","meta":{"_jetpack_memberships_contains_paid_content":false,"footnotes":""},"categories":[4,1],"tags":[],"class_list":["post-131104","post","type-post","status-publish","format-standard","has-post-thumbnail","hentry","category-politica","category-portada"],"jetpack_featured_media_url":"https:\/\/i0.wp.com\/cdnoticias.com\/wp-content\/uploads\/2024\/11\/WhatsApp-Image-2024-11-24-at-09.28.59.jpeg?fit=1600%2C1066&ssl=1","jetpack_sharing_enabled":true,"_links":{"self":[{"href":"https:\/\/cdnoticias.com\/index.php\/wp-json\/wp\/v2\/posts\/131104","targetHints":{"allow":["GET"]}}],"collection":[{"href":"https:\/\/cdnoticias.com\/index.php\/wp-json\/wp\/v2\/posts"}],"about":[{"href":"https:\/\/cdnoticias.com\/index.php\/wp-json\/wp\/v2\/types\/post"}],"author":[{"embeddable":true,"href":"https:\/\/cdnoticias.com\/index.php\/wp-json\/wp\/v2\/users\/2"}],"replies":[{"embeddable":true,"href":"https:\/\/cdnoticias.com\/index.php\/wp-json\/wp\/v2\/comments?post=131104"}],"version-history":[{"count":0,"href":"https:\/\/cdnoticias.com\/index.php\/wp-json\/wp\/v2\/posts\/131104\/revisions"}],"wp:featuredmedia":[{"embeddable":true,"href":"https:\/\/cdnoticias.com\/index.php\/wp-json\/wp\/v2\/media\/131105"}],"wp:attachment":[{"href":"https:\/\/cdnoticias.com\/index.php\/wp-json\/wp\/v2\/media?parent=131104"}],"wp:term":[{"taxonomy":"category","embeddable":true,"href":"https:\/\/cdnoticias.com\/index.php\/wp-json\/wp\/v2\/categories?post=131104"},{"taxonomy":"post_tag","embeddable":true,"href":"https:\/\/cdnoticias.com\/index.php\/wp-json\/wp\/v2\/tags?post=131104"}],"curies":[{"name":"wp","href":"https:\/\/api.w.org\/{rel}","templated":true}]}}