{"id":131100,"date":"2024-11-24T16:43:52","date_gmt":"2024-11-24T19:43:52","guid":{"rendered":"https:\/\/cdnoticias.com\/?p=131100"},"modified":"2024-11-24T19:53:25","modified_gmt":"2024-11-24T22:53:25","slug":"fiesta-de-olavarria-el-lunes-desde-las-15-subiran-los-artistas-al-escenario","status":"publish","type":"post","link":"https:\/\/cdnoticias.com\/index.php\/2024\/11\/24\/fiesta-de-olavarria-el-lunes-desde-las-15-subiran-los-artistas-al-escenario\/","title":{"rendered":"Fiesta de Olavarr\u00eda: el lunes desde las 15 subir\u00e1n los artistas al escenario"},"content":{"rendered":"\n<p>El aniversario 157\u00b0 de la ciudad debi\u00f3 reprogramarse por las malas condiciones clim\u00e1ticas. El patio de comidas abrir\u00e1 a las 12:00.<\/p>\n\n\n\n<hr class=\"wp-block-separator has-alpha-channel-opacity\"\/>\n\n\n\n<p>La Fiesta 157\u00ba Aniversario de Olavarr\u00eda se realizar\u00e1 este lunes 25 de noviembre dado el anuncio de<a href=\"https:\/\/cdnoticias.com\/index.php\/2024\/11\/23\/el-alerta-por-tormentas-para-olavarria-subio-al-nivel-naranja\/\" data-type=\"link\" data-id=\"https:\/\/cdnoticias.com\/index.php\/2024\/11\/23\/el-alerta-por-tormentas-para-olavarria-subio-al-nivel-naranja\/\"> alerta por tormentas nivel naranja para la tarde del domingo.<\/a><\/p>\n\n\n\n<p><\/p>\n\n\n\n<p>El evento <a href=\"https:\/\/cdnoticias.com\/index.php\/2024\/11\/23\/por-el-alerta-por-tormentas-reprogramaron-la-fiesta-de-olavarria-para-el-lunes-25\/\" data-type=\"link\" data-id=\"https:\/\/cdnoticias.com\/index.php\/2024\/11\/23\/por-el-alerta-por-tormentas-reprogramaron-la-fiesta-de-olavarria-para-el-lunes-25\/\">fue reprogramado <\/a>y comenzar\u00e1 el lunes desde las 15 horas, en Parque \u201cHelios Eseverri\u201d, los foodtrucks y todo el sector gastron\u00f3mico y de emprendedores estar\u00e1 abierto desde las 12:00.<\/p>\n\n\n\n<p><\/p>\n\n\n\n<p>Tal como se anunci\u00f3 d\u00edas atr\u00e1s la grilla de artistas que estar\u00e1n en el escenario central est\u00e1 conformada por: <strong>Paloma Pacheco, Gian Lucas, Viajando a Mercurio, Caos, Forasteros, Mart\u00edn Barraza, Fac\u00f3n y el DJ Nico Vallorani. El show principal estar\u00e1 a cargo de Bersuit Vergarabat y durante toda la jornada se contar\u00e1 con la participaci\u00f3n del DJ Agust\u00edn Senger.<\/strong><\/p>\n\n\n\n<p><\/p>\n\n\n\n<p>La fiesta tendr\u00e1 <strong>stands de emprendedores, artesanos, localidades, colectividades, food trucks y cerveceros,<\/strong> para disfrutar durante todo el evento.<\/p>\n\n\n\n<p><\/p>\n\n\n\n<p>A continuaci\u00f3n, te compartimos la grilla de la fiesta:<\/p>\n\n\n\n<p><br>-16: 00 Apertura: DJ Nico Vallorani.<br>-16:40 Paloma Pacheco.<br>-17:20 Viajando a Mercurio.<\/p>\n\n\n\n<p>-18:00 Mart\u00edn Barraza.\u2060<br>-18:40 Gian Lucas.<br>-19:20 Caos.<br>-20:00 Forasteros.<br>-20:40 Fac\u00f3n<br>-21:30 Bersuit Vergarabat<br>-22:30 DJ Nico Vallorani<\/p>\n\n\n\n<p><\/p>\n\n\n\n<p><strong>Puestos de comida<\/strong><\/p>\n\n\n\n<p><br><strong>Desde las 12 horas est\u00e1n habilitados los puestos de comida <\/strong>que, a\u00f1o a a\u00f1o, son representados por nuestras localidades y colectividades. A los que se han sumado los foodtrucks y emprendedores de Olavarr\u00eda con toda la variedad de propuestas gastron\u00f3micas.<\/p>\n\n\n\n<p><\/p>\n\n\n\n<p>A trav\u00e9s de la gesti\u00f3n realizada por las Delegaciones Municipales est\u00e1n participando las localidades del Partido y los representantes de las colectividades de: Centro Vasco, Sociedad Portuguesa, Sociedad Libanesa, Alemanes, Franceses, Eslovenia y Venezolanos.<\/p>\n\n\n\n<p><\/p>\n\n\n\n<p><strong>Artesanos<\/strong><\/p>\n\n\n\n<p><\/p>\n\n\n\n<p>Sobre la margen del arroyo, a la izquierda del escenario se podr\u00e1n encontrar alrededor de <strong>100 artesanos de Olavarr\u00eda<\/strong> y, en un trabajo conjunto con el \u00e1rea de Desarrollo Econ\u00f3mico, <strong>se suman a la propuesta Microemprendedores de nuestra ciudad.<\/strong><\/p>\n\n\n\n<p><\/p>\n\n\n\n<p><strong>Servicios<\/strong><\/p>\n\n\n\n<p><\/p>\n\n\n\n<p>Los <strong>ba\u00f1os qu\u00edmicos estar\u00e1n instalados en la zona de los artesanos<\/strong>, y en la zona del parque cercana a Alsina y Juan XXIII y al costado del arroyo.<\/p>\n\n\n\n<p><\/p>\n\n\n\n<p>En tanto que <strong>los contenedores de basura se encontrar\u00e1n distribuidos en el parque<\/strong> y se solicita a todos los concurrentes colaborar con la limpieza del lugar, depositado los residuos en los lugares indicados.<\/p>\n\n\n\n<p><\/p>\n\n\n\n<p><strong>El Centro de Atenci\u00f3n de Urgencias y las ambulancias estar\u00e1n ubicadas en los laterales del escenario y sobre el parque. <\/strong>Pertenecen al servicio del Hospital Municipal (SAME) y a SEM.<\/p>\n\n\n\n<p><\/p>\n\n\n\n<p>Tambi\u00e9n habr\u00e1 dos <strong>gazebos con personal m\u00e9dico y enfermeros del Hospital Municipal; <\/strong>uno a la derecha del escenario y el otro al centro del predio junto al tr\u00e1iler que facilit\u00f3 el Ministerio de Seguridad de la Provincia de Buenos Aires. Tambi\u00e9n se contar\u00e1 con el apoyo de la guardia de Bomberos Voluntarios y del grupo Bigu\u00e1.<\/p>\n\n\n\n<p><\/p>\n\n\n\n<p><strong>Al costado del mangrullo de sonido, se instalar\u00e1 una rampa para personas con movilidad reducida <\/strong>y para el caso de<strong> ni\u00f1os perdidos, al lateral derecho del escenario habr\u00e1 una carpa azul de Defensa Civil.<\/strong><\/p>\n\n\n\n<p><\/p>\n\n\n\n<p>La seguridad en el parque est\u00e1 a cargo de la Polic\u00eda de la provincia de Buenos Aires y de la Polic\u00eda Local con la coordinaci\u00f3n de la Subsecretar\u00eda de Seguridad Municipal. Mientras que los cortes de tr\u00e1nsito y desv\u00edo estar\u00e1n a cargo del \u00e1rea Control Urbano.<\/p>\n","protected":false},"excerpt":{"rendered":"<p>El aniversario 157\u00b0 de la ciudad debi\u00f3 reprogramarse por las malas condiciones clim\u00e1ticas. El patio de comidas abrir\u00e1 a las<\/p>\n","protected":false},"author":2,"featured_media":102750,"comment_status":"closed","ping_status":"closed","sticky":false,"template":"","format":"standard","meta":{"_jetpack_memberships_contains_paid_content":false,"footnotes":""},"categories":[5,1],"tags":[],"class_list":["post-131100","post","type-post","status-publish","format-standard","has-post-thumbnail","hentry","category-informacion-general","category-portada"],"jetpack_featured_media_url":"https:\/\/i0.wp.com\/cdnoticias.com\/wp-content\/uploads\/2023\/11\/FiestaOlavarria-03.jpg?fit=1024%2C680&ssl=1","jetpack_sharing_enabled":true,"_links":{"self":[{"href":"https:\/\/cdnoticias.com\/index.php\/wp-json\/wp\/v2\/posts\/131100","targetHints":{"allow":["GET"]}}],"collection":[{"href":"https:\/\/cdnoticias.com\/index.php\/wp-json\/wp\/v2\/posts"}],"about":[{"href":"https:\/\/cdnoticias.com\/index.php\/wp-json\/wp\/v2\/types\/post"}],"author":[{"embeddable":true,"href":"https:\/\/cdnoticias.com\/index.php\/wp-json\/wp\/v2\/users\/2"}],"replies":[{"embeddable":true,"href":"https:\/\/cdnoticias.com\/index.php\/wp-json\/wp\/v2\/comments?post=131100"}],"version-history":[{"count":0,"href":"https:\/\/cdnoticias.com\/index.php\/wp-json\/wp\/v2\/posts\/131100\/revisions"}],"wp:featuredmedia":[{"embeddable":true,"href":"https:\/\/cdnoticias.com\/index.php\/wp-json\/wp\/v2\/media\/102750"}],"wp:attachment":[{"href":"https:\/\/cdnoticias.com\/index.php\/wp-json\/wp\/v2\/media?parent=131100"}],"wp:term":[{"taxonomy":"category","embeddable":true,"href":"https:\/\/cdnoticias.com\/index.php\/wp-json\/wp\/v2\/categories?post=131100"},{"taxonomy":"post_tag","embeddable":true,"href":"https:\/\/cdnoticias.com\/index.php\/wp-json\/wp\/v2\/tags?post=131100"}],"curies":[{"name":"wp","href":"https:\/\/api.w.org\/{rel}","templated":true}]}}