{"id":131084,"date":"2024-11-24T11:07:29","date_gmt":"2024-11-24T14:07:29","guid":{"rendered":"https:\/\/cdnoticias.com\/?p=131084"},"modified":"2024-11-24T11:07:30","modified_gmt":"2024-11-24T14:07:30","slug":"ruta-3-dos-heridos-en-un-violento-siniestro-vial-en-uno-de-los-ingresos-a-azul","status":"publish","type":"post","link":"https:\/\/cdnoticias.com\/index.php\/2024\/11\/24\/ruta-3-dos-heridos-en-un-violento-siniestro-vial-en-uno-de-los-ingresos-a-azul\/","title":{"rendered":"Ruta 3: dos heridos en un violento siniestro vial en uno de los ingresos a Azul"},"content":{"rendered":"\n<p>Fue entre un auto y una moto. Los dos tripulantes del veh\u00edculo de menor porte debieron ser internados en el Hospital Pintos.<\/p>\n\n\n\n<hr class=\"wp-block-separator aligncenter has-alpha-channel-opacity\"\/>\n\n\n\n<p>En la noche de este s\u00e1bado,<strong> un violento accidente en ruta 3, m\u00e1s precisamente en uno de los ingresos a la vecina ciudad de Azul, dej\u00f3 como saldo dos motociclistas heridos.<\/strong><\/p>\n\n\n\n<p>Seg\u00fan inform\u00f3 el portal<strong> Noticias de Azul, el hecho se produjo en el kil\u00f3metro 299 de la Ruta Nacional e involucr\u00f3 a una motocicleta y un autom\u00f3vil.<\/strong><\/p>\n\n\n\n<p>Una mala maniobra de uno de los veh\u00edculos gener\u00f3 el siniestro vial entre un Volkswagen Gol y una moto Honda CG Titan. <strong>Por la fuerza del impacto, dos j\u00f3venes de 21 y 23 a\u00f1os domiciliados en Azul debieron ser trasladados al Hospital Municipal Pintos de urgencia. La conductora del auto, en tanto, result\u00f3 ilesa.<\/strong><\/p>\n\n\n\n<figure class=\"wp-block-image size-large\"><img data-recalc-dims=\"1\" loading=\"lazy\" decoding=\"async\" width=\"800\" height=\"602\" src=\"https:\/\/i0.wp.com\/cdnoticias.com\/wp-content\/uploads\/2024\/11\/467907474_1135747435221943_5949072134635361799_n.jpg?resize=800%2C602&#038;ssl=1\" alt=\"\" class=\"wp-image-131086\" srcset=\"https:\/\/i0.wp.com\/cdnoticias.com\/wp-content\/uploads\/2024\/11\/467907474_1135747435221943_5949072134635361799_n.jpg?resize=1024%2C770&amp;ssl=1 1024w, https:\/\/i0.wp.com\/cdnoticias.com\/wp-content\/uploads\/2024\/11\/467907474_1135747435221943_5949072134635361799_n.jpg?resize=300%2C226&amp;ssl=1 300w, https:\/\/i0.wp.com\/cdnoticias.com\/wp-content\/uploads\/2024\/11\/467907474_1135747435221943_5949072134635361799_n.jpg?resize=768%2C578&amp;ssl=1 768w, https:\/\/i0.wp.com\/cdnoticias.com\/wp-content\/uploads\/2024\/11\/467907474_1135747435221943_5949072134635361799_n.jpg?w=1280&amp;ssl=1 1280w\" sizes=\"auto, (max-width: 800px) 100vw, 800px\" \/><\/figure>\n\n\n\n<p>La calzada qued\u00f3 obstruida parcialmente, por lo que el tr\u00e1nsito fue asistido por la banquina.<\/p>\n\n\n\n<p>Trabajaron en el lugar del hecho, personal de Polic\u00eda Vial de Azul y agentes de peajes Corredores Viales quienes controlaron el flujo vehicular en la zona.<\/p>\n","protected":false},"excerpt":{"rendered":"<p>Fue entre un auto y una moto. Los dos tripulantes del veh\u00edculo de menor porte debieron ser internados en el<\/p>\n","protected":false},"author":2,"featured_media":131085,"comment_status":"closed","ping_status":"closed","sticky":false,"template":"","format":"standard","meta":{"_jetpack_memberships_contains_paid_content":false,"footnotes":""},"categories":[14,1],"tags":[],"class_list":["post-131084","post","type-post","status-publish","format-standard","has-post-thumbnail","hentry","category-policiales","category-portada"],"jetpack_featured_media_url":"https:\/\/i0.wp.com\/cdnoticias.com\/wp-content\/uploads\/2024\/11\/467779515_1135738011889552_456519731513066325_n.jpg?fit=1280%2C963&ssl=1","jetpack_sharing_enabled":true,"_links":{"self":[{"href":"https:\/\/cdnoticias.com\/index.php\/wp-json\/wp\/v2\/posts\/131084","targetHints":{"allow":["GET"]}}],"collection":[{"href":"https:\/\/cdnoticias.com\/index.php\/wp-json\/wp\/v2\/posts"}],"about":[{"href":"https:\/\/cdnoticias.com\/index.php\/wp-json\/wp\/v2\/types\/post"}],"author":[{"embeddable":true,"href":"https:\/\/cdnoticias.com\/index.php\/wp-json\/wp\/v2\/users\/2"}],"replies":[{"embeddable":true,"href":"https:\/\/cdnoticias.com\/index.php\/wp-json\/wp\/v2\/comments?post=131084"}],"version-history":[{"count":0,"href":"https:\/\/cdnoticias.com\/index.php\/wp-json\/wp\/v2\/posts\/131084\/revisions"}],"wp:featuredmedia":[{"embeddable":true,"href":"https:\/\/cdnoticias.com\/index.php\/wp-json\/wp\/v2\/media\/131085"}],"wp:attachment":[{"href":"https:\/\/cdnoticias.com\/index.php\/wp-json\/wp\/v2\/media?parent=131084"}],"wp:term":[{"taxonomy":"category","embeddable":true,"href":"https:\/\/cdnoticias.com\/index.php\/wp-json\/wp\/v2\/categories?post=131084"},{"taxonomy":"post_tag","embeddable":true,"href":"https:\/\/cdnoticias.com\/index.php\/wp-json\/wp\/v2\/tags?post=131084"}],"curies":[{"name":"wp","href":"https:\/\/api.w.org\/{rel}","templated":true}]}}