{"id":131076,"date":"2024-11-24T08:07:49","date_gmt":"2024-11-24T11:07:49","guid":{"rendered":"https:\/\/cdnoticias.com\/?p=131076"},"modified":"2024-11-24T09:32:36","modified_gmt":"2024-11-24T12:32:36","slug":"rolando-oscar-fernando-q-e-p-d","status":"publish","type":"post","link":"https:\/\/cdnoticias.com\/index.php\/2024\/11\/24\/rolando-oscar-fernando-q-e-p-d\/","title":{"rendered":"Rolando Oscar Fernando (Q.E.P.D.)"},"content":{"rendered":"\n<p>Falleci\u00f3 en Olavarr\u00eda el 23 de noviembre de 2024 a los 75 a\u00f1os de edad. Sus hijos: Silvia, Laura, Oscar y Javier. Sus hijos pol\u00edticos: Alejo y Mar\u00eda. Sus nietos: Giselle, Florencia, Agust\u00edn, Brunella, Emiliano, Lorena, Braian, Mar\u00eda Luz y Sergio. Sus nietos pol\u00edticos: Nare y Bruno. Sus bisnietos: Gino, Dionel, Franco, Fiorella, Brisa, Sabrina, Facundo, Valentino y Eli\u00e1n. Sus hermanas: Mary, Morri, Susi y N\u00e9stor. Sus sobrinos y dem\u00e1s deudos participan su fallecimiento.<\/p>\n\n\n\n<p><\/p>\n\n\n\n<p>Sus restos son velados en Espa\u00f1a 2942, Departamento &#8220;D\u201d, y ser\u00e1n inhumados en el cementerio Loma de Paz, en d\u00eda y horario a confirmar. Vecino de barrio PYM. Nacido en Olavarr\u00eda. Jubilado Penitenciario.<\/p>\n","protected":false},"excerpt":{"rendered":"<p>Falleci\u00f3 en Olavarr\u00eda el 23 de noviembre de 2024 a los 75 a\u00f1os de edad. Sus hijos: Silvia, Laura, Oscar<\/p>\n","protected":false},"author":2,"featured_media":0,"comment_status":"closed","ping_status":"closed","sticky":false,"template":"","format":"standard","meta":{"_jetpack_memberships_contains_paid_content":false,"footnotes":""},"categories":[10],"tags":[],"class_list":["post-131076","post","type-post","status-publish","format-standard","hentry","category-necrologicas"],"jetpack_featured_media_url":"","jetpack_sharing_enabled":true,"_links":{"self":[{"href":"https:\/\/cdnoticias.com\/index.php\/wp-json\/wp\/v2\/posts\/131076","targetHints":{"allow":["GET"]}}],"collection":[{"href":"https:\/\/cdnoticias.com\/index.php\/wp-json\/wp\/v2\/posts"}],"about":[{"href":"https:\/\/cdnoticias.com\/index.php\/wp-json\/wp\/v2\/types\/post"}],"author":[{"embeddable":true,"href":"https:\/\/cdnoticias.com\/index.php\/wp-json\/wp\/v2\/users\/2"}],"replies":[{"embeddable":true,"href":"https:\/\/cdnoticias.com\/index.php\/wp-json\/wp\/v2\/comments?post=131076"}],"version-history":[{"count":0,"href":"https:\/\/cdnoticias.com\/index.php\/wp-json\/wp\/v2\/posts\/131076\/revisions"}],"wp:attachment":[{"href":"https:\/\/cdnoticias.com\/index.php\/wp-json\/wp\/v2\/media?parent=131076"}],"wp:term":[{"taxonomy":"category","embeddable":true,"href":"https:\/\/cdnoticias.com\/index.php\/wp-json\/wp\/v2\/categories?post=131076"},{"taxonomy":"post_tag","embeddable":true,"href":"https:\/\/cdnoticias.com\/index.php\/wp-json\/wp\/v2\/tags?post=131076"}],"curies":[{"name":"wp","href":"https:\/\/api.w.org\/{rel}","templated":true}]}}