{"id":131061,"date":"2024-11-23T17:45:53","date_gmt":"2024-11-23T20:45:53","guid":{"rendered":"https:\/\/cdnoticias.com\/?p=131061"},"modified":"2024-11-23T19:30:27","modified_gmt":"2024-11-23T22:30:27","slug":"las-clases-en-la-provincia-comenzaran-el-5-de-marzo-de-2025","status":"publish","type":"post","link":"https:\/\/cdnoticias.com\/index.php\/2024\/11\/23\/las-clases-en-la-provincia-comenzaran-el-5-de-marzo-de-2025\/","title":{"rendered":"Las clases en la Provincia comenzar\u00e1n el 5 de marzo de 2025"},"content":{"rendered":"\n<p>Se buscar\u00e1 garantizar un total de 185 d\u00edas de actividad escolar. El cierre se prev\u00e9 para el 22 de diciembre. Habr\u00e1 jornadas institucionales en febrero, agosto y un tercer mes a definir.<\/p>\n\n\n\n<hr class=\"wp-block-separator aligncenter has-alpha-channel-opacity\"\/>\n\n\n\n<p>La <strong>Direcci\u00f3n General de Cultura y Educaci\u00f3n de la Provincia estableci\u00f3 el cronograma escolar 2025, con inicio de clases el 5 de marzo y cierre el 22 de diciembre. <\/strong>Las vacaciones de invierno se extender\u00e1n del 21 de julio al 1 de agosto.<\/p>\n\n\n\n<blockquote class=\"wp-block-quote is-layout-flow wp-block-quote-is-layout-flow\">\n<p>Seg\u00fan inform\u00f3 la cartera educativa, <strong>el calendario garantizar\u00e1 un total de 185 d\u00edas de actividad escolar, en l\u00ednea con los objetivos de continuidad pedag\u00f3gica y consolidaci\u00f3n de aprendizajes.<\/strong><\/p>\n<\/blockquote>\n\n\n\n<p><strong>El ciclo lectivo comenzar\u00e1 y concluir\u00e1 en esas fechas para los niveles y modalidades de Inicial, Primario, Secundario, T\u00e9cnica, Agraria, J\u00f3venes y Adultos, Educaci\u00f3n Art\u00edstica, Psicolog\u00eda Comunitaria, Pedagog\u00eda Social y Educaci\u00f3n Especial.<\/strong> En tanto, la Educaci\u00f3n Superior dar\u00e1 inicio el 17 de marzo y finalizar\u00e1 el 28 de noviembre.<\/p>\n\n\n\n<p>El cronograma incluye <strong>jornadas institucionales en febrero, agosto y un tercer mes a\u00fan por definir, organizadas de manera regionalizada a lo largo del a\u00f1o. E<\/strong>n el nivel Secundario, dos de estas jornadas tendr\u00e1n lugar en febrero, en el marco del nuevo R\u00e9gimen Acad\u00e9mico. Por su parte, las actividades y efem\u00e9rides espec\u00edficas ser\u00e1n tratadas en los pr\u00f3ximos d\u00edas por el Consejo General de la Direcci\u00f3n General de Cultura y Educaci\u00f3n.<\/p>\n\n\n\n<p>Con el lema<strong><em> &#8220;2025. A\u00f1o del 180\u00b0 Aniversario de la Batalla de la Vuelta de Obligado&#8221;, <\/em><\/strong>el calendario refuerza el compromiso de la provincia <em>&#8220;con una planificaci\u00f3n educativa que priorice los tiempos de ense\u00f1anza necesarios para alcanzar los objetivos pedag\u00f3gicos&#8221;.<\/em><\/p>\n","protected":false},"excerpt":{"rendered":"<p>Se buscar\u00e1 garantizar un total de 185 d\u00edas de actividad escolar. El cierre se prev\u00e9 para el 22 de diciembre.<\/p>\n","protected":false},"author":2,"featured_media":130890,"comment_status":"closed","ping_status":"closed","sticky":false,"template":"","format":"standard","meta":{"_jetpack_memberships_contains_paid_content":false,"footnotes":""},"categories":[5,1],"tags":[],"class_list":["post-131061","post","type-post","status-publish","format-standard","has-post-thumbnail","hentry","category-informacion-general","category-portada"],"jetpack_featured_media_url":"https:\/\/i0.wp.com\/cdnoticias.com\/wp-content\/uploads\/2024\/11\/Pruebas-Escolares-clases-escuelas-3.jpg?fit=1000%2C556&ssl=1","jetpack_sharing_enabled":true,"_links":{"self":[{"href":"https:\/\/cdnoticias.com\/index.php\/wp-json\/wp\/v2\/posts\/131061","targetHints":{"allow":["GET"]}}],"collection":[{"href":"https:\/\/cdnoticias.com\/index.php\/wp-json\/wp\/v2\/posts"}],"about":[{"href":"https:\/\/cdnoticias.com\/index.php\/wp-json\/wp\/v2\/types\/post"}],"author":[{"embeddable":true,"href":"https:\/\/cdnoticias.com\/index.php\/wp-json\/wp\/v2\/users\/2"}],"replies":[{"embeddable":true,"href":"https:\/\/cdnoticias.com\/index.php\/wp-json\/wp\/v2\/comments?post=131061"}],"version-history":[{"count":0,"href":"https:\/\/cdnoticias.com\/index.php\/wp-json\/wp\/v2\/posts\/131061\/revisions"}],"wp:featuredmedia":[{"embeddable":true,"href":"https:\/\/cdnoticias.com\/index.php\/wp-json\/wp\/v2\/media\/130890"}],"wp:attachment":[{"href":"https:\/\/cdnoticias.com\/index.php\/wp-json\/wp\/v2\/media?parent=131061"}],"wp:term":[{"taxonomy":"category","embeddable":true,"href":"https:\/\/cdnoticias.com\/index.php\/wp-json\/wp\/v2\/categories?post=131061"},{"taxonomy":"post_tag","embeddable":true,"href":"https:\/\/cdnoticias.com\/index.php\/wp-json\/wp\/v2\/tags?post=131061"}],"curies":[{"name":"wp","href":"https:\/\/api.w.org\/{rel}","templated":true}]}}