{"id":131026,"date":"2024-11-23T09:50:25","date_gmt":"2024-11-23T13:54:58","guid":{"rendered":"https:\/\/cdnoticias.com\/?p=131026"},"modified":"2025-02-14T00:10:17","modified_gmt":"2025-02-14T03:10:17","slug":"racing-gano-y-se-metio-en-el-play-in-pero-debera-esperar","status":"publish","type":"post","link":"https:\/\/cdnoticias.com\/index.php\/2024\/11\/23\/racing-gano-y-se-metio-en-el-play-in-pero-debera-esperar\/","title":{"rendered":"Racing gan\u00f3 y se meti\u00f3 en el Play-In, pero deber\u00e1 esperar"},"content":{"rendered":"<p>Por la 18\u00b0 fecha del Torneo Pre-Federal, el \u201cChaira\u201d derrot\u00f3 a Centro Basko de Necochea por un ajustado 66 \u2013 63 y desplaz\u00f3 a Uni\u00f3n y Progreso del \u00faltimo cupo clasificatorio.<!--more--><\/p>\n<hr \/>\n<p><strong>Racing<\/strong>, que lleg\u00f3 a la \u00faltima fecha con posibilidades de avanzar de ronda, le gan\u00f3 este viernes por la noche a <strong>Centro Basko<\/strong> de Necochea en el gimnasio del Parque Olavarr\u00eda y se meti\u00f3 en el Play-In, pero deber\u00e1 esperar resultados ajenos.<\/p>\n<p>&nbsp;<\/p>\n<p><strong>El \u201cChaira\u201d revirti\u00f3 el tanteador en el \u00faltimo cuarto y derrot\u00f3 66 \u2013 63 a \u201cLos Toros\u201d en el marco de la 18\u00b0 fecha del Torneo Pre-Federal Zona Bonaerense Sur.<\/strong><\/p>\n<p>&nbsp;<\/p>\n<p><strong>Con 25 puntos, 10 rebotes y 2 asistencias, Manuel Yaben fue el jugador destacado de la noche en el parquet de \u201cLa Estrellita\u201d<\/strong>. Fue secundado por <strong>Mat\u00edas Santana<\/strong> con 13 unidades. Por su parte, \u00c1ngel Torres fue el goleador del conjunto necochense con 21 tantos.<\/p>\n<p>&nbsp;<\/p>\n<p>Los dirigidos por Mat\u00edas Orlando cerraron la Fase Regular con cinco triunfos y once ca\u00eddas, pero ahora<strong> necesitar\u00e1n que Estudiantes le gane a Uni\u00f3n y Progreso en Tandil<\/strong> para confirmar su lugar en el \u00faltimo cupo clasificatorio.<\/p>\n<hr \/>\n<p><img data-recalc-dims=\"1\" loading=\"lazy\" decoding=\"async\" class=\"aligncenter size-full wp-image-57719\" src=\"https:\/\/i0.wp.com\/cdnoticias.com\/wp-content\/uploads\/2024\/11\/TPF-Posiciones-18%C2%B0-Fecha-Zona-Sur-parcial-.png?resize=789%2C442&#038;ssl=1\" alt=\"\" width=\"789\" height=\"442\" \/><\/p>\n<hr \/>\n<p><strong>S\u00edntesis Racing \u2013 Centro Basko (Necochea):<\/strong><\/p>\n<p>Estadio: Parque Olavarr\u00eda.<\/p>\n<p><strong>Racing (66):<\/strong> <strong>V\u00e1zquez (7), Santana, Mat. <\/strong><strong>(13), Yaben (25), Silber (7), D\u2019Alessio (0) \u2013 FI \u2013 Baffo (2), Santana, Mar. (8), Alonso (2), Melo (2). DT \u2013 Mat\u00edas Orlando.<\/strong><\/p>\n<p><strong>Centro Basko (63): G\u00f3mez (13), Negri, J. (8), Bourdal (10), Betbeder (3), Torres (21) \u2013 FI \u2013 Negri, M. (0), Vel\u00e1zquez (5), Sauthier (3), Kruzich (0), Yaful (0). DT \u2013 Mariano Pinto.<\/strong><\/p>\n<p>Parciales: 16 \u2013 17; 30 \u2013 32; 44 \u2013 51 y 66 \u2013 63.<\/p>\n","protected":false},"excerpt":{"rendered":"<p>Por la 18\u00b0 fecha del Torneo Pre-Federal, el \u201cChaira\u201d derrot\u00f3 a Centro Basko de Necochea por un ajustado 66 \u2013<\/p>\n","protected":false},"author":96739694,"featured_media":163826,"comment_status":"closed","ping_status":"closed","sticky":false,"template":"","format":"standard","meta":{"_jetpack_memberships_contains_paid_content":false,"footnotes":""},"categories":[31,1,60],"tags":[],"class_list":["post-131026","post","type-post","status-publish","format-standard","has-post-thumbnail","hentry","category-basquet","category-portada","category-torneo-pre-federal"],"jetpack_featured_media_url":"https:\/\/i0.wp.com\/cdnoticias.com\/wp-content\/uploads\/2024\/11\/TPF-18%C2%B0-Fecha-Racing-vs-Centro-Basko-e1732366198849.jpg?fit=1000%2C608&ssl=1","jetpack_sharing_enabled":true,"_links":{"self":[{"href":"https:\/\/cdnoticias.com\/index.php\/wp-json\/wp\/v2\/posts\/131026","targetHints":{"allow":["GET"]}}],"collection":[{"href":"https:\/\/cdnoticias.com\/index.php\/wp-json\/wp\/v2\/posts"}],"about":[{"href":"https:\/\/cdnoticias.com\/index.php\/wp-json\/wp\/v2\/types\/post"}],"author":[{"embeddable":true,"href":"https:\/\/cdnoticias.com\/index.php\/wp-json\/wp\/v2\/users\/96739694"}],"replies":[{"embeddable":true,"href":"https:\/\/cdnoticias.com\/index.php\/wp-json\/wp\/v2\/comments?post=131026"}],"version-history":[{"count":0,"href":"https:\/\/cdnoticias.com\/index.php\/wp-json\/wp\/v2\/posts\/131026\/revisions"}],"wp:featuredmedia":[{"embeddable":true,"href":"https:\/\/cdnoticias.com\/index.php\/wp-json\/wp\/v2\/media\/163826"}],"wp:attachment":[{"href":"https:\/\/cdnoticias.com\/index.php\/wp-json\/wp\/v2\/media?parent=131026"}],"wp:term":[{"taxonomy":"category","embeddable":true,"href":"https:\/\/cdnoticias.com\/index.php\/wp-json\/wp\/v2\/categories?post=131026"},{"taxonomy":"post_tag","embeddable":true,"href":"https:\/\/cdnoticias.com\/index.php\/wp-json\/wp\/v2\/tags?post=131026"}],"curies":[{"name":"wp","href":"https:\/\/api.w.org\/{rel}","templated":true}]}}