{"id":131018,"date":"2024-11-22T20:58:05","date_gmt":"2024-11-22T23:58:05","guid":{"rendered":"https:\/\/cdnoticias.com\/?p=131018"},"modified":"2024-11-23T11:53:12","modified_gmt":"2024-11-23T14:53:12","slug":"una-mujer-resulto-con-heridas-de-consideracion-tras-un-choque","status":"publish","type":"post","link":"https:\/\/cdnoticias.com\/index.php\/2024\/11\/22\/una-mujer-resulto-con-heridas-de-consideracion-tras-un-choque\/","title":{"rendered":"Una mujer result\u00f3 con heridas de consideraci\u00f3n tras un choque"},"content":{"rendered":"\n<p>Fue en el atardecer de este viernes en el cruce de Del Valle y Ayacucho. Debi\u00f3 ser trasladada de urgencia al Hospital.<\/p>\n\n\n\n<hr class=\"wp-block-separator aligncenter has-alpha-channel-opacity\"\/>\n\n\n\n<p>Este viernes al atardecer, <strong>una mujer debi\u00f3 ser hospitalizada de urgencia tras sufrir un accidente con su moto al impactar contra un auto en el cruce de avenida Del Valle y Ayacucho.<\/strong><\/p>\n\n\n\n<p>Las causas del siniestro vial a\u00fan se encuentran en investigaci\u00f3n.<strong> Lo concreto es que el auto y la moto impactaron con tal violencia que los veh\u00edculos quedaron uno en cada calle: el auto, un Volkswagen Gol, por Ayacucho mientras que la moto (Yamaha 150cc) arrastr\u00f3 varios metros por Del Valle.<\/strong><\/p>\n\n\n\n<figure class=\"wp-block-image size-full\"><img data-recalc-dims=\"1\" loading=\"lazy\" decoding=\"async\" width=\"800\" height=\"443\" src=\"https:\/\/i0.wp.com\/cdnoticias.com\/wp-content\/uploads\/2024\/11\/choque-ayacucho-delvalle2.jpg?resize=800%2C443&#038;ssl=1\" alt=\"\" class=\"wp-image-131017\" srcset=\"https:\/\/i0.wp.com\/cdnoticias.com\/wp-content\/uploads\/2024\/11\/choque-ayacucho-delvalle2.jpg?w=900&amp;ssl=1 900w, https:\/\/i0.wp.com\/cdnoticias.com\/wp-content\/uploads\/2024\/11\/choque-ayacucho-delvalle2.jpg?resize=300%2C166&amp;ssl=1 300w, https:\/\/i0.wp.com\/cdnoticias.com\/wp-content\/uploads\/2024\/11\/choque-ayacucho-delvalle2.jpg?resize=768%2C425&amp;ssl=1 768w\" sizes=\"auto, (max-width: 800px) 100vw, 800px\" \/><\/figure>\n\n\n\n<p>Por el hecho,<strong> una ambulancia municipal traslad\u00f3 a la motociclista donde ingres\u00f3 con heridas de consideraci\u00f3n.<\/strong><\/p>\n\n\n\n<p>En el lugar, <strong>intervino personal de Comando de Patrullas reordenando el tr\u00e1nsito.<\/strong> Se encuentra cortado Ayacucho en sentido al Cementerio Municipal y un carril de avenida Del Valle.<\/p>\n","protected":false},"excerpt":{"rendered":"<p>Fue en el atardecer de este viernes en el cruce de Del Valle y Ayacucho. Debi\u00f3 ser trasladada de urgencia<\/p>\n","protected":false},"author":2,"featured_media":131016,"comment_status":"closed","ping_status":"closed","sticky":false,"template":"","format":"standard","meta":{"_jetpack_memberships_contains_paid_content":false,"footnotes":""},"categories":[14,1],"tags":[],"class_list":["post-131018","post","type-post","status-publish","format-standard","has-post-thumbnail","hentry","category-policiales","category-portada"],"jetpack_featured_media_url":"https:\/\/i0.wp.com\/cdnoticias.com\/wp-content\/uploads\/2024\/11\/choque-ayacucho-delvalle1.jpg?fit=900%2C489&ssl=1","jetpack_sharing_enabled":true,"_links":{"self":[{"href":"https:\/\/cdnoticias.com\/index.php\/wp-json\/wp\/v2\/posts\/131018","targetHints":{"allow":["GET"]}}],"collection":[{"href":"https:\/\/cdnoticias.com\/index.php\/wp-json\/wp\/v2\/posts"}],"about":[{"href":"https:\/\/cdnoticias.com\/index.php\/wp-json\/wp\/v2\/types\/post"}],"author":[{"embeddable":true,"href":"https:\/\/cdnoticias.com\/index.php\/wp-json\/wp\/v2\/users\/2"}],"replies":[{"embeddable":true,"href":"https:\/\/cdnoticias.com\/index.php\/wp-json\/wp\/v2\/comments?post=131018"}],"version-history":[{"count":0,"href":"https:\/\/cdnoticias.com\/index.php\/wp-json\/wp\/v2\/posts\/131018\/revisions"}],"wp:featuredmedia":[{"embeddable":true,"href":"https:\/\/cdnoticias.com\/index.php\/wp-json\/wp\/v2\/media\/131016"}],"wp:attachment":[{"href":"https:\/\/cdnoticias.com\/index.php\/wp-json\/wp\/v2\/media?parent=131018"}],"wp:term":[{"taxonomy":"category","embeddable":true,"href":"https:\/\/cdnoticias.com\/index.php\/wp-json\/wp\/v2\/categories?post=131018"},{"taxonomy":"post_tag","embeddable":true,"href":"https:\/\/cdnoticias.com\/index.php\/wp-json\/wp\/v2\/tags?post=131018"}],"curies":[{"name":"wp","href":"https:\/\/api.w.org\/{rel}","templated":true}]}}