{"id":131011,"date":"2024-11-24T17:57:12","date_gmt":"2024-11-24T20:57:12","guid":{"rendered":"https:\/\/cdnoticias.com\/?p=131011"},"modified":"2024-11-24T17:57:14","modified_gmt":"2024-11-24T20:57:14","slug":"el-76-de-los-veterinarios-sufrieron-algun-tipo-de-violencia-en-su-trabajo","status":"publish","type":"post","link":"https:\/\/cdnoticias.com\/index.php\/2024\/11\/24\/el-76-de-los-veterinarios-sufrieron-algun-tipo-de-violencia-en-su-trabajo\/","title":{"rendered":"El 76% de los veterinarios sufrieron alg\u00fan tipo de violencia en su trabajo"},"content":{"rendered":"\n<p>Los datos del Colegio de Veterinarios de la Provincia de Buenos Aires marcan los hechos de violencia experimentados durante el ejercicio de su profesi\u00f3n.<\/p>\n\n\n\n<hr class=\"wp-block-separator aligncenter has-alpha-channel-opacity\"\/>\n\n\n\n<p>M\u00e1s del<strong> 75% de los veterinarios <\/strong>matriculados en la provincia de Buenos Aires<strong> experiment\u00f3 alg\u00fan tipo de violencia durante el ejercicio de su profesi\u00f3n.\u00a0<\/strong>Esta alarmante cifra refleja una realidad preocupante que, si bien ha existido por a\u00f1os, comenz\u00f3 a ser m\u00e1s visible en los \u00faltimos tiempos.<\/p>\n\n\n\n<p><\/p>\n\n\n\n<p>As\u00ed se desprende de una reciente encuesta an\u00f3nima realizada por el <strong>Colegio de Veterinarios de la Provincia de Buenos Aires<\/strong> (CVPBA), con la <strong>participaci\u00f3n de aproximadamente 1.000 veterinarios matriculados<\/strong>, el 76,5% de los encuestados inform\u00f3 haber sido v\u00edctima de alg\u00fan tipo de violencia laboral.<\/p>\n\n\n\n<p><\/p>\n\n\n\n<p>En su mayor\u00eda, estos casos provienen de <strong>factores externos, como clientes o tutores de los animales de compa\u00f1\u00eda<\/strong>. \u201cEste dato refleja una tendencia preocupante, ya que muestra que la violencia no solo proviene de situaciones ajenas al ejercicio profesional, sino que tambi\u00e9n se genera por la interacci\u00f3n con quienes se supone deben ser los principales aliados de los veterinarios: <strong>los tutores de los animales\u201d<\/strong>, indic\u00f3 el Colegio.<\/p>\n\n\n\n<p><\/p>\n\n\n\n<blockquote class=\"wp-block-quote is-layout-flow wp-block-quote-is-layout-flow\">\n<p>La encuesta adem\u00e1s revela que la violencia no discrimina en funci\u00f3n de la experiencia del profesional.\u00a0El 33% de los casos de violencia se presentan en veterinarios con entre 5 y 15 a\u00f1os de ejercicio profesional, mientras que un 30% corresponde a aquellos con m\u00e1s de 25 a\u00f1os de trayectoria.\u00a0<\/p>\n<\/blockquote>\n\n\n\n<p><\/p>\n\n\n\n<p>\u201cEsto demuestra que, independientemente del tiempo o la experiencia que tenga un veterinario, la violencia por parte de los tutores de los animales pareciera ser parte de una sociedad de por s\u00ed violenta\u201d, se inform\u00f3.<\/p>\n\n\n\n<p><\/p>\n\n\n\n<p>Los tipos de agravios sufridos por los veterinarios var\u00edan en intensidad, y la encuesta refleja los siguientes porcentajes en orden creciente: <strong>violencia verbal, violencia f\u00edsica, violencia tecnol\u00f3gica (escraches en redes sociales y en la v\u00eda p\u00fablica), robos, <\/strong>y, finalmente, <strong>la discriminaci\u00f3n y desvalorizaci\u00f3n profesional.<\/strong><\/p>\n\n\n\n<p><\/p>\n\n\n\n<p><em>Fuente: DIB<\/em><\/p>\n","protected":false},"excerpt":{"rendered":"<p>Los datos del Colegio de Veterinarios de la Provincia de Buenos Aires marcan los hechos de violencia experimentados durante el<\/p>\n","protected":false},"author":6,"featured_media":131012,"comment_status":"closed","ping_status":"closed","sticky":false,"template":"","format":"standard","meta":{"_jetpack_memberships_contains_paid_content":false,"footnotes":""},"categories":[6,1],"tags":[],"class_list":["post-131011","post","type-post","status-publish","format-standard","has-post-thumbnail","hentry","category-nacionales","category-portada"],"jetpack_featured_media_url":"https:\/\/i0.wp.com\/cdnoticias.com\/wp-content\/uploads\/2024\/11\/veterinarios-imagen.jpg?fit=696%2C464&ssl=1","jetpack_sharing_enabled":true,"_links":{"self":[{"href":"https:\/\/cdnoticias.com\/index.php\/wp-json\/wp\/v2\/posts\/131011","targetHints":{"allow":["GET"]}}],"collection":[{"href":"https:\/\/cdnoticias.com\/index.php\/wp-json\/wp\/v2\/posts"}],"about":[{"href":"https:\/\/cdnoticias.com\/index.php\/wp-json\/wp\/v2\/types\/post"}],"author":[{"embeddable":true,"href":"https:\/\/cdnoticias.com\/index.php\/wp-json\/wp\/v2\/users\/6"}],"replies":[{"embeddable":true,"href":"https:\/\/cdnoticias.com\/index.php\/wp-json\/wp\/v2\/comments?post=131011"}],"version-history":[{"count":0,"href":"https:\/\/cdnoticias.com\/index.php\/wp-json\/wp\/v2\/posts\/131011\/revisions"}],"wp:featuredmedia":[{"embeddable":true,"href":"https:\/\/cdnoticias.com\/index.php\/wp-json\/wp\/v2\/media\/131012"}],"wp:attachment":[{"href":"https:\/\/cdnoticias.com\/index.php\/wp-json\/wp\/v2\/media?parent=131011"}],"wp:term":[{"taxonomy":"category","embeddable":true,"href":"https:\/\/cdnoticias.com\/index.php\/wp-json\/wp\/v2\/categories?post=131011"},{"taxonomy":"post_tag","embeddable":true,"href":"https:\/\/cdnoticias.com\/index.php\/wp-json\/wp\/v2\/tags?post=131011"}],"curies":[{"name":"wp","href":"https:\/\/api.w.org\/{rel}","templated":true}]}}