{"id":1310,"date":"2020-09-11T09:43:00","date_gmt":"2020-09-11T12:43:00","guid":{"rendered":"http:\/\/www.centraldenoticias.com.ar\/?p=1310"},"modified":"2020-09-11T09:55:54","modified_gmt":"2020-09-11T12:55:54","slug":"se-detecto-un-caso-de-covid-en-el-hogar-san-vicente","status":"publish","type":"post","link":"https:\/\/cdnoticias.com\/index.php\/2020\/09\/11\/se-detecto-un-caso-de-covid-en-el-hogar-san-vicente\/","title":{"rendered":"Se detect\u00f3 un caso de Covid en el Hogar San Vicente"},"content":{"rendered":"<p>Se trata de un residente del hogar ubicado en Rivadavia entre Merlo y Rufino Fal. Adem\u00e1s se eval\u00faa el estado de otros residentes y de los trabajadores.<\/p>\n<p><!--more--><\/p>\n<hr \/>\n<p>Entre los <a href=\"https:\/\/cdnoticias.com\/index.php\/2020\/09\/10\/sigue-el-aumento-de-casos-22-positivos-de-covid-19\/\">22 casos positivos de Covid-19<\/a> que se detectaron este jueves en Olavarr\u00eda, <strong>uno correspondi\u00f3 a un residente del Hogar de Ancianos \u201cSan Vicente de Paul\u201d<\/strong>.<\/p>\n<p>Lo confirm\u00f3 el intendente <a href=\"https:\/\/cdnoticias.com\/index.php\/2020\/09\/11\/galli-con-macri-era-una-reunion-necesaria\/\">Ezequiel Galli en di\u00e1logo con LU 32<\/a>. \u201cHemos tenido cantidad de casos en la semana, pero la buena noticia dentro de todo, es que <strong>siempre tienen un nexo y siempre est\u00e1 la situaci\u00f3n controlada<\/strong>\u201d evalu\u00f3 el jefe comunal.<\/p>\n<p>En ese marco, confirm\u00f3 que uno de los casos correspondi\u00f3 a un residente del hogar y agreg\u00f3 que <strong>\u201cestamos evaluando a otros residentes\u201d<\/strong> ya que <strong>\u201ctenemos algunas abuelos con s\u00edntomas\u201d<\/strong> explic\u00f3.<\/p>\n<p>Se trata de la instituci\u00f3n para adultos mayores con mayor cantidad de residentes en la ciudad con lo que la detecci\u00f3n de un contagio constituye un riesgo sanitario importante.<\/p>\n<p>Tras la confirmaci\u00f3n del caso, Galli inform\u00f3 que \u201cse activ\u00f3 el protocolo de geri\u00e1tricos como se ha hecho siempre, pero la situaci\u00f3n est\u00e1 controlada\u201d. El protocolo consiste en el hisopado y testeo de todos los integrantes de la instituci\u00f3n, tanto los residentes como el personal.<\/p>\n","protected":false},"excerpt":{"rendered":"<p>Se trata de un residente del hogar ubicado en Rivadavia entre Merlo y Rufino Fal. Adem\u00e1s se eval\u00faa el estado<\/p>\n","protected":false},"author":4,"featured_media":1311,"comment_status":"closed","ping_status":"closed","sticky":false,"template":"","format":"standard","meta":{"_jetpack_memberships_contains_paid_content":false,"footnotes":""},"categories":[5,1],"tags":[],"class_list":["post-1310","post","type-post","status-publish","format-standard","has-post-thumbnail","hentry","category-informacion-general","category-portada"],"jetpack_featured_media_url":"https:\/\/i0.wp.com\/cdnoticias.com\/wp-content\/uploads\/2020\/09\/hogar-san-vicente.jpg?fit=723%2C439&ssl=1","jetpack_sharing_enabled":true,"_links":{"self":[{"href":"https:\/\/cdnoticias.com\/index.php\/wp-json\/wp\/v2\/posts\/1310","targetHints":{"allow":["GET"]}}],"collection":[{"href":"https:\/\/cdnoticias.com\/index.php\/wp-json\/wp\/v2\/posts"}],"about":[{"href":"https:\/\/cdnoticias.com\/index.php\/wp-json\/wp\/v2\/types\/post"}],"author":[{"embeddable":true,"href":"https:\/\/cdnoticias.com\/index.php\/wp-json\/wp\/v2\/users\/4"}],"replies":[{"embeddable":true,"href":"https:\/\/cdnoticias.com\/index.php\/wp-json\/wp\/v2\/comments?post=1310"}],"version-history":[{"count":0,"href":"https:\/\/cdnoticias.com\/index.php\/wp-json\/wp\/v2\/posts\/1310\/revisions"}],"wp:featuredmedia":[{"embeddable":true,"href":"https:\/\/cdnoticias.com\/index.php\/wp-json\/wp\/v2\/media\/1311"}],"wp:attachment":[{"href":"https:\/\/cdnoticias.com\/index.php\/wp-json\/wp\/v2\/media?parent=1310"}],"wp:term":[{"taxonomy":"category","embeddable":true,"href":"https:\/\/cdnoticias.com\/index.php\/wp-json\/wp\/v2\/categories?post=1310"},{"taxonomy":"post_tag","embeddable":true,"href":"https:\/\/cdnoticias.com\/index.php\/wp-json\/wp\/v2\/tags?post=1310"}],"curies":[{"name":"wp","href":"https:\/\/api.w.org\/{rel}","templated":true}]}}