{"id":130987,"date":"2024-11-22T17:53:44","date_gmt":"2024-11-22T20:53:44","guid":{"rendered":"https:\/\/cdnoticias.com\/?p=130987"},"modified":"2024-11-22T20:58:25","modified_gmt":"2024-11-22T23:58:25","slug":"en-la-semana-de-la-prevencion-del-abuso-sexual-en-la-infancia-se-realizo-una-importante-capacitacion-en-el-municipio","status":"publish","type":"post","link":"https:\/\/cdnoticias.com\/index.php\/2024\/11\/22\/en-la-semana-de-la-prevencion-del-abuso-sexual-en-la-infancia-se-realizo-una-importante-capacitacion-en-el-municipio\/","title":{"rendered":"En la semana de la prevenci\u00f3n del abuso sexual en la infancia, se realiz\u00f3 una importante capacitaci\u00f3n en el Municipio"},"content":{"rendered":"\n<p>Participaron equipos municipales, organizaciones sociales y referentes del \u00e1mbito educativo. Estrategias, canales de comunicaci\u00f3n y trabajo articulado, entre los ejes m\u00e1s destacados.<\/p>\n\n\n\n<hr class=\"wp-block-separator aligncenter has-alpha-channel-opacity\"\/>\n\n\n\n<p>Este viernes se llev\u00f3 a cabo en el Sal\u00f3n Rivadavia la capacitaci\u00f3n <em><strong>\u201cPrevenci\u00f3n del abuso sexual contra ni\u00f1os, ni\u00f1as y adolescentes\u201d, <\/strong><\/em>organizada en el marco del Programa Municipal de capacitaci\u00f3n para el abordaje con Ni\u00f1eces, Adolescencias y Familias. La jornada form\u00f3 parte de las actividades conmemorativas de la semana, <strong>con el objetivo de sensibilizar, prevenir y promover el compromiso comunitario frente a esta problem\u00e1tica.<\/strong><\/p>\n\n\n\n<p>La actividad estuvo a cargo de la <strong>doctora Mar\u00eda Alejandra Vitale, especialista en psiquiatr\u00eda y psicolog\u00eda m\u00e9dica infanto-juvenil,<\/strong> quien integra la Subsecretar\u00eda de Protecci\u00f3n Integral de Derechos del Municipio.<\/p>\n\n\n\n<p>Participaron<strong> equipos municipales, profesionales de la Educaci\u00f3n Distrital en todos sus niveles, y representantes de organizaciones sociales como Animate, Casa Pueblo y Vientos de Libertad,<\/strong> adem\u00e1s de entidades de bien p\u00fablico y organismos provinciales.<\/p>\n\n\n\n<figure class=\"wp-block-image size-large\"><img data-recalc-dims=\"1\" loading=\"lazy\" decoding=\"async\" width=\"800\" height=\"534\" src=\"https:\/\/i0.wp.com\/cdnoticias.com\/wp-content\/uploads\/2024\/11\/Jornada-informacion-abuso-sexual-4-scaled-1.jpg?resize=800%2C534&#038;ssl=1\" alt=\"\" class=\"wp-image-130989\" srcset=\"https:\/\/i0.wp.com\/cdnoticias.com\/wp-content\/uploads\/2024\/11\/Jornada-informacion-abuso-sexual-4-scaled-1.jpg?resize=1024%2C683&amp;ssl=1 1024w, https:\/\/i0.wp.com\/cdnoticias.com\/wp-content\/uploads\/2024\/11\/Jornada-informacion-abuso-sexual-4-scaled-1.jpg?resize=300%2C200&amp;ssl=1 300w, https:\/\/i0.wp.com\/cdnoticias.com\/wp-content\/uploads\/2024\/11\/Jornada-informacion-abuso-sexual-4-scaled-1.jpg?resize=768%2C512&amp;ssl=1 768w, https:\/\/i0.wp.com\/cdnoticias.com\/wp-content\/uploads\/2024\/11\/Jornada-informacion-abuso-sexual-4-scaled-1.jpg?resize=1536%2C1024&amp;ssl=1 1536w, https:\/\/i0.wp.com\/cdnoticias.com\/wp-content\/uploads\/2024\/11\/Jornada-informacion-abuso-sexual-4-scaled-1.jpg?resize=2048%2C1366&amp;ssl=1 2048w, https:\/\/i0.wp.com\/cdnoticias.com\/wp-content\/uploads\/2024\/11\/Jornada-informacion-abuso-sexual-4-scaled-1.jpg?resize=272%2C182&amp;ssl=1 272w, https:\/\/i0.wp.com\/cdnoticias.com\/wp-content\/uploads\/2024\/11\/Jornada-informacion-abuso-sexual-4-scaled-1.jpg?w=1600&amp;ssl=1 1600w, https:\/\/i0.wp.com\/cdnoticias.com\/wp-content\/uploads\/2024\/11\/Jornada-informacion-abuso-sexual-4-scaled-1.jpg?w=2400&amp;ssl=1 2400w\" sizes=\"auto, (max-width: 800px) 100vw, 800px\" \/><\/figure>\n\n\n\n<p>Durante su exposici\u00f3n, la doctora Vitale enfatiz\u00f3 la necesidad de <strong>prevenir el abuso mediante la informaci\u00f3n adecuada y el fomento de espacios de di\u00e1logo y confianza. Destac\u00f3 la importancia de transversalizar la Educaci\u00f3n Sexual Integral (ESI) en las pr\u00e1cticas cotidianas, trabajando en el derecho de los ni\u00f1os, ni\u00f1as y adolescentes a decidir sobre su propio cuerpo y fortalecer su autonom\u00eda en el cuidado personal. <\/strong><\/p>\n\n\n\n<blockquote class=\"wp-block-quote is-layout-flow wp-block-quote-is-layout-flow\">\n<p>Asimismo, record\u00f3 que cualquier persona puede y debe denunciar situaciones de abuso o presunci\u00f3n de este, dando intervenci\u00f3n a los organismos correspondientes, como el Servicio Local de Promoci\u00f3n y Protecci\u00f3n de Derechos.<\/p>\n<\/blockquote>\n\n\n\n<p>La subsecretaria de Protecci\u00f3n Integral de Derechos, Malena Pianciola, <strong>valor\u00f3 el encuentro como una instancia clave para fortalecer las redes de trabajo y el sistema de protecci\u00f3n local. Agradeci\u00f3 el compromiso de los asistentes y subray\u00f3 la importancia de seguir articulando acciones con corresponsabilidad.<\/strong><\/p>\n\n\n\n<figure class=\"wp-block-image size-large\"><img data-recalc-dims=\"1\" loading=\"lazy\" decoding=\"async\" width=\"800\" height=\"534\" src=\"https:\/\/i0.wp.com\/cdnoticias.com\/wp-content\/uploads\/2024\/11\/Jornada-informacion-abuso-sexual-1-scaled-1.jpg?resize=800%2C534&#038;ssl=1\" alt=\"\" class=\"wp-image-130988\" srcset=\"https:\/\/i0.wp.com\/cdnoticias.com\/wp-content\/uploads\/2024\/11\/Jornada-informacion-abuso-sexual-1-scaled-1.jpg?resize=1024%2C683&amp;ssl=1 1024w, https:\/\/i0.wp.com\/cdnoticias.com\/wp-content\/uploads\/2024\/11\/Jornada-informacion-abuso-sexual-1-scaled-1.jpg?resize=300%2C200&amp;ssl=1 300w, https:\/\/i0.wp.com\/cdnoticias.com\/wp-content\/uploads\/2024\/11\/Jornada-informacion-abuso-sexual-1-scaled-1.jpg?resize=768%2C512&amp;ssl=1 768w, https:\/\/i0.wp.com\/cdnoticias.com\/wp-content\/uploads\/2024\/11\/Jornada-informacion-abuso-sexual-1-scaled-1.jpg?resize=1536%2C1024&amp;ssl=1 1536w, https:\/\/i0.wp.com\/cdnoticias.com\/wp-content\/uploads\/2024\/11\/Jornada-informacion-abuso-sexual-1-scaled-1.jpg?resize=2048%2C1366&amp;ssl=1 2048w, https:\/\/i0.wp.com\/cdnoticias.com\/wp-content\/uploads\/2024\/11\/Jornada-informacion-abuso-sexual-1-scaled-1.jpg?resize=272%2C182&amp;ssl=1 272w, https:\/\/i0.wp.com\/cdnoticias.com\/wp-content\/uploads\/2024\/11\/Jornada-informacion-abuso-sexual-1-scaled-1.jpg?w=1600&amp;ssl=1 1600w, https:\/\/i0.wp.com\/cdnoticias.com\/wp-content\/uploads\/2024\/11\/Jornada-informacion-abuso-sexual-1-scaled-1.jpg?w=2400&amp;ssl=1 2400w\" sizes=\"auto, (max-width: 800px) 100vw, 800px\" \/><\/figure>\n\n\n\n<p>El Servicio Local, organismo municipal dedicado a la protecci\u00f3n de derechos en ni\u00f1eces y adolescencias, <strong>opera de manera ininterrumpida los 365 d\u00edas del a\u00f1o a trav\u00e9s de un equipo interdisciplinario preparado para atender urgencias y garantizar la restituci\u00f3n de derechos mediante la articulaci\u00f3n con otras instituciones.<\/strong><\/p>\n\n\n\n<p>Para emergencias, dispone de una <strong>l\u00ednea de guardia las 24 horas al (2284) 544810.<\/strong><\/p>\n","protected":false},"excerpt":{"rendered":"<p>Participaron equipos municipales, organizaciones sociales y referentes del \u00e1mbito educativo. Estrategias, canales de comunicaci\u00f3n y trabajo articulado, entre los ejes<\/p>\n","protected":false},"author":2,"featured_media":130990,"comment_status":"closed","ping_status":"closed","sticky":false,"template":"","format":"standard","meta":{"_jetpack_memberships_contains_paid_content":false,"footnotes":""},"categories":[5,1],"tags":[],"class_list":["post-130987","post","type-post","status-publish","format-standard","has-post-thumbnail","hentry","category-informacion-general","category-portada"],"jetpack_featured_media_url":"https:\/\/i0.wp.com\/cdnoticias.com\/wp-content\/uploads\/2024\/11\/Jornada-informacion-abuso-sexual-6-scaled-1.jpg?fit=2560%2C1707&ssl=1","jetpack_sharing_enabled":true,"_links":{"self":[{"href":"https:\/\/cdnoticias.com\/index.php\/wp-json\/wp\/v2\/posts\/130987","targetHints":{"allow":["GET"]}}],"collection":[{"href":"https:\/\/cdnoticias.com\/index.php\/wp-json\/wp\/v2\/posts"}],"about":[{"href":"https:\/\/cdnoticias.com\/index.php\/wp-json\/wp\/v2\/types\/post"}],"author":[{"embeddable":true,"href":"https:\/\/cdnoticias.com\/index.php\/wp-json\/wp\/v2\/users\/2"}],"replies":[{"embeddable":true,"href":"https:\/\/cdnoticias.com\/index.php\/wp-json\/wp\/v2\/comments?post=130987"}],"version-history":[{"count":0,"href":"https:\/\/cdnoticias.com\/index.php\/wp-json\/wp\/v2\/posts\/130987\/revisions"}],"wp:featuredmedia":[{"embeddable":true,"href":"https:\/\/cdnoticias.com\/index.php\/wp-json\/wp\/v2\/media\/130990"}],"wp:attachment":[{"href":"https:\/\/cdnoticias.com\/index.php\/wp-json\/wp\/v2\/media?parent=130987"}],"wp:term":[{"taxonomy":"category","embeddable":true,"href":"https:\/\/cdnoticias.com\/index.php\/wp-json\/wp\/v2\/categories?post=130987"},{"taxonomy":"post_tag","embeddable":true,"href":"https:\/\/cdnoticias.com\/index.php\/wp-json\/wp\/v2\/tags?post=130987"}],"curies":[{"name":"wp","href":"https:\/\/api.w.org\/{rel}","templated":true}]}}