{"id":130983,"date":"2024-11-22T17:29:54","date_gmt":"2024-11-22T20:29:54","guid":{"rendered":"https:\/\/cdnoticias.com\/?p=130983"},"modified":"2024-11-22T17:29:56","modified_gmt":"2024-11-22T20:29:56","slug":"pami-firmo-un-convenio-con-estudiantes-para-lanzar-colonias-recreativas-de-verano-invierno","status":"publish","type":"post","link":"https:\/\/cdnoticias.com\/index.php\/2024\/11\/22\/pami-firmo-un-convenio-con-estudiantes-para-lanzar-colonias-recreativas-de-verano-invierno\/","title":{"rendered":"PAMI firm\u00f3 un convenio con Estudiantes para lanzar colonias recreativas de verano\/invierno"},"content":{"rendered":"\n<p>Fue mediante una actividad en la que pasaron los funcionarios regionales del Instituto y el club local. Comenzar\u00e1n este mismo verano.<\/p>\n\n\n\n<hr class=\"wp-block-separator aligncenter has-alpha-channel-opacity\"\/>\n\n\n\n<p>A trav\u00e9s de un<strong> convenio marco suscripto entre PAMI y el Club Atl\u00e9tico Estudiantes, comenzar\u00e1n a desarrollarse las colonias recreativas de verano\/invierno en Olavarr\u00eda.<\/strong><\/p>\n\n\n\n<p>La firma fue este jueves, en instalaciones del Club Estudiantes, y participaron el Director Ejecutivo de la UGL XXX, Pablo Disalvo, junto a Guillermo Lascano -Jefe Agencia de Olavarr\u00eda- y Emilio Incaurgarat, Presidente del Club. <strong>La intenci\u00f3n es que se permita el desarrollo de las colonias recreativas para todos los afiliados.<\/strong><\/p>\n\n\n\n<figure class=\"wp-block-image size-large\"><img data-recalc-dims=\"1\" loading=\"lazy\" decoding=\"async\" width=\"800\" height=\"534\" src=\"https:\/\/i0.wp.com\/cdnoticias.com\/wp-content\/uploads\/2024\/11\/WhatsApp-Image-2024-11-22-at-14.27.03.jpeg?resize=800%2C534&#038;ssl=1\" alt=\"\" class=\"wp-image-130985\" srcset=\"https:\/\/i0.wp.com\/cdnoticias.com\/wp-content\/uploads\/2024\/11\/WhatsApp-Image-2024-11-22-at-14.27.03.jpeg?resize=1024%2C683&amp;ssl=1 1024w, https:\/\/i0.wp.com\/cdnoticias.com\/wp-content\/uploads\/2024\/11\/WhatsApp-Image-2024-11-22-at-14.27.03.jpeg?resize=300%2C200&amp;ssl=1 300w, https:\/\/i0.wp.com\/cdnoticias.com\/wp-content\/uploads\/2024\/11\/WhatsApp-Image-2024-11-22-at-14.27.03.jpeg?resize=768%2C512&amp;ssl=1 768w, https:\/\/i0.wp.com\/cdnoticias.com\/wp-content\/uploads\/2024\/11\/WhatsApp-Image-2024-11-22-at-14.27.03.jpeg?resize=272%2C182&amp;ssl=1 272w, https:\/\/i0.wp.com\/cdnoticias.com\/wp-content\/uploads\/2024\/11\/WhatsApp-Image-2024-11-22-at-14.27.03.jpeg?w=1280&amp;ssl=1 1280w\" sizes=\"auto, (max-width: 800px) 100vw, 800px\" \/><\/figure>\n\n\n\n<p>Por otra parte, <strong>Disalvo indic\u00f3 que ya se encuentran trabajando con autoridades del Club para el desarrollo de las colonias de invierno para el pr\u00f3ximo a\u00f1o,<\/strong> las cuales contar\u00e1n con diversos talleres y actividades.\u00a0<\/p>\n\n\n\n<p>Esta iniciativa se suma a las ya suscriptas en diferentes localidades que tienen por objetivo<em> \u201cbrindar a los afiliados de PAMI distintas propuestas a lo largo del a\u00f1o vinculadas con la recreaci\u00f3n, esparcimiento, salud, cuidados, deportes, entre otros\u201d.<\/em><\/p>\n","protected":false},"excerpt":{"rendered":"<p>Fue mediante una actividad en la que pasaron los funcionarios regionales del Instituto y el club local. Comenzar\u00e1n este mismo<\/p>\n","protected":false},"author":2,"featured_media":130984,"comment_status":"closed","ping_status":"closed","sticky":false,"template":"","format":"standard","meta":{"_jetpack_memberships_contains_paid_content":false,"footnotes":""},"categories":[5,1],"tags":[],"class_list":["post-130983","post","type-post","status-publish","format-standard","has-post-thumbnail","hentry","category-informacion-general","category-portada"],"jetpack_featured_media_url":"https:\/\/i0.wp.com\/cdnoticias.com\/wp-content\/uploads\/2024\/11\/WhatsApp-Image-2024-11-22-at-14.27.11.jpeg?fit=1280%2C854&ssl=1","jetpack_sharing_enabled":true,"_links":{"self":[{"href":"https:\/\/cdnoticias.com\/index.php\/wp-json\/wp\/v2\/posts\/130983","targetHints":{"allow":["GET"]}}],"collection":[{"href":"https:\/\/cdnoticias.com\/index.php\/wp-json\/wp\/v2\/posts"}],"about":[{"href":"https:\/\/cdnoticias.com\/index.php\/wp-json\/wp\/v2\/types\/post"}],"author":[{"embeddable":true,"href":"https:\/\/cdnoticias.com\/index.php\/wp-json\/wp\/v2\/users\/2"}],"replies":[{"embeddable":true,"href":"https:\/\/cdnoticias.com\/index.php\/wp-json\/wp\/v2\/comments?post=130983"}],"version-history":[{"count":0,"href":"https:\/\/cdnoticias.com\/index.php\/wp-json\/wp\/v2\/posts\/130983\/revisions"}],"wp:featuredmedia":[{"embeddable":true,"href":"https:\/\/cdnoticias.com\/index.php\/wp-json\/wp\/v2\/media\/130984"}],"wp:attachment":[{"href":"https:\/\/cdnoticias.com\/index.php\/wp-json\/wp\/v2\/media?parent=130983"}],"wp:term":[{"taxonomy":"category","embeddable":true,"href":"https:\/\/cdnoticias.com\/index.php\/wp-json\/wp\/v2\/categories?post=130983"},{"taxonomy":"post_tag","embeddable":true,"href":"https:\/\/cdnoticias.com\/index.php\/wp-json\/wp\/v2\/tags?post=130983"}],"curies":[{"name":"wp","href":"https:\/\/api.w.org\/{rel}","templated":true}]}}