{"id":130981,"date":"2024-11-22T16:27:33","date_gmt":"2024-11-22T19:27:33","guid":{"rendered":"https:\/\/cdnoticias.com\/?p=130981"},"modified":"2024-11-22T16:27:35","modified_gmt":"2024-11-22T19:27:35","slug":"fanny-ripoll-casey-q-e-p-d","status":"publish","type":"post","link":"https:\/\/cdnoticias.com\/index.php\/2024\/11\/22\/fanny-ripoll-casey-q-e-p-d\/","title":{"rendered":"Fanny Ripoll Casey (Q.E.P.D.)"},"content":{"rendered":"\n<hr class=\"wp-block-separator aligncenter has-alpha-channel-opacity\"\/>\n\n\n\n<p>Falleci\u00f3 en Olavarr\u00eda el 22 de noviembre de 2024 a los 95 a\u00f1os.<\/p>\n\n\n\n<p>Su hija Susana, su nieta Mar\u00eda de los \u00c1ngeles; sus bisnietos: Francisco, Agust\u00edn y Rosario; sus primos; sus primos pol\u00edticos y dem\u00e1s deudos participan su fallecimiento.<\/p>\n\n\n\n<p>Sus restos ser\u00e1n inhumados en el Cementerio Loma de Paz este s\u00e1bado 23 de noviembre a las 09:30 horas. Servicio adherido a Coopelectric.<\/p>\n\n\n\n<p>Nacida en Olavarr\u00eda, vecina de barrio San Vicente, jubilada de la Cooperativa Agraria Ltda. De Olavarr\u00eda.<\/p>\n","protected":false},"excerpt":{"rendered":"<p>Falleci\u00f3 en Olavarr\u00eda el 22 de noviembre de 2024 a los 95 a\u00f1os. Su hija Susana, su nieta Mar\u00eda de<\/p>\n","protected":false},"author":2,"featured_media":100390,"comment_status":"closed","ping_status":"closed","sticky":false,"template":"","format":"standard","meta":{"_jetpack_memberships_contains_paid_content":false,"footnotes":""},"categories":[10],"tags":[],"class_list":["post-130981","post","type-post","status-publish","format-standard","has-post-thumbnail","hentry","category-necrologicas"],"jetpack_featured_media_url":"https:\/\/i0.wp.com\/cdnoticias.com\/wp-content\/uploads\/2023\/10\/necrologicas-390-x-240.jpg?fit=390%2C240&ssl=1","jetpack_sharing_enabled":true,"_links":{"self":[{"href":"https:\/\/cdnoticias.com\/index.php\/wp-json\/wp\/v2\/posts\/130981","targetHints":{"allow":["GET"]}}],"collection":[{"href":"https:\/\/cdnoticias.com\/index.php\/wp-json\/wp\/v2\/posts"}],"about":[{"href":"https:\/\/cdnoticias.com\/index.php\/wp-json\/wp\/v2\/types\/post"}],"author":[{"embeddable":true,"href":"https:\/\/cdnoticias.com\/index.php\/wp-json\/wp\/v2\/users\/2"}],"replies":[{"embeddable":true,"href":"https:\/\/cdnoticias.com\/index.php\/wp-json\/wp\/v2\/comments?post=130981"}],"version-history":[{"count":0,"href":"https:\/\/cdnoticias.com\/index.php\/wp-json\/wp\/v2\/posts\/130981\/revisions"}],"wp:featuredmedia":[{"embeddable":true,"href":"https:\/\/cdnoticias.com\/index.php\/wp-json\/wp\/v2\/media\/100390"}],"wp:attachment":[{"href":"https:\/\/cdnoticias.com\/index.php\/wp-json\/wp\/v2\/media?parent=130981"}],"wp:term":[{"taxonomy":"category","embeddable":true,"href":"https:\/\/cdnoticias.com\/index.php\/wp-json\/wp\/v2\/categories?post=130981"},{"taxonomy":"post_tag","embeddable":true,"href":"https:\/\/cdnoticias.com\/index.php\/wp-json\/wp\/v2\/tags?post=130981"}],"curies":[{"name":"wp","href":"https:\/\/api.w.org\/{rel}","templated":true}]}}