{"id":130910,"date":"2024-11-24T10:56:18","date_gmt":"2024-11-24T13:56:18","guid":{"rendered":"https:\/\/cdnoticias.com\/?p=130910"},"modified":"2024-11-24T10:56:20","modified_gmt":"2024-11-24T13:56:20","slug":"acto-protocolar-por-el-157-aniversario-de-olavarria","status":"publish","type":"post","link":"https:\/\/cdnoticias.com\/index.php\/2024\/11\/24\/acto-protocolar-por-el-157-aniversario-de-olavarria\/","title":{"rendered":"Acto protocolar por el 157\u00b0 aniversario de Olavarr\u00eda"},"content":{"rendered":"\n<p>Ser\u00e1 el lunes 25 de noviembre en el microcentro de la ciudad. La conmemoraci\u00f3n ser\u00e1 encabezada por el intendente Maximiliano Wesner.<\/p>\n\n\n\n<hr class=\"wp-block-separator aligncenter has-alpha-channel-opacity\"\/>\n\n\n\n<p>El pr\u00f3ximo <strong>lunes 25 de noviembre<\/strong> se llevar\u00e1 a cabo el <strong>acto protocolar <\/strong>con motivo de la conmemoraci\u00f3n del <strong>157\u00b0 aniversario de la fundaci\u00f3n de la ciudad de Olavarr\u00eda.<\/strong><\/p>\n\n\n\n<p><\/p>\n\n\n\n<blockquote class=\"wp-block-quote is-layout-flow wp-block-quote-is-layout-flow\">\n<p>La actividad ser\u00e1 a partir de las 10 horas sobre las calles Bol\u00edvar, 25 de Mayo, Hornos y Espa\u00f1a, en el microcentro de la ciudad.<\/p>\n<\/blockquote>\n\n\n\n<p><\/p>\n\n\n\n<p>La conmemoraci\u00f3n ser\u00e1<strong> encabezada por el intendente Maximiliano Wesner y funcionarios y funcionarias municipales<\/strong>, con la participaci\u00f3n activa de instituciones y fuerzas vivas de todo el Partido.<\/p>\n\n\n\n<p><\/p>\n\n\n\n<p>Tras la concentraci\u00f3n de autoridades se entonar\u00e1n las estrofas del <strong>Himno Nacional Argentino <\/strong>y se colocar\u00e1n <strong>ofrendas florales.<\/strong> Para finalizar, se pronunciar\u00e1n palabras alusivas.<\/p>\n\n\n\n<p><\/p>\n","protected":false},"excerpt":{"rendered":"<p>Ser\u00e1 el lunes 25 de noviembre en el microcentro de la ciudad. La conmemoraci\u00f3n ser\u00e1 encabezada por el intendente Maximiliano<\/p>\n","protected":false},"author":6,"featured_media":12946,"comment_status":"closed","ping_status":"closed","sticky":false,"template":"","format":"standard","meta":{"_jetpack_memberships_contains_paid_content":false,"footnotes":""},"categories":[5,1],"tags":[],"class_list":["post-130910","post","type-post","status-publish","format-standard","has-post-thumbnail","hentry","category-informacion-general","category-portada"],"jetpack_featured_media_url":"https:\/\/i0.wp.com\/cdnoticias.com\/wp-content\/uploads\/2021\/02\/Vista-Drone-Olavarria.jpg?fit=800%2C445&ssl=1","jetpack_sharing_enabled":true,"_links":{"self":[{"href":"https:\/\/cdnoticias.com\/index.php\/wp-json\/wp\/v2\/posts\/130910","targetHints":{"allow":["GET"]}}],"collection":[{"href":"https:\/\/cdnoticias.com\/index.php\/wp-json\/wp\/v2\/posts"}],"about":[{"href":"https:\/\/cdnoticias.com\/index.php\/wp-json\/wp\/v2\/types\/post"}],"author":[{"embeddable":true,"href":"https:\/\/cdnoticias.com\/index.php\/wp-json\/wp\/v2\/users\/6"}],"replies":[{"embeddable":true,"href":"https:\/\/cdnoticias.com\/index.php\/wp-json\/wp\/v2\/comments?post=130910"}],"version-history":[{"count":0,"href":"https:\/\/cdnoticias.com\/index.php\/wp-json\/wp\/v2\/posts\/130910\/revisions"}],"wp:featuredmedia":[{"embeddable":true,"href":"https:\/\/cdnoticias.com\/index.php\/wp-json\/wp\/v2\/media\/12946"}],"wp:attachment":[{"href":"https:\/\/cdnoticias.com\/index.php\/wp-json\/wp\/v2\/media?parent=130910"}],"wp:term":[{"taxonomy":"category","embeddable":true,"href":"https:\/\/cdnoticias.com\/index.php\/wp-json\/wp\/v2\/categories?post=130910"},{"taxonomy":"post_tag","embeddable":true,"href":"https:\/\/cdnoticias.com\/index.php\/wp-json\/wp\/v2\/tags?post=130910"}],"curies":[{"name":"wp","href":"https:\/\/api.w.org\/{rel}","templated":true}]}}