{"id":130894,"date":"2024-11-21T17:13:54","date_gmt":"2024-11-21T20:13:54","guid":{"rendered":"https:\/\/cdnoticias.com\/?p=130894"},"modified":"2024-11-21T19:30:20","modified_gmt":"2024-11-21T22:30:20","slug":"avanzan-las-obras-de-mejoramiento-en-el-pileton-de-la-maxima","status":"publish","type":"post","link":"https:\/\/cdnoticias.com\/index.php\/2024\/11\/21\/avanzan-las-obras-de-mejoramiento-en-el-pileton-de-la-maxima\/","title":{"rendered":"Avanzan las obras de mejoramiento en el pilet\u00f3n de La M\u00e1xima"},"content":{"rendered":"\n<p>El intendente Wesner recorri\u00f3 el predio. Se realizan distintas tareas de reparaciones y refacciones.<\/p>\n\n\n\n<hr class=\"wp-block-separator has-alpha-channel-opacity\"\/>\n\n\n\n<p>En la ma\u00f1ana de este jueves, el intendente Maximiliano Wesner, <strong>visit\u00f3 el predio del Bioparque \u201cLa M\u00e1xima\u201d para supervisar el avance de las obras de mejoramiento<\/strong> que lleva adelante el Municipio de cara al pr\u00f3ximo inicio de la temporada de verano.<\/p>\n\n\n\n<p><\/p>\n\n\n\n<p>De la recorrida participaron adem\u00e1s la secretaria de Desarrollo de la Comunidad Laura Gamberini, el subsecretario de Deportes Juan Pablo Arouxet y el subsecretario de Obras, Infraestructura y Servicios P\u00fablicos Carlos Bettiga.<\/p>\n\n\n\n<p><\/p>\n\n\n\n<figure class=\"wp-block-image size-full\"><img data-recalc-dims=\"1\" loading=\"lazy\" decoding=\"async\" width=\"800\" height=\"445\" src=\"https:\/\/i0.wp.com\/cdnoticias.com\/wp-content\/uploads\/2024\/11\/Pileton-La-Maxima-1-1.jpeg?resize=800%2C445&#038;ssl=1\" alt=\"\" class=\"wp-image-130897\" srcset=\"https:\/\/i0.wp.com\/cdnoticias.com\/wp-content\/uploads\/2024\/11\/Pileton-La-Maxima-1-1.jpeg?w=800&amp;ssl=1 800w, https:\/\/i0.wp.com\/cdnoticias.com\/wp-content\/uploads\/2024\/11\/Pileton-La-Maxima-1-1.jpeg?resize=300%2C167&amp;ssl=1 300w, https:\/\/i0.wp.com\/cdnoticias.com\/wp-content\/uploads\/2024\/11\/Pileton-La-Maxima-1-1.jpeg?resize=768%2C427&amp;ssl=1 768w\" sizes=\"auto, (max-width: 800px) 100vw, 800px\" \/><\/figure>\n\n\n\n<p><\/p>\n\n\n\n<blockquote class=\"wp-block-quote is-layout-flow wp-block-quote-is-layout-flow\">\n<p>All\u00ed se est\u00e1n realizando distintas tareas de reparaciones y refacciones en vestuarios y ba\u00f1os, en distintas instalaciones como as\u00ed tambi\u00e9n en el sector de la pileta, para dejar en \u00f3ptimas condiciones en lugar.<\/p>\n<\/blockquote>\n\n\n\n<p><\/p>\n\n\n\n<p>El pilet\u00f3n <strong>es utilizado por la ma\u00f1ana por cientos de ni\u00f1os, ni\u00f1as y adolescentes <\/strong>de distintas edades en el marco del <strong>Programa Escuelas Abiertas de Verano<\/strong>, que articula el Municipio de Olavarr\u00eda y el Gobierno de la provincia de Buenos Aires,<strong> y por la tarde, se encuentra abierto a toda la comunidad.<\/strong><\/p>\n\n\n\n<p><\/p>\n\n\n\n<p>Entre los trabajos a ejecutar se llevar\u00e1 adelante la <strong>reparaci\u00f3n del alambrado, de la puerta de ingreso a la pileta, de la instalaci\u00f3n el\u00e9ctrica del sector de bombas y el reemplazo de tanque de agua.<\/strong><\/p>\n\n\n\n<p><\/p>\n\n\n\n<figure class=\"wp-block-image size-full\"><img data-recalc-dims=\"1\" loading=\"lazy\" decoding=\"async\" width=\"800\" height=\"445\" src=\"https:\/\/i0.wp.com\/cdnoticias.com\/wp-content\/uploads\/2024\/11\/Pileton-La-Maxima-2-1.jpeg?resize=800%2C445&#038;ssl=1\" alt=\"\" class=\"wp-image-130898\" srcset=\"https:\/\/i0.wp.com\/cdnoticias.com\/wp-content\/uploads\/2024\/11\/Pileton-La-Maxima-2-1.jpeg?w=800&amp;ssl=1 800w, https:\/\/i0.wp.com\/cdnoticias.com\/wp-content\/uploads\/2024\/11\/Pileton-La-Maxima-2-1.jpeg?resize=300%2C167&amp;ssl=1 300w, https:\/\/i0.wp.com\/cdnoticias.com\/wp-content\/uploads\/2024\/11\/Pileton-La-Maxima-2-1.jpeg?resize=768%2C427&amp;ssl=1 768w\" sizes=\"auto, (max-width: 800px) 100vw, 800px\" \/><\/figure>\n\n\n\n<p><\/p>\n\n\n\n<p>En la zona de <strong>vestuarios y ba\u00f1os<\/strong>, espec\u00edficamente se llevar\u00e1 adelante en primer lugar la limpieza de todo el sector y se revisar\u00e1n todas las instalaciones y se pondr\u00e1n en condiciones para su perfecto funcionamiento.<\/p>\n\n\n\n<p><\/p>\n\n\n\n<p>Adem\u00e1s de las distintas reparaciones, se desarrollar\u00e1n <strong>tareas de pintura en paredes interiores de los vestuarios y se construir\u00e1 un ba\u00f1o para personas con discapacidad.<\/strong><\/p>\n","protected":false},"excerpt":{"rendered":"<p>El intendente Wesner recorri\u00f3 el predio. Se realizan distintas tareas de reparaciones y refacciones. En la ma\u00f1ana de este jueves,<\/p>\n","protected":false},"author":2,"featured_media":130899,"comment_status":"closed","ping_status":"closed","sticky":false,"template":"","format":"standard","meta":{"_jetpack_memberships_contains_paid_content":false,"footnotes":""},"categories":[5,1],"tags":[],"class_list":["post-130894","post","type-post","status-publish","format-standard","has-post-thumbnail","hentry","category-informacion-general","category-portada"],"jetpack_featured_media_url":"https:\/\/i0.wp.com\/cdnoticias.com\/wp-content\/uploads\/2024\/11\/Pileton-La-Maxima-3.jpeg?fit=800%2C445&ssl=1","jetpack_sharing_enabled":true,"_links":{"self":[{"href":"https:\/\/cdnoticias.com\/index.php\/wp-json\/wp\/v2\/posts\/130894","targetHints":{"allow":["GET"]}}],"collection":[{"href":"https:\/\/cdnoticias.com\/index.php\/wp-json\/wp\/v2\/posts"}],"about":[{"href":"https:\/\/cdnoticias.com\/index.php\/wp-json\/wp\/v2\/types\/post"}],"author":[{"embeddable":true,"href":"https:\/\/cdnoticias.com\/index.php\/wp-json\/wp\/v2\/users\/2"}],"replies":[{"embeddable":true,"href":"https:\/\/cdnoticias.com\/index.php\/wp-json\/wp\/v2\/comments?post=130894"}],"version-history":[{"count":0,"href":"https:\/\/cdnoticias.com\/index.php\/wp-json\/wp\/v2\/posts\/130894\/revisions"}],"wp:featuredmedia":[{"embeddable":true,"href":"https:\/\/cdnoticias.com\/index.php\/wp-json\/wp\/v2\/media\/130899"}],"wp:attachment":[{"href":"https:\/\/cdnoticias.com\/index.php\/wp-json\/wp\/v2\/media?parent=130894"}],"wp:term":[{"taxonomy":"category","embeddable":true,"href":"https:\/\/cdnoticias.com\/index.php\/wp-json\/wp\/v2\/categories?post=130894"},{"taxonomy":"post_tag","embeddable":true,"href":"https:\/\/cdnoticias.com\/index.php\/wp-json\/wp\/v2\/tags?post=130894"}],"curies":[{"name":"wp","href":"https:\/\/api.w.org\/{rel}","templated":true}]}}