{"id":130857,"date":"2024-11-21T11:21:51","date_gmt":"2024-11-21T14:21:51","guid":{"rendered":"https:\/\/cdnoticias.com\/?p=130857"},"modified":"2024-11-21T11:21:53","modified_gmt":"2024-11-21T14:21:53","slug":"cuales-seran-los-feriados-y-dias-no-laborables-de-2025","status":"publish","type":"post","link":"https:\/\/cdnoticias.com\/index.php\/2024\/11\/21\/cuales-seran-los-feriados-y-dias-no-laborables-de-2025\/","title":{"rendered":"\u00bfCu\u00e1les ser\u00e1n los feriados y d\u00edas no laborables de 2025?"},"content":{"rendered":"\n<p>Lo confirm\u00f3 el Gobierno a trav\u00e9s de un decreto publicado en el Bolet\u00edn Oficial. Adem\u00e1s, fij\u00f3 tres d\u00edas no laborables con fines tur\u00edsticos. C\u00f3mo quedar\u00e1 el calendario.<\/p>\n\n\n\n<hr class=\"wp-block-separator has-alpha-channel-opacity\"\/>\n\n\n\n<p>El Gobierno <strong>confirm\u00f3 los feriados de 2025 y fij\u00f3 los tres d\u00edas no laborables con fines tur\u00edsticos. <\/strong>Se trata del <strong>2 de mayo, el 15 de agosto y 21 de noviembre<\/strong>, seg\u00fan reflej\u00f3 el Decreto 1027\/2024 publicado este jueves por el Poder Ejecutivo en el Bolet\u00edn Oficial.<\/p>\n\n\n\n<p><\/p>\n\n\n\n<p>El documento cita en sus considerandos a la Ley N\u00b0 27.399, que faculta al Gobierno a fijar anualmente hasta tres d\u00edas feriados o no laborables que deber\u00e1n coincidir con los d\u00edas lunes o viernes, con el fin de impulsar el turismo interno en nuestro pa\u00eds.<\/p>\n\n\n\n<p><\/p>\n\n\n\n<p>\u201cTales d\u00edas est\u00e1n relacionados con coadyuvar a disminuir los efectos negativos de la estacionalidad del sector tur\u00edstico, procurando distribuirlos en el tiempo.\u201d, agrega la normativa, que lleva las firmas de Javier Milei y su Jefe de Gabinete, Guillermo Francos.<\/p>\n\n\n\n<p><\/p>\n\n\n\n<p>El <strong>2 de mayo<\/strong> <strong>del a\u00f1o pr\u00f3ximo caer\u00e1 viernes<\/strong>, por lo que permitir\u00e1 generar un fin de semana largo, debido a que en la jornada anterior se conmemora el D\u00eda del Trabajador.<\/p>\n\n\n\n<p><\/p>\n\n\n\n<p>En tanto, el <strong>15 de agosto tambi\u00e9n ser\u00e1 viernes en 2025<\/strong>, y dar\u00e1 inicio as\u00ed a la conmemoraci\u00f3n del paso a la Inmortalidad de Jos\u00e9 de San Mart\u00edn, reservada cada a\u00f1o para el 17 de agosto, fecha en que muri\u00f3 en Boulogne-sur Mer, Francia.<\/p>\n\n\n\n<p><\/p>\n\n\n\n<p><strong>Mismo d\u00eda caer\u00e1 en 2025 el 21 de noviembre,<\/strong> d\u00eda posterior al D\u00eda de la Soberan\u00eda Nacional, jornada que recuerda la Batalla de la Vuelta de Obligado. Desde su incorporaci\u00f3n al calendario oficial, esta \u00faltima fecha suele trasladarse para generar fines de semana largos. Este a\u00f1o, el feriado del D\u00eda de la Soberan\u00eda se celebr\u00f3 el pasado lunes 18 de noviembre.<\/p>\n\n\n\n<p><\/p>\n\n\n\n<p>En total, <strong>2024 sum\u00f3 19 d\u00edas festivos,<\/strong> distribuidos entre feriados inamovibles, trasladables y con fines tur\u00edsticos.<\/p>\n\n\n\n<p><\/p>\n\n\n\n<p>Las fechas fijadas por el Gobierno para 2025, de todos modos, no contar\u00e1n como feriados sino como d\u00edas no laborables con fines tur\u00edsticos. Esto implica que las empresas tienen la potestad de determinar si les dan o no el d\u00eda libre a sus empleados.<\/p>\n\n\n\n<p><\/p>\n\n\n\n<blockquote class=\"wp-block-quote is-layout-flow wp-block-quote-is-layout-flow\">\n<p>Adem\u00e1s, seg\u00fan informaci\u00f3n oficial, \u201cla diferencia con el d\u00eda feriado radica en que en los d\u00edas no laborables no se est\u00e1n cumpliendo prestaciones adicionales o extraordinarias asimilables a las horas extras, por lo cual el devengamiento en todos los casos es un salario diario normal se cumplan o no tareas\u201d.<\/p>\n<\/blockquote>\n\n\n\n<p><\/p>\n\n\n\n<p><strong>\u00bfCu\u00e1les son los feriados 2025 en Argentina?<\/strong><\/p>\n\n\n\n<p><\/p>\n\n\n\n<p><strong>Feriados Nacionales Inamovibles:<\/strong><\/p>\n\n\n\n<p><\/p>\n\n\n\n<p>1\u00b0 de enero (mi\u00e9rcoles): A\u00f1o Nuevo<br>3 y 4 de marzo (lunes y martes): Carnaval<br>24 de marzo (lunes): D\u00eda Nacional de la Memoria por la Verdad y la Justicia<br>2 de abril (mi\u00e9rcoles): D\u00eda del Veterano y de los Ca\u00eddos en la Guerra de Malvinas<br>18 de abril (viernes): Viernes Santo<br>1\u00b0 de mayo (jueves): D\u00eda del Trabajador<br>25 de mayo (domingo): D\u00eda de la Revoluci\u00f3n de Mayo<br>20 de junio (viernes): Paso a la Inmortalidad del General Manuel Belgrano<br>9 de julio (mi\u00e9rcoles): D\u00eda de la Independencia<br>8 de diciembre (lunes): D\u00eda de la Inmaculada Concepci\u00f3n de Mar\u00eda<br>25 de diciembre (jueves): Navidad<\/p>\n\n\n\n<p><\/p>\n\n\n\n<p><strong>Feriados Nacionales Trasladables:<\/strong><\/p>\n\n\n\n<p><\/p>\n\n\n\n<p>17 de junio (martes, se traslada al lunes 16): Paso a la Inmortalidad del General Mart\u00edn Miguel de G\u00fcemes<br>17 de agosto (domingo): Paso a la Inmortalidad del General Jos\u00e9 de San Mart\u00edn<br>12 de octubre (domingo): D\u00eda del Respeto a la Diversidad Cultural<br>20 de noviembre (jueves): D\u00eda de la Soberan\u00eda Nacional.<\/p>\n\n\n\n<p><\/p>\n\n\n\n<p><em>Fuente: DIB.<\/em><\/p>\n","protected":false},"excerpt":{"rendered":"<p>Lo confirm\u00f3 el Gobierno a trav\u00e9s de un decreto publicado en el Bolet\u00edn Oficial. Adem\u00e1s, fij\u00f3 tres d\u00edas no laborables<\/p>\n","protected":false},"author":2,"featured_media":102354,"comment_status":"closed","ping_status":"closed","sticky":false,"template":"","format":"standard","meta":{"_jetpack_memberships_contains_paid_content":false,"footnotes":""},"categories":[6,1],"tags":[],"class_list":["post-130857","post","type-post","status-publish","format-standard","has-post-thumbnail","hentry","category-nacionales","category-portada"],"jetpack_featured_media_url":"https:\/\/i0.wp.com\/cdnoticias.com\/wp-content\/uploads\/2023\/11\/bariloche-turismo.jpg?fit=950%2C534&ssl=1","jetpack_sharing_enabled":true,"_links":{"self":[{"href":"https:\/\/cdnoticias.com\/index.php\/wp-json\/wp\/v2\/posts\/130857","targetHints":{"allow":["GET"]}}],"collection":[{"href":"https:\/\/cdnoticias.com\/index.php\/wp-json\/wp\/v2\/posts"}],"about":[{"href":"https:\/\/cdnoticias.com\/index.php\/wp-json\/wp\/v2\/types\/post"}],"author":[{"embeddable":true,"href":"https:\/\/cdnoticias.com\/index.php\/wp-json\/wp\/v2\/users\/2"}],"replies":[{"embeddable":true,"href":"https:\/\/cdnoticias.com\/index.php\/wp-json\/wp\/v2\/comments?post=130857"}],"version-history":[{"count":0,"href":"https:\/\/cdnoticias.com\/index.php\/wp-json\/wp\/v2\/posts\/130857\/revisions"}],"wp:featuredmedia":[{"embeddable":true,"href":"https:\/\/cdnoticias.com\/index.php\/wp-json\/wp\/v2\/media\/102354"}],"wp:attachment":[{"href":"https:\/\/cdnoticias.com\/index.php\/wp-json\/wp\/v2\/media?parent=130857"}],"wp:term":[{"taxonomy":"category","embeddable":true,"href":"https:\/\/cdnoticias.com\/index.php\/wp-json\/wp\/v2\/categories?post=130857"},{"taxonomy":"post_tag","embeddable":true,"href":"https:\/\/cdnoticias.com\/index.php\/wp-json\/wp\/v2\/tags?post=130857"}],"curies":[{"name":"wp","href":"https:\/\/api.w.org\/{rel}","templated":true}]}}