{"id":130854,"date":"2024-11-21T09:06:59","date_gmt":"2024-11-21T12:06:59","guid":{"rendered":"https:\/\/cdnoticias.com\/?p=130854"},"modified":"2024-11-21T17:14:19","modified_gmt":"2024-11-21T20:14:19","slug":"vuelos-a-tandil-y-olavarria-sin-fecha-de-inicio-y-dependeran-de-como-este-el-aeropuerto","status":"publish","type":"post","link":"https:\/\/cdnoticias.com\/index.php\/2024\/11\/21\/vuelos-a-tandil-y-olavarria-sin-fecha-de-inicio-y-dependeran-de-como-este-el-aeropuerto\/","title":{"rendered":"Vuelos a Tandil y Olavarr\u00eda: sin fecha de inicio y depender\u00e1n de c\u00f3mo est\u00e9 el aeropuerto"},"content":{"rendered":"<p>Los hab\u00eda anunciado para este mes el ministro Federico Sturzenegger. Unir\u00edan Buenos Aires, Olavarr\u00eda y Tandil. La semana que viene saldr\u00edan a la venta los pasajes, aunque el inicio y la modalidad de las operaciones depende de obras en la estaci\u00f3n a\u00e9rea tandilense.<!--more--><\/p>\n<hr \/>\n<p>El <strong>ministro de Desregulaci\u00f3n y Transformaci\u00f3n del Estado, Federico Sturzenegger<\/strong>, <a href=\"https:\/\/cdnoticias.com\/index.php\/2024\/10\/19\/sturzenegger-insiste-anuncio-conexion-aerea-en-olavarria-en-el-coloquio-de-idea\/\" target=\"_blank\" rel=\"noopener\">dijo en octubre<\/a> que <strong>en noviembre habr\u00eda vuelos a Tandil y Olavarr\u00eda<\/strong>. Sin embargo, <strong>no ser\u00e1 en noviembre, y tampoco en 2024<\/strong>. La <strong>triangulaci\u00f3n Buenos Aires, Olavarr\u00eda y Tandil podr\u00eda entrar en funcionamiento en los primeros meses del a\u00f1o que viene<\/strong>, aunque la fecha y su modalidad dependen de <strong>cuestiones ajenas a la empresa<\/strong> que estar\u00e1 a cargo del servicio.<\/p>\n<p><strong>Francisco Sim\u00f3n Errecart es el joven CEO de la <a href=\"https:\/\/cdnoticias.com\/index.php\/2024\/10\/21\/conexion-aerea-que-empresa-se-prepara-para-volar-entre-olavarria-y-aeroparque\/\" target=\"_blank\" rel=\"noopener\">firma Humming Airways<\/a><\/strong> y en una entrevista con El Eco de Tandil dio algunas precisiones sobre la puesta en marcha de la ruta comercial. Por caso, adelant\u00f3 que <strong>la pr\u00f3xima semana se iniciar\u00e1 una preventa, aunque de momento no se sabe cu\u00e1ndo comenzar\u00e1n los vuelos<\/strong> ni qu\u00e9 tipo de aviones llegar\u00e1n a Tandil, con <strong>posible cambio de avi\u00f3n en Olavarr\u00eda.<\/strong><\/p>\n<p>Tandil ya tuvo experiencias previas de vuelos comerciales que no funcionaron. Seg\u00fan Sim\u00f3n Errecart, hubo elecciones equivocadas de aerol\u00edneas, se err\u00f3 en el armado de las rutas o tampoco se cont\u00f3 con un esquema financiero adecuado. Tomando esas experiencias, desde Humming Airways creen que se puede poner en funcionamiento un servicio viable.<\/p>\n<p><strong>\u201cLa necesidad est\u00e1\u201d<\/strong>, opin\u00f3 sobre la implementaci\u00f3n de la conectividad a\u00e9rea. Es que Tandil es \u201cuna ciudad con mucho desarrollo, mucha industria y mucho turismo\u201d. \u201cQue una ciudad como Tandil no tenga conexi\u00f3n a\u00e9rea, me parece errado\u201d, complet\u00f3.<\/p>\n<blockquote><p>Para la ruta Buenos Aires, Olavarr\u00eda y Tandil se utilizar\u00edan aviones para 19 pasajeros. De arranque, ser\u00edan dos frecuencias semanales. \u201cVamos a iniciar con operaciones los lunes y viernes por la ma\u00f1ana, arrancando 6.30, pensado para la persona que va, trabaja la semana y vuelve el fin de semana\u201d. Seg\u00fan Sim\u00f3n Errecart, la idea de la empresa es ir \u201cde menos a m\u00e1s, seg\u00fan la demanda\u201d. Los valores se conocer\u00edan tambi\u00e9n la pr\u00f3xima semana, junto con la preventa de los pasajes.<\/p><\/blockquote>\n<p><iframe loading=\"lazy\" title=\"YouTube video player\" src=\"https:\/\/www.youtube.com\/embed\/2jfnqccn7Fg?si=BA_r7RXD_Tar1DlH\" width=\"560\" height=\"315\" frameborder=\"0\" allowfullscreen=\"allowfullscreen\"><\/iframe><\/p>\n<p>Aunque aparecen problemas. <strong>Los aviones Metroliner de 19 pasajeros no podr\u00edan llegar hoy a Tandil, tal como est\u00e1 el aeropuerto<\/strong>. Si bien el aeropuerto cuenta con toda la infraestructura y comodidades para recibir vuelos comerciales,<strong> la pista debe ser repavimentada<\/strong>. Por eso, los tiempos dependen de qu\u00e9 suceda con el aeropuerto. <strong>\u201cA nosotros nos parece una locura que no est\u00e9 pavimentada la pista\u201d<\/strong>, afirm\u00f3.<\/p>\n<blockquote><p>\u201cEstamos esperando si se va a hacer o no la repavimentaci\u00f3n de la pista de Tandil. Si no, opci\u00f3n B\u201d, aclar\u00f3. Esa opci\u00f3n B podr\u00eda ser cambiar de avi\u00f3n en Olavarr\u00eda y llegar a Tandil en un avi\u00f3n m\u00e1s peque\u00f1o. O viajar en avi\u00f3n hasta Olavarr\u00eda y desde all\u00ed conexi\u00f3n por tierra a Tandil.<\/p><\/blockquote>\n<p><strong>\u201cTenemos ganas de arrancar lo antes posible\u201d<\/strong>, dijo Sim\u00f3n Errecart en otro pasaje de la charla con El Eco, y asegur\u00f3 que una vez que arranquen las operaciones, <strong>la empresa garantizar\u00e1 un a\u00f1o de operaciones, para brindar previsibilidad<\/strong>. Dicen que cuentan con el \u201crespaldo financiero\u201d.<\/p>\n<p>Sobre los <strong>puestos de trabajo<\/strong> que podr\u00eda generar en Tandil, enumer\u00f3 unos pocos: por ejemplo, concesionarios dentro del aeropuerto, un lugar \u201cpara comer algo\u201d, o servicios de taxi o rem\u00eds. A prop\u00f3sito, tambi\u00e9n plante\u00f3 la necesidad de que se pavimente el acceso al aeropuerto, \u201ces una locura como est\u00e1.<\/p>\n<p>Eso s\u00ed, a modo de cierre, y a tono con los tiempos que se viven, Sim\u00f3n Errecart dej\u00f3 claro que <strong>es un proyecto privado planteado sin subsidio y sin apoyo financiero del Estado<\/strong>.<em> \u201cNo queremos eso, es 100% financiaci\u00f3n privada, capital privado. No necesitamos ni queremos apoyo p\u00fablico\u201d<\/em>.<\/p>\n<p>Fuente: <em>Agencia DIB<\/em><\/p>\n","protected":false},"excerpt":{"rendered":"<p>Los hab\u00eda anunciado para este mes el ministro Federico Sturzenegger. Unir\u00edan Buenos Aires, Olavarr\u00eda y Tandil. La semana que viene<\/p>\n","protected":false},"author":4,"featured_media":130855,"comment_status":"closed","ping_status":"closed","sticky":false,"template":"","format":"standard","meta":{"_jetpack_memberships_contains_paid_content":false,"footnotes":""},"categories":[5,1],"tags":[],"class_list":["post-130854","post","type-post","status-publish","format-standard","has-post-thumbnail","hentry","category-informacion-general","category-portada"],"jetpack_featured_media_url":"https:\/\/i0.wp.com\/cdnoticias.com\/wp-content\/uploads\/2024\/11\/humming-airways.jpg?fit=800%2C445&ssl=1","jetpack_sharing_enabled":true,"_links":{"self":[{"href":"https:\/\/cdnoticias.com\/index.php\/wp-json\/wp\/v2\/posts\/130854","targetHints":{"allow":["GET"]}}],"collection":[{"href":"https:\/\/cdnoticias.com\/index.php\/wp-json\/wp\/v2\/posts"}],"about":[{"href":"https:\/\/cdnoticias.com\/index.php\/wp-json\/wp\/v2\/types\/post"}],"author":[{"embeddable":true,"href":"https:\/\/cdnoticias.com\/index.php\/wp-json\/wp\/v2\/users\/4"}],"replies":[{"embeddable":true,"href":"https:\/\/cdnoticias.com\/index.php\/wp-json\/wp\/v2\/comments?post=130854"}],"version-history":[{"count":0,"href":"https:\/\/cdnoticias.com\/index.php\/wp-json\/wp\/v2\/posts\/130854\/revisions"}],"wp:featuredmedia":[{"embeddable":true,"href":"https:\/\/cdnoticias.com\/index.php\/wp-json\/wp\/v2\/media\/130855"}],"wp:attachment":[{"href":"https:\/\/cdnoticias.com\/index.php\/wp-json\/wp\/v2\/media?parent=130854"}],"wp:term":[{"taxonomy":"category","embeddable":true,"href":"https:\/\/cdnoticias.com\/index.php\/wp-json\/wp\/v2\/categories?post=130854"},{"taxonomy":"post_tag","embeddable":true,"href":"https:\/\/cdnoticias.com\/index.php\/wp-json\/wp\/v2\/tags?post=130854"}],"curies":[{"name":"wp","href":"https:\/\/api.w.org\/{rel}","templated":true}]}}