{"id":130839,"date":"2024-11-20T20:54:43","date_gmt":"2024-11-20T23:54:43","guid":{"rendered":"https:\/\/cdnoticias.com\/?p=130839"},"modified":"2024-11-20T20:54:54","modified_gmt":"2024-11-20T23:54:54","slug":"tras-una-importante-participacion-y-varios-proyectos-sancionados-cerro-el-hcd-estudiantil","status":"publish","type":"post","link":"https:\/\/cdnoticias.com\/index.php\/2024\/11\/20\/tras-una-importante-participacion-y-varios-proyectos-sancionados-cerro-el-hcd-estudiantil\/","title":{"rendered":"Tras una importante participaci\u00f3n y varios proyectos sancionados, cerr\u00f3 el HCD Estudiantil"},"content":{"rendered":"\n<p>Fue en la ma\u00f1ana de este mi\u00e9rcoles, en el Sal\u00f3n Rivadavia. Se entregaron reconocimientos y hubo palabras alusivas.<\/p>\n\n\n\n<hr class=\"wp-block-separator aligncenter has-alpha-channel-opacity\"\/>\n\n\n\n<p>Este mi\u00e9rcoles por la ma\u00f1ana se llev\u00f3 a cabo en el Sal\u00f3n Rivadavia<strong> el acto de cierre del Concejo Deliberante Estudiantil 2024, una iniciativa promovida por la Comisi\u00f3n de Educaci\u00f3n del Honorable Concejo Deliberante (HCD).<\/strong><\/p>\n\n\n\n<p>En esta edici\u00f3n, el programa alcanz\u00f3 una participaci\u00f3n r\u00e9cord con<strong> la intervenci\u00f3n de 41 escuelas secundarias de distintas modalidades, incluyendo, por primera vez, instituciones de educaci\u00f3n especial.<\/strong><\/p>\n\n\n\n<figure class=\"wp-block-image size-large\"><img data-recalc-dims=\"1\" loading=\"lazy\" decoding=\"async\" width=\"800\" height=\"509\" src=\"https:\/\/i0.wp.com\/cdnoticias.com\/wp-content\/uploads\/2024\/11\/2.jpg?resize=800%2C509&#038;ssl=1\" alt=\"\" class=\"wp-image-130841\" srcset=\"https:\/\/i0.wp.com\/cdnoticias.com\/wp-content\/uploads\/2024\/11\/2-scaled.jpg?resize=1024%2C652&amp;ssl=1 1024w, https:\/\/i0.wp.com\/cdnoticias.com\/wp-content\/uploads\/2024\/11\/2-scaled.jpg?resize=300%2C191&amp;ssl=1 300w, https:\/\/i0.wp.com\/cdnoticias.com\/wp-content\/uploads\/2024\/11\/2-scaled.jpg?resize=768%2C489&amp;ssl=1 768w, https:\/\/i0.wp.com\/cdnoticias.com\/wp-content\/uploads\/2024\/11\/2-scaled.jpg?resize=1536%2C978&amp;ssl=1 1536w, https:\/\/i0.wp.com\/cdnoticias.com\/wp-content\/uploads\/2024\/11\/2-scaled.jpg?resize=2048%2C1304&amp;ssl=1 2048w, https:\/\/i0.wp.com\/cdnoticias.com\/wp-content\/uploads\/2024\/11\/2-scaled.jpg?w=1600&amp;ssl=1 1600w, https:\/\/i0.wp.com\/cdnoticias.com\/wp-content\/uploads\/2024\/11\/2-scaled.jpg?w=2400&amp;ssl=1 2400w\" sizes=\"auto, (max-width: 800px) 100vw, 800px\" \/><\/figure>\n\n\n\n<p>El presidente del HCD, Guillermo Santell\u00e1n, felicit\u00f3 a los concejales estudiantiles por su compromiso y destac\u00f3 la relevancia de generar espacios de intercambio de ideas y propuestas que contribuyan a construir una comunidad m\u00e1s integrada<strong>. <em>\u201cEstos debates nos ense\u00f1an la importancia de alcanzar consensos para mejorar la calidad de vida de todos\u201d,<\/em> expres\u00f3.<\/strong><\/p>\n\n\n\n<figure class=\"wp-block-image size-large\"><img data-recalc-dims=\"1\" loading=\"lazy\" decoding=\"async\" width=\"800\" height=\"534\" src=\"https:\/\/i0.wp.com\/cdnoticias.com\/wp-content\/uploads\/2024\/11\/37.jpg?resize=800%2C534&#038;ssl=1\" alt=\"\" class=\"wp-image-130843\" srcset=\"https:\/\/i0.wp.com\/cdnoticias.com\/wp-content\/uploads\/2024\/11\/37-scaled.jpg?resize=1024%2C683&amp;ssl=1 1024w, https:\/\/i0.wp.com\/cdnoticias.com\/wp-content\/uploads\/2024\/11\/37-scaled.jpg?resize=300%2C200&amp;ssl=1 300w, https:\/\/i0.wp.com\/cdnoticias.com\/wp-content\/uploads\/2024\/11\/37-scaled.jpg?resize=768%2C512&amp;ssl=1 768w, https:\/\/i0.wp.com\/cdnoticias.com\/wp-content\/uploads\/2024\/11\/37-scaled.jpg?resize=1536%2C1024&amp;ssl=1 1536w, https:\/\/i0.wp.com\/cdnoticias.com\/wp-content\/uploads\/2024\/11\/37-scaled.jpg?resize=2048%2C1365&amp;ssl=1 2048w, https:\/\/i0.wp.com\/cdnoticias.com\/wp-content\/uploads\/2024\/11\/37-scaled.jpg?resize=272%2C182&amp;ssl=1 272w, https:\/\/i0.wp.com\/cdnoticias.com\/wp-content\/uploads\/2024\/11\/37-scaled.jpg?w=1600&amp;ssl=1 1600w, https:\/\/i0.wp.com\/cdnoticias.com\/wp-content\/uploads\/2024\/11\/37-scaled.jpg?w=2400&amp;ssl=1 2400w\" sizes=\"auto, (max-width: 800px) 100vw, 800px\" \/><\/figure>\n\n\n\n<p>La titular de la Comisi\u00f3n de Educaci\u00f3n, Telma Cazot, realiz\u00f3 un repaso del trabajo desarrollado durante el a\u00f1o y subray\u00f3 la dedicaci\u00f3n de los estudiantes en la elaboraci\u00f3n y defensa de sus proyectos.<em><strong> \u201cHemos logrado que el Concejo Deliberante Estudiantil sea nuevamente un espacio para promover la participaci\u00f3n pol\u00edtica y el debate democr\u00e1tico\u201d<\/strong><\/em>, se\u00f1al\u00f3.<\/p>\n\n\n\n<figure class=\"wp-block-image size-large\"><img data-recalc-dims=\"1\" loading=\"lazy\" decoding=\"async\" width=\"800\" height=\"502\" src=\"https:\/\/i0.wp.com\/cdnoticias.com\/wp-content\/uploads\/2024\/11\/8.jpg?resize=800%2C502&#038;ssl=1\" alt=\"\" class=\"wp-image-130842\" srcset=\"https:\/\/i0.wp.com\/cdnoticias.com\/wp-content\/uploads\/2024\/11\/8-scaled.jpg?resize=1024%2C642&amp;ssl=1 1024w, https:\/\/i0.wp.com\/cdnoticias.com\/wp-content\/uploads\/2024\/11\/8-scaled.jpg?resize=300%2C188&amp;ssl=1 300w, https:\/\/i0.wp.com\/cdnoticias.com\/wp-content\/uploads\/2024\/11\/8-scaled.jpg?resize=768%2C482&amp;ssl=1 768w, https:\/\/i0.wp.com\/cdnoticias.com\/wp-content\/uploads\/2024\/11\/8-scaled.jpg?resize=1536%2C963&amp;ssl=1 1536w, https:\/\/i0.wp.com\/cdnoticias.com\/wp-content\/uploads\/2024\/11\/8-scaled.jpg?resize=2048%2C1284&amp;ssl=1 2048w, https:\/\/i0.wp.com\/cdnoticias.com\/wp-content\/uploads\/2024\/11\/8-scaled.jpg?w=1600&amp;ssl=1 1600w, https:\/\/i0.wp.com\/cdnoticias.com\/wp-content\/uploads\/2024\/11\/8-scaled.jpg?w=2400&amp;ssl=1 2400w\" sizes=\"auto, (max-width: 800px) 100vw, 800px\" \/><\/figure>\n\n\n\n<p>Durante el acto, <strong>cada concejal estudiantil recibi\u00f3 un diploma en reconocimiento a su desempe\u00f1o, marcando el cierre de un ciclo que busca incentivar la formaci\u00f3n c\u00edvica y la participaci\u00f3n activa de los j\u00f3venes en la vida democr\u00e1tica.<\/strong><\/p>\n\n\n\n<p><\/p>\n","protected":false},"excerpt":{"rendered":"<p>Fue en la ma\u00f1ana de este mi\u00e9rcoles, en el Sal\u00f3n Rivadavia. Se entregaron reconocimientos y hubo palabras alusivas. Este mi\u00e9rcoles<\/p>\n","protected":false},"author":2,"featured_media":130840,"comment_status":"closed","ping_status":"closed","sticky":false,"template":"","format":"standard","meta":{"_jetpack_memberships_contains_paid_content":false,"footnotes":""},"categories":[4,1],"tags":[],"class_list":["post-130839","post","type-post","status-publish","format-standard","has-post-thumbnail","hentry","category-politica","category-portada"],"jetpack_featured_media_url":"https:\/\/i0.wp.com\/cdnoticias.com\/wp-content\/uploads\/2024\/11\/48-scaled.jpg?fit=2560%2C1707&ssl=1","jetpack_sharing_enabled":true,"_links":{"self":[{"href":"https:\/\/cdnoticias.com\/index.php\/wp-json\/wp\/v2\/posts\/130839","targetHints":{"allow":["GET"]}}],"collection":[{"href":"https:\/\/cdnoticias.com\/index.php\/wp-json\/wp\/v2\/posts"}],"about":[{"href":"https:\/\/cdnoticias.com\/index.php\/wp-json\/wp\/v2\/types\/post"}],"author":[{"embeddable":true,"href":"https:\/\/cdnoticias.com\/index.php\/wp-json\/wp\/v2\/users\/2"}],"replies":[{"embeddable":true,"href":"https:\/\/cdnoticias.com\/index.php\/wp-json\/wp\/v2\/comments?post=130839"}],"version-history":[{"count":0,"href":"https:\/\/cdnoticias.com\/index.php\/wp-json\/wp\/v2\/posts\/130839\/revisions"}],"wp:featuredmedia":[{"embeddable":true,"href":"https:\/\/cdnoticias.com\/index.php\/wp-json\/wp\/v2\/media\/130840"}],"wp:attachment":[{"href":"https:\/\/cdnoticias.com\/index.php\/wp-json\/wp\/v2\/media?parent=130839"}],"wp:term":[{"taxonomy":"category","embeddable":true,"href":"https:\/\/cdnoticias.com\/index.php\/wp-json\/wp\/v2\/categories?post=130839"},{"taxonomy":"post_tag","embeddable":true,"href":"https:\/\/cdnoticias.com\/index.php\/wp-json\/wp\/v2\/tags?post=130839"}],"curies":[{"name":"wp","href":"https:\/\/api.w.org\/{rel}","templated":true}]}}