{"id":13083,"date":"2021-02-05T20:32:52","date_gmt":"2021-02-05T23:32:52","guid":{"rendered":"http:\/\/www.centraldenoticias.com.ar\/?p=13083"},"modified":"2021-02-06T09:09:49","modified_gmt":"2021-02-06T12:09:49","slug":"veto-al-cupo-trans-al-intendente-no-le-importa-la-construccion-colectiva","status":"publish","type":"post","link":"https:\/\/cdnoticias.com\/index.php\/2021\/02\/05\/veto-al-cupo-trans-al-intendente-no-le-importa-la-construccion-colectiva\/","title":{"rendered":"Veto al cupo trans:\u00a0\u201cAl Intendente no le importa la construcci\u00f3n colectiva\u201d"},"content":{"rendered":"<p>El militante Alex Herrera habl\u00f3 con Central de Noticias tras el veto parcial de la ordenanza de cupo laboral para personas trans. \u00bfQu\u00e9 propon\u00edan los art\u00edculos rechazados?. Resalt\u00f3 el rol de las organizaciones y mostr\u00f3 sorpresa ante el comunicado de la comisi\u00f3n de G\u00e9nero del HCD.<!--more--><\/p>\n<hr \/>\n<p><strong>Alex Herrera es un referente y militante de la diversidad sexual en nuestra ciudad, integra el Frente Patria Grande \u2013 Frente de Todos<\/strong> y form\u00f3 parte activa de la discusi\u00f3n previa en la conformaci\u00f3n de la norma que busca concretar la aplicaci\u00f3n del cupo laboral para personas personas travestis, transexuales y transg\u00e9nero en la Municipalidad de Olavarr\u00eda.<\/p>\n<p>&nbsp;<\/p>\n<p>Tras el <a href=\"https:\/\/cdnoticias.com\/index.php\/2021\/02\/01\/galli-veto-mas-de-la-mitad-de-la-ordenanza-del-cupo-trans\/\" target=\"_blank\" rel=\"noopener\">veto del intendente Ezequiel Galli a m\u00e1s de la mitad del articulado de la ordenanza 4.568\/20<\/a>, habl\u00f3 con <em>Central de Noticias<\/em> sobre la<strong> <em>\u201cfrustaci\u00f3n\u201d<\/em><\/strong> y<strong><em> \u201cbronca\u201d<\/em><\/strong> que gener\u00f3 este hecho en el interior de las organizaciones. Tambi\u00e9n se\u00f1al\u00f3 la <strong><em>\u201csorpresa\u201d<\/em><\/strong> ante la actitud de las concejalas de la comisi\u00f3n de G\u00e9nero y Diversidad del HCD que <a href=\"https:\/\/cdnoticias.com\/index.php\/2021\/02\/03\/cupo-laboral-trans-el-veto-no-afecta-la-esencia-de-dicha-norma\/\" target=\"_blank\" rel=\"noopener\">emitieron un comunicado<\/a> indicando que <em>\u201cel veto no afecta la esencia de la norma\u201d<\/em>.<\/p>\n<p>&nbsp;<\/p>\n<p><em>\u201cYa estamos curados de espanto con el Intendente que tenemos\u201d<\/em> se\u00f1al\u00f3 Herrera. Si bien supon\u00edan que se pod\u00edan llegar a vetar los dos art\u00edculos que los concejales de Juntos por el Cambio no acompa\u00f1aron en la sesi\u00f3n, <strong><em>\u201cno sab\u00edamos que iba a vetar 5 art\u00edculos totalmente y despu\u00e9s vetar otro dos de manera parcial\u201d.<\/em><\/strong><\/p>\n<p>&nbsp;<\/p>\n<p>Entre los considerandos del veto se se\u00f1ala que <em>\u201clo establecido en la Ley 14.783 ya obliga a la Municipalidad de Olavarr\u00eda a la aplicaci\u00f3n de que el 1% de su planta laboral sean personas trans\u201d.<\/em> Con esto se busca apuntar a que no ser\u00eda necesaria una normativa local para la aplicaci\u00f3n.<\/p>\n<p>&nbsp;<\/p>\n<p>Al respecto Alex Herrera opt\u00f3 por se\u00f1alar en primer lugar el<strong> trabajo de debate sostenido durante dos a\u00f1os<\/strong> y en resaltar que la normativa local planteaba \u201c<strong><em>ir un poco m\u00e1s profundo\u201d<\/em><\/strong> ya que si no hubiera<em> \u201calcanzado con una adhesi\u00f3n a la Ley provincial\u201d.<\/em><\/p>\n<p>&nbsp;<\/p>\n<p><strong><em>\u201cEsper\u00e1bamos un compromiso del Intendente con las disidencias por todos estos a\u00f1os de militancia que traemos. Sobre todo, porque el Intendente cuando tiene quedar bien o hacerse el copado o progresista, nos utiliza\u201d<\/em> <\/strong>y especific\u00f3:<em> \u201ciz\u00f3 la bandera del Orgullo hace un par de a\u00f1os en el D\u00eda Internacional del Orgullo, o en sus redes sociales dice \u2018por una ciudad m\u00e1s justa\u00b4, pero despu\u00e9s en los hechos no lo hace, nos ignora totalmente, nos minimiza y bastardea nuestro trabajo\u201d.<\/em><\/p>\n<p>&nbsp;<\/p>\n<p><img data-recalc-dims=\"1\" loading=\"lazy\" decoding=\"async\" class=\"alignnone size-full wp-image-13085\" src=\"https:\/\/i0.wp.com\/cdnoticias.com\/wp-content\/uploads\/2021\/02\/118621980_10224609647288003_5070254295737944182_n.jpg?resize=800%2C590&#038;ssl=1\" alt=\"\" width=\"800\" height=\"590\" srcset=\"https:\/\/i0.wp.com\/cdnoticias.com\/wp-content\/uploads\/2021\/02\/118621980_10224609647288003_5070254295737944182_n.jpg?w=958&amp;ssl=1 958w, https:\/\/i0.wp.com\/cdnoticias.com\/wp-content\/uploads\/2021\/02\/118621980_10224609647288003_5070254295737944182_n.jpg?resize=300%2C221&amp;ssl=1 300w, https:\/\/i0.wp.com\/cdnoticias.com\/wp-content\/uploads\/2021\/02\/118621980_10224609647288003_5070254295737944182_n.jpg?resize=768%2C567&amp;ssl=1 768w\" sizes=\"auto, (max-width: 800px) 100vw, 800px\" \/><\/p>\n<p>&nbsp;<\/p>\n<p><strong>\u201cEsto genera frustraci\u00f3n en los militantes y activistas\u201d<\/strong><\/p>\n<p>&nbsp;<\/p>\n<p>En la ma\u00f1ana de este mi\u00e9rcoles se reuni\u00f3 la <strong>comisi\u00f3n de G\u00e9nero del Concejo Deliberante<\/strong> para analizar el veto del Ejecutivo. Luego del encuentro emitieron un comunicado en el que indicaron que la medida <em>\u201cno afecta la esencia de dicha norma, la cual establece un cupo del 1% del total de la planta de empleados municipales para personas transexuales, travestis y transg\u00e9nero\u201d.<\/em><\/p>\n<p>&nbsp;<\/p>\n<p>Respecto a esta situaci\u00f3n, Herrera se mostr\u00f3 en principio <em>\u201csorprendido\u201d<\/em> porque<strong> esperaban que la comisi\u00f3n de Genero <em>\u201cpueda convocarnos al igual que lo hizo en todas las instancias que tuvimos durante dos a\u00f1os\u201d.<\/em><\/strong><\/p>\n<p>&nbsp;<\/p>\n<p><em>\u201cM\u00e1s all\u00e1 de nuestra militancia y de nuestra formaci\u00f3n, necesit\u00e1bamos una opini\u00f3n t\u00e9cnica para saber por qu\u00e9 se hab\u00eda vetado y por qu\u00e9 no hab\u00eda nada que hacer y dem\u00e1s\u201d<\/em>, agreg\u00f3.<\/p>\n<p>&nbsp;<\/p>\n<blockquote><p>La comisi\u00f3n sali\u00f3 con un comunicado omitiendo todo eso, y es lo que me parece m\u00e1s triste, que nosotros como olavarrienses nos acostumbremos a que el intendente vete absolutamente todo. Nos viene vetando un presupuesto para salud sexual y reproductiva, vaci\u00f3 el consultorio inclusivo en medio de la pandemia, no podemos permitir eso.<\/p><\/blockquote>\n<p>&nbsp;<\/p>\n<p><em>\u201cEntiendo el contexto, pero esper\u00e1bamos m\u00ednimamente una llamada. <strong>Esto genera frustraci\u00f3n en los militantes y activistas, sobre todo en quienes est\u00e1n hace mucho tiempo tratando de generar una pol\u00edtica p\u00fablica para la diversidad sexual en Olavarr\u00eda<\/strong>\u201d<\/em>, asegur\u00f3.<\/p>\n<p>&nbsp;<\/p>\n<p><img data-recalc-dims=\"1\" loading=\"lazy\" decoding=\"async\" class=\"alignnone size-full wp-image-12723\" src=\"https:\/\/i0.wp.com\/cdnoticias.com\/wp-content\/uploads\/2021\/02\/cupotrans05.jpg?resize=800%2C445&#038;ssl=1\" alt=\"\" width=\"800\" height=\"445\" srcset=\"https:\/\/i0.wp.com\/cdnoticias.com\/wp-content\/uploads\/2021\/02\/cupotrans05.jpg?w=800&amp;ssl=1 800w, https:\/\/i0.wp.com\/cdnoticias.com\/wp-content\/uploads\/2021\/02\/cupotrans05.jpg?resize=300%2C167&amp;ssl=1 300w, https:\/\/i0.wp.com\/cdnoticias.com\/wp-content\/uploads\/2021\/02\/cupotrans05.jpg?resize=768%2C427&amp;ssl=1 768w\" sizes=\"auto, (max-width: 800px) 100vw, 800px\" \/><\/p>\n<p>&nbsp;<\/p>\n<p><strong>\u00bfCu\u00e1les fueron los art\u00edculos vetados?<\/strong><\/p>\n<p>&nbsp;<\/p>\n<p>Para Alex Herrera hay una falta de inter\u00e9s en la opini\u00f3n de las organizaciones que militan por la diversidad en nuestra ciudad. <strong>Una intenci\u00f3n de \u201ccorrerlas\u201d de la opini\u00f3n y escena p\u00fablica.<\/strong> Analiz\u00f3 cada uno de los aspectos vetados y el impacto de lo que propon\u00edan para enriquecer la norma.<\/p>\n<p>&nbsp;<\/p>\n<p>Uno de los puntos rechazados fue la <strong>progresividad<\/strong>. El militante se\u00f1al\u00f3 que \u201c<strong><em>al quitar la obligaci\u00f3n de que ingresen cuatro personas por a\u00f1o, deja una fecha sin definir\u201d<\/em><\/strong>. Esto no est\u00e1 determinado tampoco en la ley provincial y de esta forma<em> \u201cnos asegur\u00e1bamos a nivel local que inmediatamente compa\u00f1eras puedan ingresar\u201d.<\/em><\/p>\n<p>&nbsp;<\/p>\n<p>Por otra parte, y respecto al otorgamientos de <strong>becas de capacitaci\u00f3n<\/strong> (el bloque oficialista rechaz\u00f3 es art\u00edculo durante la sesi\u00f3n), Alex se\u00f1al\u00f3 que se trata de<em> \u201cuna m\u00ednima reparaci\u00f3n\u201d<\/em> y explic\u00f3 que <em>\u201c<strong>estamos hablando de becas que son el monto de la Asignaci\u00f3n Universal por Hijo<\/strong>, y en ese momento plantemos 4 becas por a\u00f1o. Eso tampoco pudo ser\u201d.<\/em><\/p>\n<p>&nbsp;<\/p>\n<p>Uno de los puntos que m\u00e1s <em>\u201cbronca\u201d<\/em> y rechazo gener\u00f3 entre los y las militantes fue<em> \u201c<strong>el veto al art\u00edculo que propone la conformaci\u00f3n del equipo referente<\/strong> integrado por organizaciones, militantes de la Mesa Local contra la Violencia Familiar y de G\u00e9nero, militantes independientes de la diversidad\u201d.<\/em><\/p>\n<p>&nbsp;<\/p>\n<blockquote><p>Eso es terrible, ah\u00ed realmente el Intendente demostr\u00f3 que no le importa la construcci\u00f3n colectiva. No le importa nuestra opini\u00f3n, corre a las organizaciones y somos nosotras las que sostenemos a nuestras compa\u00f1eras trans en este momento.<\/p><\/blockquote>\n<p>&nbsp;<\/p>\n<p>Respecto al <strong>Registro de aspirantes local \u201cDiana Sacay\u00e1n\u201d,<\/strong> el argumento para el rechazo es que el encargado de llevar adelante ese espacio es el Ministerio de Trabajo de la provincia. <em>\u201cM\u00e1s all\u00e1 de eso, esper\u00e1bamos un m\u00ednimo inter\u00e9s del Intendente y sobre todo de las concejalas de Juntos por el Cambio que preguntaban cu\u00e1ntas compa\u00f1eras trans eran y qu\u00e9 les pasaba<strong>. Esper\u00e1bamos esa herramienta para recolectar esos datos y resolver las necesidades de estas compa\u00f1eras y estos compa\u00f1eros<\/strong> que sabemos que est\u00e1n atravesando situaciones re dif\u00edciles\u201d<\/em>, concluy\u00f3.<\/p>\n<p>&nbsp;<\/p>\n","protected":false},"excerpt":{"rendered":"<p>El militante Alex Herrera habl\u00f3 con Central de Noticias tras el veto parcial de la ordenanza de cupo laboral para<\/p>\n","protected":false},"author":5,"featured_media":12727,"comment_status":"closed","ping_status":"closed","sticky":false,"template":"","format":"standard","meta":{"_jetpack_memberships_contains_paid_content":false,"footnotes":""},"categories":[4,1],"tags":[],"class_list":["post-13083","post","type-post","status-publish","format-standard","has-post-thumbnail","hentry","category-politica","category-portada"],"jetpack_featured_media_url":"https:\/\/i0.wp.com\/cdnoticias.com\/wp-content\/uploads\/2021\/02\/cupo-trans03.jpg?fit=800%2C445&ssl=1","jetpack_sharing_enabled":true,"_links":{"self":[{"href":"https:\/\/cdnoticias.com\/index.php\/wp-json\/wp\/v2\/posts\/13083","targetHints":{"allow":["GET"]}}],"collection":[{"href":"https:\/\/cdnoticias.com\/index.php\/wp-json\/wp\/v2\/posts"}],"about":[{"href":"https:\/\/cdnoticias.com\/index.php\/wp-json\/wp\/v2\/types\/post"}],"author":[{"embeddable":true,"href":"https:\/\/cdnoticias.com\/index.php\/wp-json\/wp\/v2\/users\/5"}],"replies":[{"embeddable":true,"href":"https:\/\/cdnoticias.com\/index.php\/wp-json\/wp\/v2\/comments?post=13083"}],"version-history":[{"count":0,"href":"https:\/\/cdnoticias.com\/index.php\/wp-json\/wp\/v2\/posts\/13083\/revisions"}],"wp:featuredmedia":[{"embeddable":true,"href":"https:\/\/cdnoticias.com\/index.php\/wp-json\/wp\/v2\/media\/12727"}],"wp:attachment":[{"href":"https:\/\/cdnoticias.com\/index.php\/wp-json\/wp\/v2\/media?parent=13083"}],"wp:term":[{"taxonomy":"category","embeddable":true,"href":"https:\/\/cdnoticias.com\/index.php\/wp-json\/wp\/v2\/categories?post=13083"},{"taxonomy":"post_tag","embeddable":true,"href":"https:\/\/cdnoticias.com\/index.php\/wp-json\/wp\/v2\/tags?post=13083"}],"curies":[{"name":"wp","href":"https:\/\/api.w.org\/{rel}","templated":true}]}}