{"id":130811,"date":"2024-11-20T16:12:10","date_gmt":"2024-11-20T19:12:10","guid":{"rendered":"https:\/\/cdnoticias.com\/?p=130811"},"modified":"2024-11-20T16:12:13","modified_gmt":"2024-11-20T19:12:13","slug":"ambiente-el-giro-movil-estara-en-colonia-hinojo","status":"publish","type":"post","link":"https:\/\/cdnoticias.com\/index.php\/2024\/11\/20\/ambiente-el-giro-movil-estara-en-colonia-hinojo\/","title":{"rendered":"Ambiente: el GIRO M\u00f3vil estar\u00e1 en Colonia Hinojo"},"content":{"rendered":"\n<p>Ser\u00e1 el martes 3 de diciembre, en el horario de 11:00 a 13:00, en la Plaza Sarmiento.<\/p>\n\n\n\n<hr class=\"wp-block-separator has-alpha-channel-opacity\"\/>\n\n\n\n<p>La Coordinaci\u00f3n de Ambiente, dependiente de la Secretar\u00eda de Desarrollo Econ\u00f3mico y Productivo, inform\u00f3 que se realizar\u00e1 una nueva edici\u00f3n del GIRO M\u00f3vil.<\/p>\n\n\n\n<p><\/p>\n\n\n\n<p>El mismo se realizar\u00e1 en <strong>Colonia Hinojo<\/strong>, y es organizado en conjunto con el grupo de Guardianes Ecol\u00f3gicos de la localidad. <strong>Ser\u00e1 el martes 3 de diciembre, de 11 a 13 horas, en Plaza Sarmiento (Av. de los Fundadores y J. Scharle).<\/strong><\/p>\n\n\n\n<p><\/p>\n\n\n\n<p>Durante esa jornada, personal de la Coordinaci\u00f3n de Ambiente, junto con el grupo de guardianes y las promotoras del programa GIRO estar\u00e1n presentes <strong>recibiendo los residuos reciclables que los vecinos de la localidad acerquen hasta el lugar.<\/strong><\/p>\n\n\n\n<p><\/p>\n\n\n\n<blockquote class=\"wp-block-quote is-layout-flow wp-block-quote-is-layout-flow\">\n<p>Los residuos reciclables son: papel, cart\u00f3n, botellas pl\u00e1sticas, botellas de vidrio, envases de tetrabrik, envases y latas de aluminio.<\/p>\n<\/blockquote>\n\n\n\n<p><\/p>\n\n\n\n<p><strong>Previamente al GIRO M\u00f3vil, el pr\u00f3ximo martes 26 de noviembre, las promotoras del programa estar\u00e1n haciendo una recorrida por la localidad <\/strong>para informar sobre la actividad y para que las personas puedan comenzar a juntar sus residuos para la fecha del GIRO M\u00f3vil.<\/p>\n\n\n\n<p><\/p>\n\n\n\n<p>Para m\u00e1s informaci\u00f3n sobre el Programa Municipal GIRO, pueden consultar la p\u00e1gina web del municipio (olavarria.gov.ar), o la red social del programa: giro.olavarria.<\/p>\n","protected":false},"excerpt":{"rendered":"<p>Ser\u00e1 el martes 3 de diciembre, en el horario de 11:00 a 13:00, en la Plaza Sarmiento. La Coordinaci\u00f3n de<\/p>\n","protected":false},"author":2,"featured_media":77990,"comment_status":"closed","ping_status":"closed","sticky":false,"template":"","format":"standard","meta":{"_jetpack_memberships_contains_paid_content":false,"footnotes":""},"categories":[5,1],"tags":[],"class_list":["post-130811","post","type-post","status-publish","format-standard","has-post-thumbnail","hentry","category-informacion-general","category-portada"],"jetpack_featured_media_url":"https:\/\/i0.wp.com\/cdnoticias.com\/wp-content\/uploads\/2023\/02\/giromovil.jpg?fit=1024%2C682&ssl=1","jetpack_sharing_enabled":true,"_links":{"self":[{"href":"https:\/\/cdnoticias.com\/index.php\/wp-json\/wp\/v2\/posts\/130811","targetHints":{"allow":["GET"]}}],"collection":[{"href":"https:\/\/cdnoticias.com\/index.php\/wp-json\/wp\/v2\/posts"}],"about":[{"href":"https:\/\/cdnoticias.com\/index.php\/wp-json\/wp\/v2\/types\/post"}],"author":[{"embeddable":true,"href":"https:\/\/cdnoticias.com\/index.php\/wp-json\/wp\/v2\/users\/2"}],"replies":[{"embeddable":true,"href":"https:\/\/cdnoticias.com\/index.php\/wp-json\/wp\/v2\/comments?post=130811"}],"version-history":[{"count":0,"href":"https:\/\/cdnoticias.com\/index.php\/wp-json\/wp\/v2\/posts\/130811\/revisions"}],"wp:featuredmedia":[{"embeddable":true,"href":"https:\/\/cdnoticias.com\/index.php\/wp-json\/wp\/v2\/media\/77990"}],"wp:attachment":[{"href":"https:\/\/cdnoticias.com\/index.php\/wp-json\/wp\/v2\/media?parent=130811"}],"wp:term":[{"taxonomy":"category","embeddable":true,"href":"https:\/\/cdnoticias.com\/index.php\/wp-json\/wp\/v2\/categories?post=130811"},{"taxonomy":"post_tag","embeddable":true,"href":"https:\/\/cdnoticias.com\/index.php\/wp-json\/wp\/v2\/tags?post=130811"}],"curies":[{"name":"wp","href":"https:\/\/api.w.org\/{rel}","templated":true}]}}