{"id":130803,"date":"2024-11-20T11:52:44","date_gmt":"2024-11-20T14:52:44","guid":{"rendered":"https:\/\/cdnoticias.com\/?p=130803"},"modified":"2024-11-20T17:43:11","modified_gmt":"2024-11-20T20:43:11","slug":"mega-causa-azul-tandil-y-olavarria-la-fiscalia-solicito-11-perpetuas","status":"publish","type":"post","link":"https:\/\/cdnoticias.com\/index.php\/2024\/11\/20\/mega-causa-azul-tandil-y-olavarria-la-fiscalia-solicito-11-perpetuas\/","title":{"rendered":"Mega Causa Azul, Tandil y Olavarr\u00eda: la Fiscal\u00eda solicit\u00f3 11 perpetuas"},"content":{"rendered":"<p>Tambi\u00e9n pidi\u00f3 penas para otros 24 imputados. Se desarroll\u00f3 la audiencia 75 del juicio La Huerta que abarca 192 casos investigados en 13 centros clandestinos de detenci\u00f3n.<!--more--><\/p>\n<hr \/>\n<p>Por: <em>Soledad Restivo &#8211; Agencia Comunica\/FACSO-UNICEN<\/em><\/p>\n<p>En la<strong> audiencia n\u00famero 75 del juicio La Huerta<\/strong> la <strong>fiscal\u00eda present\u00f3 sus pedidos de condena<\/strong>. El proceso judicial abarca 192 casos investigados, con testimonios de m\u00e1s de 200 personas a lo largo de 30 meses. Inicialmente, 51 imputados fueron acusados por <strong>cr\u00edmenes perpetrados en 13 centros clandestinos de detenci\u00f3n<\/strong> ubicados en el centro de la provincia de Buenos Aires.<\/p>\n<p>Los <strong>fiscales Santiago Eyherabide, Eugenia Montero y Julio Darmandrail<\/strong>, tras ocho jornadas de alegatos iniciadas el 6 de septiembre, <strong>solicitaron 11 condenas a prisi\u00f3n perpetua<\/strong>, incluyendo a <strong>Osvaldo H\u00e9ctor Repetto, Mart\u00edn Carlos Luzuriaga, Luis Ignacio G\u00f3mez Centuri\u00f3n, Alejandro Duret<\/strong> y otros responsables de graves violaciones a los derechos humanos.<\/p>\n<p>Pidieron adem\u00e1s<strong> 20 penas de entre 3 y 20 a\u00f1os de prisi\u00f3n<\/strong>, ajustadas seg\u00fan la gravedad de los delitos y el nivel de participaci\u00f3n de cada acusado. Finalmente requirieron la <em>absoluci\u00f3n de Francisco Oscar Sarmiento, Ra\u00fal Omar Carlucho, Norberto Luis Ferreras y Pedro Juan Aguirre<\/em>, al no encontrarse pruebas suficientes que sustenten las acusaciones en su contra.<\/p>\n<p><img data-recalc-dims=\"1\" loading=\"lazy\" decoding=\"async\" class=\"size-full wp-image-130805 aligncenter\" src=\"https:\/\/i0.wp.com\/cdnoticias.com\/wp-content\/uploads\/2024\/11\/julio-la-huerta-audiencia-75-01.jpg?resize=800%2C387&#038;ssl=1\" alt=\"\" width=\"800\" height=\"387\" srcset=\"https:\/\/i0.wp.com\/cdnoticias.com\/wp-content\/uploads\/2024\/11\/julio-la-huerta-audiencia-75-01.jpg?w=1000&amp;ssl=1 1000w, https:\/\/i0.wp.com\/cdnoticias.com\/wp-content\/uploads\/2024\/11\/julio-la-huerta-audiencia-75-01.jpg?resize=300%2C145&amp;ssl=1 300w, https:\/\/i0.wp.com\/cdnoticias.com\/wp-content\/uploads\/2024\/11\/julio-la-huerta-audiencia-75-01.jpg?resize=768%2C372&amp;ssl=1 768w\" sizes=\"auto, (max-width: 800px) 100vw, 800px\" \/><\/p>\n<p>Entre los delitos investigados se destacan<strong> asesinatos, desapariciones, torturas, privaciones ilegales de libertad y abusos<\/strong> cometidos en comisar\u00edas, c\u00e1rceles y otros espacios clandestinos utilizados durante el<strong> terrorismo de Estado<\/strong>. Entre estos \u00faltimos se encuentran<em> la \u201cQuinta de los M\u00e9ndez\u201d, \u201cLa Huerta\u201d y el Ex ISER en Tandil; la estaci\u00f3n del ferrocarril donde actualmente funciona el Jard\u00edn De Paula, en Azul, y <strong>el predio Monte Peloni en Olavarr\u00eda<\/strong><\/em>.<\/p>\n<blockquote><p>El juicio La Huerta, uno de los m\u00e1s extensos en la regi\u00f3n, ha expuesto un patr\u00f3n sistem\u00e1tico de represi\u00f3n destinado a eliminar la militancia pol\u00edtica, sindical y estudiantil. La fiscal\u00eda subray\u00f3 el uso del miedo y la desinformaci\u00f3n como herramientas clave del aparato represivo, coordinado por fuerzas militares, policiales y penitenciarias, con la colaboraci\u00f3n de sectores civiles. Adem\u00e1s, se presentaron m\u00faltiples pruebas documentales que evidencian las jerarqu\u00edas y la secuencia de \u00f3rdenes emanadas, as\u00ed como la operatividad de los hechos investigados. En todo momento, los magistrados resaltaron la contundencia y el peso irrefutable de los testimonios presentados.<\/p><\/blockquote>\n<p>A lo largo del juicio, 213 testimonios han revelado con crudeza el <strong>horror de las torturas, los abusos y las privaciones de libertad<\/strong> que sufrieron las v\u00edctimas. Estas declaraciones han expuesto el <strong>impacto devastador de estas pr\u00e1cticas represivas en sus vidas personales y familiares<\/strong>. Seg\u00fan la fiscal\u00eda, los cr\u00edmenes tuvieron como objetivo principal <strong>instaurar el miedo como un mecanismo de control social, empleando la represi\u00f3n sistem\u00e1tica y la manipulaci\u00f3n informativa<\/strong> para deslegitimar a los opositores y consolidar el poder del r\u00e9gimen dictatorial.<\/p>\n<p><img data-recalc-dims=\"1\" loading=\"lazy\" decoding=\"async\" class=\"size-full wp-image-130806 aligncenter\" src=\"https:\/\/i0.wp.com\/cdnoticias.com\/wp-content\/uploads\/2024\/11\/julio-la-huerta-audiencia-75-02.jpg?resize=800%2C376&#038;ssl=1\" alt=\"\" width=\"800\" height=\"376\" srcset=\"https:\/\/i0.wp.com\/cdnoticias.com\/wp-content\/uploads\/2024\/11\/julio-la-huerta-audiencia-75-02.jpg?w=1000&amp;ssl=1 1000w, https:\/\/i0.wp.com\/cdnoticias.com\/wp-content\/uploads\/2024\/11\/julio-la-huerta-audiencia-75-02.jpg?resize=300%2C141&amp;ssl=1 300w, https:\/\/i0.wp.com\/cdnoticias.com\/wp-content\/uploads\/2024\/11\/julio-la-huerta-audiencia-75-02.jpg?resize=768%2C361&amp;ssl=1 768w\" sizes=\"auto, (max-width: 800px) 100vw, 800px\" \/><\/p>\n<p>El <strong>Tribunal Oral Federal de Mar del Plata<\/strong> inform\u00f3 que<strong> los alegatos de las querellas comenzar\u00e1n el viernes 22 de noviembre<\/strong> a las 8:30. Participar\u00e1n la <em>Asamblea Permanente por los Derechos Humanos (APDH), la Subsecretar\u00eda de Derechos Humanos de la provincia de Buenos Aires y la Secretar\u00eda de Derechos Humanos de la Naci\u00f3n<\/em>. Posteriormente, ser\u00e1 el turno de las defensas.<\/p>\n<p>Recordemos que, desde el inicio de las audiencias, se trasmiten en las sedes de la UNICEN, Aula Magna en Tandil, Centro de Investigaci\u00f3n y Postgrado en Azul, Aulas Comunes en Olavarr\u00eda. Mientras que desde que comenzaron los alegatos, las audiencias pueden verse mediante la plataforma de \u201cLa Retaguardia\u201d en YouTube.<\/p>\n<h3>El pedido de Fiscal\u00eda:<\/h3>\n<ul>\n<li>Osvaldo H\u00e9ctor Repetto: perpetua<\/li>\n<li>Mart\u00edn Carlos Luzuriaga: perpetua<\/li>\n<li>Luis Ignacio G\u00f3mez Centuri\u00f3n: perpetua<\/li>\n<li>Jorge Roberto Casares: perpetua (unificaci\u00f3n con una condena previa)<\/li>\n<li>Alejandro Guillermo Duret: perpetua (unificaci\u00f3n con una condena previa)<\/li>\n<li>Rom\u00e1n Valdecantos: perpetua (unificaci\u00f3n con una condena previa)<\/li>\n<li>H\u00e9ctor Mart\u00ednez Salgado: perpetua<\/li>\n<li>Ra\u00fal Andr\u00e9s Ara: perpetua<\/li>\n<li>Ricardo Edmundo Arce: perpetua<\/li>\n<li>Gustavo Jos\u00e9 C\u00e1ceres: perpetua<\/li>\n<li>Daniel Alfredo Ceresoli: perpetua<\/li>\n<li>Juan Manuel Durante: 20 a\u00f1os de prisi\u00f3n<\/li>\n<li>Mariano Edgardo Viviani: 16 a\u00f1os de prisi\u00f3n<\/li>\n<li>Julio C\u00e9sar Tula: 14 a\u00f1os de prisi\u00f3n<\/li>\n<li>Jos\u00e9 Luis \u00c1lvarez: 12 a\u00f1os de prisi\u00f3n<\/li>\n<li>Guillermo Prieto: 12 a\u00f1os de prisi\u00f3n<\/li>\n<li>Julio M\u00e9ndez: 10 a\u00f1os de prisi\u00f3n<\/li>\n<li>Horacio Ricardo Barriola: 8 a\u00f1os y 6 meses de prisi\u00f3n<\/li>\n<li>Eduardo Augusto Samyn: 8 a\u00f1os y 6 meses de prisi\u00f3n<\/li>\n<li>H\u00e9ctor Alberto Mangudo, 8 a\u00f1os y 6 meses de prisi\u00f3n<\/li>\n<li>Luis Ernesto Ben\u00edtez: 8 a\u00f1os de prisi\u00f3n<\/li>\n<li>N\u00e9stor Omar Vapore: 8 a\u00f1os de prisi\u00f3n<\/li>\n<li>Jorge An\u00edbal Tolosa: 6 a\u00f1os y 6 meses de prisi\u00f3n<\/li>\n<li>Fernando Ferrer: 5 a\u00f1os y 6 meses de prisi\u00f3n<\/li>\n<li>Alberto Joaqu\u00edn Monge: 5 a\u00f1os de prisi\u00f3n<\/li>\n<li>Juan Manuel Miller: 4 a\u00f1os y 6 meses de prisi\u00f3n<\/li>\n<li>Jos\u00e9 Mar\u00eda Bruzzone, 4 a\u00f1os y 4 meses de prisi\u00f3n<\/li>\n<li>Miguel \u00c1ngel Buezas: 4 a\u00f1os y 4 meses de prisi\u00f3n<\/li>\n<li>H\u00e9ctor Rub\u00e9n Rinaldi: 4 a\u00f1os de prisi\u00f3n<\/li>\n<li>Enrique Vitale: 3 a\u00f1os y 8 meses de prisi\u00f3n<\/li>\n<li>Pedro Jorge Cinalli: 3 a\u00f1os y 4 meses de prisi\u00f3n<\/li>\n<\/ul>\n","protected":false},"excerpt":{"rendered":"<p>Tambi\u00e9n pidi\u00f3 penas para otros 24 imputados. Se desarroll\u00f3 la audiencia 75 del juicio La Huerta que abarca 192 casos<\/p>\n","protected":false},"author":4,"featured_media":130804,"comment_status":"closed","ping_status":"closed","sticky":false,"template":"","format":"standard","meta":{"_jetpack_memberships_contains_paid_content":false,"footnotes":""},"categories":[14,1],"tags":[],"class_list":["post-130803","post","type-post","status-publish","format-standard","has-post-thumbnail","hentry","category-policiales","category-portada"],"jetpack_featured_media_url":"https:\/\/i0.wp.com\/cdnoticias.com\/wp-content\/uploads\/2024\/11\/julio-la-huerta-audiencia-75-00.jpg?fit=1000%2C556&ssl=1","jetpack_sharing_enabled":true,"_links":{"self":[{"href":"https:\/\/cdnoticias.com\/index.php\/wp-json\/wp\/v2\/posts\/130803","targetHints":{"allow":["GET"]}}],"collection":[{"href":"https:\/\/cdnoticias.com\/index.php\/wp-json\/wp\/v2\/posts"}],"about":[{"href":"https:\/\/cdnoticias.com\/index.php\/wp-json\/wp\/v2\/types\/post"}],"author":[{"embeddable":true,"href":"https:\/\/cdnoticias.com\/index.php\/wp-json\/wp\/v2\/users\/4"}],"replies":[{"embeddable":true,"href":"https:\/\/cdnoticias.com\/index.php\/wp-json\/wp\/v2\/comments?post=130803"}],"version-history":[{"count":0,"href":"https:\/\/cdnoticias.com\/index.php\/wp-json\/wp\/v2\/posts\/130803\/revisions"}],"wp:featuredmedia":[{"embeddable":true,"href":"https:\/\/cdnoticias.com\/index.php\/wp-json\/wp\/v2\/media\/130804"}],"wp:attachment":[{"href":"https:\/\/cdnoticias.com\/index.php\/wp-json\/wp\/v2\/media?parent=130803"}],"wp:term":[{"taxonomy":"category","embeddable":true,"href":"https:\/\/cdnoticias.com\/index.php\/wp-json\/wp\/v2\/categories?post=130803"},{"taxonomy":"post_tag","embeddable":true,"href":"https:\/\/cdnoticias.com\/index.php\/wp-json\/wp\/v2\/tags?post=130803"}],"curies":[{"name":"wp","href":"https:\/\/api.w.org\/{rel}","templated":true}]}}