{"id":13080,"date":"2021-02-05T19:21:08","date_gmt":"2021-02-05T22:21:08","guid":{"rendered":"http:\/\/www.centraldenoticias.com.ar\/?p=13080"},"modified":"2021-02-05T20:33:13","modified_gmt":"2021-02-05T23:33:13","slug":"funcionarios-provinciales-y-referentes-locales-volvieron-a-reunirse-por-la-seguridad-en-los-campos","status":"publish","type":"post","link":"https:\/\/cdnoticias.com\/index.php\/2021\/02\/05\/funcionarios-provinciales-y-referentes-locales-volvieron-a-reunirse-por-la-seguridad-en-los-campos\/","title":{"rendered":"Funcionarios provinciales y referentes locales volvieron a reunirse por la seguridad en los campos"},"content":{"rendered":"<p>\u201cCreo que estamos en buen camino\u201d, se enfatiz\u00f3 desde la entidad agropecuaria local. Arribaron funcionarios tanto de Seguridad como de Desarrollo Agrario.\u00a0<!--more--><\/p>\n<hr \/>\n<p><strong>\u201cFue para afianzar la relaci\u00f3n institucional\u201d<\/strong>, narr\u00f3 a <strong><em>Central de Noticias<\/em><\/strong> Daniel Aycaguer, uno de los referentes de la Sociedad Rural local, quien brind\u00f3 detalles de una nueva reuni\u00f3n de trabajo conjunto que se concret\u00f3 en las \u00faltimas horas.<a href=\"https:\/\/cdnoticias.com\/index.php\/2021\/01\/27\/ante-el-crecimiento-de-casos-de-abigeato-la-sociedad-rural-se-reunio-con-autoridades-provinciales\/\" target=\"_blank\" rel=\"noopener\"> Tal como sucedi\u00f3 hace algo m\u00e1s de una semana<\/a>, el encuentro cont\u00f3 con la participaci\u00f3n de<strong> funcionarios del Ministerio de Seguridad Bonaerense, adem\u00e1s de funcionarios policiales de la ciudad y regi\u00f3n, sumado a referentes de diversas instituciones.<\/strong><\/p>\n<p>&nbsp;<\/p>\n<blockquote><p>A partir de la primera reuni\u00f3n y el registro de nuevos casos se concret\u00f3<a href=\"https:\/\/cdnoticias.com\/index.php\/2021\/01\/30\/se-reunieron-autoridades-policiales-ante-el-reclamo-de-seguridad-en-los-campos\/\" target=\"_blank\" rel=\"noopener\"> una reuni\u00f3n entre los referentes policiales locales para acordar tareas conjuntas<\/a><\/p><\/blockquote>\n<p>&nbsp;<\/p>\n<p><strong>El tema central fue la seguridad en los campos<\/strong>, una situaci\u00f3n que volvi\u00f3 a ser noticia en los \u00faltimos d\u00edas, principalmente tras un hecho que tuvo como escenario <a href=\"https:\/\/cdnoticias.com\/index.php\/2021\/02\/03\/llamativo-robo-en-cercanias-de-recalde-faltaron-39-vacas\/\" target=\"_blank\" rel=\"noopener\">un establecimiento rural de Recalde, donde faltaron alrededor de 40 vacunos<\/a>. \u201cEst\u00e1n trabajando\u201d, se\u00f1al\u00f3 el productor local e integrante de la subcomisi\u00f3n de Seguridad de la Sociedad Rural. <strong>\u201cSe est\u00e1n moviendo en todos los hechos\u201d<\/strong>, complet\u00f3 en alusi\u00f3n a la labor llevada adelante tanto desde la polic\u00eda como desde la Justicia, en la figura del fiscal en delitos rurales, el doctor Lucas Moyano.<\/p>\n<p>&nbsp;<\/p>\n<p><strong>\u201cTenemos una problem\u00e1tica en lo que es el primer anillo despu\u00e9s de la ciudad, que est\u00e1 despoblado de animales por el tema del abigeato, tenemos que hacer algo para que vuelvan vacas a esa zona\u201d<\/strong>, continu\u00f3 Aycaguer reforzando una cuesti\u00f3n que ya hab\u00eda sido planteada d\u00edas atr\u00e1s con respecto a la seguidilla de hechos que se focalizaron en un radio de pocos kil\u00f3metros sobre la Ruta Nacional 226, en el tramo que une Olavarr\u00eda con Bol\u00edvar.<\/p>\n<p>&nbsp;<\/p>\n<p><img data-recalc-dims=\"1\" loading=\"lazy\" decoding=\"async\" class=\"alignnone size-large wp-image-12367\" src=\"https:\/\/i0.wp.com\/cdnoticias.com\/wp-content\/uploads\/2021\/01\/WhatsApp-Image-2021-01-27-at-11.17.40-e1611772165151-1024x580.jpeg?resize=800%2C453&#038;ssl=1\" alt=\"\" width=\"800\" height=\"453\" srcset=\"https:\/\/i0.wp.com\/cdnoticias.com\/wp-content\/uploads\/2021\/01\/WhatsApp-Image-2021-01-27-at-11.17.40-e1611772165151.jpeg?resize=1024%2C580&amp;ssl=1 1024w, https:\/\/i0.wp.com\/cdnoticias.com\/wp-content\/uploads\/2021\/01\/WhatsApp-Image-2021-01-27-at-11.17.40-e1611772165151.jpeg?resize=300%2C170&amp;ssl=1 300w, https:\/\/i0.wp.com\/cdnoticias.com\/wp-content\/uploads\/2021\/01\/WhatsApp-Image-2021-01-27-at-11.17.40-e1611772165151.jpeg?resize=768%2C435&amp;ssl=1 768w, https:\/\/i0.wp.com\/cdnoticias.com\/wp-content\/uploads\/2021\/01\/WhatsApp-Image-2021-01-27-at-11.17.40-e1611772165151.jpeg?w=1277&amp;ssl=1 1277w\" sizes=\"auto, (max-width: 800px) 100vw, 800px\" \/><\/p>\n<p>&nbsp;<\/p>\n<p>Quien tambi\u00e9n habl\u00f3 de esa cuesti\u00f3n recientemente fue Sebasti\u00e1n Matrella, presidente de la Sociedad Rural Olavarr\u00eda, quien fue uno de los anfitriones del encuentro. Este portal logr\u00f3 conocer que<strong> desde la capital provincial arrib\u00f3 Santiago Sanguinetti, director de Proyectos Comunitarios del Ministerio de Seguridad. <\/strong><\/p>\n<p>&nbsp;<\/p>\n<p>La novedad estuvo dada en que desde La Plata <strong>tambi\u00e9n llegaron funcionarios del Ministerio Desarrollo Agrario<\/strong>, quienes se acercaron a conocer las necesidades y demandas de los productores,<strong> situaci\u00f3n que permiti\u00f3 avanzar sobre otros reclamos, como por ejemplos caminos rurales. \u00a0\u201cQued\u00f3 otra l\u00ednea para seguir hablando\u201d, se enfatiz\u00f3.<\/strong><\/p>\n<p>&nbsp;<\/p>\n<p><strong>Desde las fuerzas de seguridad participaron el comisario mayor Pablo Fortunato, Director Operativo de la Zona Sur de la Superintendencia de Seguridad Rural, \u00a0el comisario inspector Marcos Patelli, titular de la Coordinaci\u00f3n Zonal de Seguridad Rural de Olavarr\u00eda y el comisario inspector Roberto Landoni, jefe de la Estaci\u00f3n de Polic\u00eda Departamental de Olavarr\u00eda<\/strong>. Tambi\u00e9n pudieron verse referentes de la esfera pol\u00edtica, tales como el diputado provincial C\u00e9sar Valicenti y el concejal Eduardo Rodr\u00edguez, adem\u00e1s de integrantes del Consejo Municipal de Seguridad.<\/p>\n<p>&nbsp;<\/p>\n<p><img data-recalc-dims=\"1\" loading=\"lazy\" decoding=\"async\" class=\"alignnone size-full wp-image-12361\" src=\"https:\/\/i0.wp.com\/cdnoticias.com\/wp-content\/uploads\/2021\/01\/sociedad-rural-olavarria.jpg?resize=800%2C399&#038;ssl=1\" alt=\"\" width=\"800\" height=\"399\" srcset=\"https:\/\/i0.wp.com\/cdnoticias.com\/wp-content\/uploads\/2021\/01\/sociedad-rural-olavarria.jpg?w=900&amp;ssl=1 900w, https:\/\/i0.wp.com\/cdnoticias.com\/wp-content\/uploads\/2021\/01\/sociedad-rural-olavarria.jpg?resize=300%2C150&amp;ssl=1 300w, https:\/\/i0.wp.com\/cdnoticias.com\/wp-content\/uploads\/2021\/01\/sociedad-rural-olavarria.jpg?resize=768%2C383&amp;ssl=1 768w\" sizes=\"auto, (max-width: 800px) 100vw, 800px\" \/><\/p>\n<p>&nbsp;<\/p>\n<p>Esto \u00faltimo tambi\u00e9n fue tema de conversaci\u00f3n ya que, seg\u00fan subray\u00f3 Aycaguer, los funcionarios provinciales quedaron sorprendidos y sumamente conformes de la labor conjunta en materia de seguridad que se realiza, precisamente, desde el Consejo de Seguridad<strong>. \u201cSe sorprendieron de la comuni\u00f3n entre todos los actores\u201d<\/strong>, narr\u00f3 el productor local, quien agreg\u00f3 que se los invit\u00f3 a ser parte de los encuentros cuando se retome la actividad.<\/p>\n<p>&nbsp;<\/p>\n<p><strong>\u201cCreo que estamos en buen camino\u201d<\/strong>, concluy\u00f3 Aycaguer, en una menci\u00f3n en la que puso el acento en las labores conjuntas y, m\u00e1s a\u00fan, en la preocupaci\u00f3n y compromiso mostrado desde la gobernaci\u00f3n provincial. Por \u00faltimo, no quiso dejar pasar la ocasi\u00f3n para<strong> invitar a los productores locales para que se acerquen a la entidad a plantear sus inquietudes, preocupaciones y a ser parte activa de la misma, pudi\u00e9ndolo hacer tambi\u00e9n mediante la cuota societaria, para ayudar a las labores y gestiones que desde all\u00ed se realizan.<\/strong><\/p>\n<p>&nbsp;<\/p>\n<p><em>(Fotos Archivo)<\/em><\/p>\n","protected":false},"excerpt":{"rendered":"<p>\u201cCreo que estamos en buen camino\u201d, se enfatiz\u00f3 desde la entidad agropecuaria local. Arribaron funcionarios tanto de Seguridad como de<\/p>\n","protected":false},"author":3,"featured_media":12368,"comment_status":"closed","ping_status":"closed","sticky":false,"template":"","format":"standard","meta":{"_jetpack_memberships_contains_paid_content":false,"footnotes":""},"categories":[14,1],"tags":[],"class_list":["post-13080","post","type-post","status-publish","format-standard","has-post-thumbnail","hentry","category-policiales","category-portada"],"jetpack_featured_media_url":"https:\/\/i0.wp.com\/cdnoticias.com\/wp-content\/uploads\/2021\/01\/WhatsApp-Image-2021-01-27-at-11.17.41-1-e1611772152945.jpeg?fit=1228%2C768&ssl=1","jetpack_sharing_enabled":true,"_links":{"self":[{"href":"https:\/\/cdnoticias.com\/index.php\/wp-json\/wp\/v2\/posts\/13080","targetHints":{"allow":["GET"]}}],"collection":[{"href":"https:\/\/cdnoticias.com\/index.php\/wp-json\/wp\/v2\/posts"}],"about":[{"href":"https:\/\/cdnoticias.com\/index.php\/wp-json\/wp\/v2\/types\/post"}],"author":[{"embeddable":true,"href":"https:\/\/cdnoticias.com\/index.php\/wp-json\/wp\/v2\/users\/3"}],"replies":[{"embeddable":true,"href":"https:\/\/cdnoticias.com\/index.php\/wp-json\/wp\/v2\/comments?post=13080"}],"version-history":[{"count":0,"href":"https:\/\/cdnoticias.com\/index.php\/wp-json\/wp\/v2\/posts\/13080\/revisions"}],"wp:featuredmedia":[{"embeddable":true,"href":"https:\/\/cdnoticias.com\/index.php\/wp-json\/wp\/v2\/media\/12368"}],"wp:attachment":[{"href":"https:\/\/cdnoticias.com\/index.php\/wp-json\/wp\/v2\/media?parent=13080"}],"wp:term":[{"taxonomy":"category","embeddable":true,"href":"https:\/\/cdnoticias.com\/index.php\/wp-json\/wp\/v2\/categories?post=13080"},{"taxonomy":"post_tag","embeddable":true,"href":"https:\/\/cdnoticias.com\/index.php\/wp-json\/wp\/v2\/tags?post=13080"}],"curies":[{"name":"wp","href":"https:\/\/api.w.org\/{rel}","templated":true}]}}