{"id":130786,"date":"2024-11-20T09:35:57","date_gmt":"2024-11-20T12:35:57","guid":{"rendered":"https:\/\/cdnoticias.com\/?p=130786"},"modified":"2024-11-20T09:35:58","modified_gmt":"2024-11-20T12:35:58","slug":"principios-y-valores-celebro-el-dia-del-militante-peronista-en-mar-del-plata","status":"publish","type":"post","link":"https:\/\/cdnoticias.com\/index.php\/2024\/11\/20\/principios-y-valores-celebro-el-dia-del-militante-peronista-en-mar-del-plata\/","title":{"rendered":"Principios y Valores celebr\u00f3 el D\u00eda del Militante Peronista en Mar del Plata"},"content":{"rendered":"<p>Militantes de Olavarr\u00eda asistieron al acto que encabez\u00f3 Guillermo Moreno, l\u00edder del espacio. \u201cEl peronismo sigue siendo la esperanza de los trabajadores y del pueblo\u201d defini\u00f3 Alan Aguirre.<!--more--><\/p>\n<hr \/>\n<p><strong>Principios y Valores<\/strong> celebr\u00f3 el <strong>D\u00eda del Militante Peronista en Mar del Plata<\/strong> con un acto en el que <strong>participaron militantes de Olavarr\u00eda<\/strong>.<\/p>\n<p><strong>\u201cPrincipios y Valores volvi\u00f3 a marcar la agenda del peronismo<\/strong>. Guillermo Moreno, l\u00edder del espacio, brind\u00f3 un discurso contundente, cargado de cr\u00edticas a la pol\u00edtica econ\u00f3mica actual y con un llamado a la unidad justicialista\u201d remarcaron los <strong>asistentes de nuestra ciudad<\/strong> que tuvieron participaci\u00f3n a trav\u00e9s de la<strong> Juventud y la Rama Femenina<\/strong>, quienes reforzaron su compromiso con este proyecto pol\u00edtico.<\/p>\n<blockquote><p>Alan Aguirre, referente de PyV en la s\u00e9ptima secci\u00f3n electoral, declar\u00f3 \u201clos miles de compa\u00f1eros que participaron del acto son prueba de que el peronismo sigue siendo la esperanza de los trabajadores y del pueblo\u201d.<\/p><\/blockquote>\n<p><img data-recalc-dims=\"1\" loading=\"lazy\" decoding=\"async\" class=\"size-full wp-image-130788 aligncenter\" src=\"https:\/\/i0.wp.com\/cdnoticias.com\/wp-content\/uploads\/2024\/11\/dia-del-militante-guillermo-moreno-00.jpg?resize=800%2C335&#038;ssl=1\" alt=\"\" width=\"800\" height=\"335\" srcset=\"https:\/\/i0.wp.com\/cdnoticias.com\/wp-content\/uploads\/2024\/11\/dia-del-militante-guillermo-moreno-00.jpg?w=1000&amp;ssl=1 1000w, https:\/\/i0.wp.com\/cdnoticias.com\/wp-content\/uploads\/2024\/11\/dia-del-militante-guillermo-moreno-00.jpg?resize=300%2C126&amp;ssl=1 300w, https:\/\/i0.wp.com\/cdnoticias.com\/wp-content\/uploads\/2024\/11\/dia-del-militante-guillermo-moreno-00.jpg?resize=768%2C322&amp;ssl=1 768w\" sizes=\"auto, (max-width: 800px) 100vw, 800px\" \/><\/p>\n<p><strong>\u201cDesde Olavarr\u00eda reafirmamos que el mundo est\u00e1 entrando en un nuevo orden de nacionalismos<\/strong>, como venimos diciendo en Principios y Valores. Es indispensable retomar las bases doctrinarias y ser protagonistas de esta transformaci\u00f3n. <strong>Convocamos a los compa\u00f1eros y compa\u00f1eras de nuestra ciudad a unirse<\/strong> a esta lucha para devolverle al pa\u00eds la justicia social y la soberan\u00eda que merece\u201d sostuvo.<\/p>\n<p><strong>Guillermo Moreno afirm\u00f3 en su discurso que \u201cMilei est\u00e1 destruyendo el aparato productivo\u201d<\/strong>. Destac\u00f3 la necesidad de unir fuerzas en una confederaci\u00f3n justicialista y present\u00f3 propuestas para reindustrializar el pa\u00eds. Cuestion\u00f3 duramente las pol\u00edticas del gobierno nacional, afirmando que<strong> la gesti\u00f3n actual representa \u201cla continuidad de un modelo que castiga a los trabajadores y desfinancia a la producci\u00f3n\u201d<\/strong>. Adem\u00e1s, se\u00f1al\u00f3 &#8211;<a href=\"https:\/\/cdnoticias.com\/index.php\/2024\/09\/15\/guillermo-moreno-yo-le-digo-a-los-trabajadores-tranquilos-porque-ya-vuelve-el-peronismo\/\" target=\"_blank\" rel=\"noopener\">tal como hab\u00eda hecho en su \u00faltima visita a Olavarr\u00eda en septiembre<\/a>&#8211; el caso emblem\u00e1tico de Loma Negra, expresando preocupaci\u00f3n por la falta de compradores para la empresa y la p\u00e9rdida de capacidad productiva.<\/p>\n<p>\u201cEl peronismo siempre ha sido el motor del cambio en la Argentina. Hoy, m\u00e1s que nunca, <strong>necesitamos una unidad real, sin mezquindades. Somos la \u00fanica revoluci\u00f3n posible<\/strong>, vamos a seguir militando con amor y verdad. Estamos listos para gobernar y hacer Argentina grande otra vez, con un plan claro y bajo las reglas de la ley y el orden\u201d areng\u00f3 el dirigente.<\/p>\n","protected":false},"excerpt":{"rendered":"<p>Militantes de Olavarr\u00eda asistieron al acto que encabez\u00f3 Guillermo Moreno, l\u00edder del espacio. \u201cEl peronismo sigue siendo la esperanza de<\/p>\n","protected":false},"author":4,"featured_media":130787,"comment_status":"closed","ping_status":"closed","sticky":false,"template":"","format":"standard","meta":{"_jetpack_memberships_contains_paid_content":false,"footnotes":""},"categories":[4,1],"tags":[],"class_list":["post-130786","post","type-post","status-publish","format-standard","has-post-thumbnail","hentry","category-politica","category-portada"],"jetpack_featured_media_url":"https:\/\/i0.wp.com\/cdnoticias.com\/wp-content\/uploads\/2024\/11\/dia-del-militante-guillermo-moreno-alan-aguire-00.jpg?fit=1000%2C556&ssl=1","jetpack_sharing_enabled":true,"_links":{"self":[{"href":"https:\/\/cdnoticias.com\/index.php\/wp-json\/wp\/v2\/posts\/130786","targetHints":{"allow":["GET"]}}],"collection":[{"href":"https:\/\/cdnoticias.com\/index.php\/wp-json\/wp\/v2\/posts"}],"about":[{"href":"https:\/\/cdnoticias.com\/index.php\/wp-json\/wp\/v2\/types\/post"}],"author":[{"embeddable":true,"href":"https:\/\/cdnoticias.com\/index.php\/wp-json\/wp\/v2\/users\/4"}],"replies":[{"embeddable":true,"href":"https:\/\/cdnoticias.com\/index.php\/wp-json\/wp\/v2\/comments?post=130786"}],"version-history":[{"count":0,"href":"https:\/\/cdnoticias.com\/index.php\/wp-json\/wp\/v2\/posts\/130786\/revisions"}],"wp:featuredmedia":[{"embeddable":true,"href":"https:\/\/cdnoticias.com\/index.php\/wp-json\/wp\/v2\/media\/130787"}],"wp:attachment":[{"href":"https:\/\/cdnoticias.com\/index.php\/wp-json\/wp\/v2\/media?parent=130786"}],"wp:term":[{"taxonomy":"category","embeddable":true,"href":"https:\/\/cdnoticias.com\/index.php\/wp-json\/wp\/v2\/categories?post=130786"},{"taxonomy":"post_tag","embeddable":true,"href":"https:\/\/cdnoticias.com\/index.php\/wp-json\/wp\/v2\/tags?post=130786"}],"curies":[{"name":"wp","href":"https:\/\/api.w.org\/{rel}","templated":true}]}}