{"id":130776,"date":"2024-11-20T14:46:59","date_gmt":"2024-11-20T17:46:59","guid":{"rendered":"https:\/\/cdnoticias.com\/?p=130776"},"modified":"2024-11-20T14:47:01","modified_gmt":"2024-11-20T17:47:01","slug":"la-union-de-colonias-alemanas-de-olavarria-se-presento-en-tandil","status":"publish","type":"post","link":"https:\/\/cdnoticias.com\/index.php\/2024\/11\/20\/la-union-de-colonias-alemanas-de-olavarria-se-presento-en-tandil\/","title":{"rendered":"La Uni\u00f3n de Colonias Alemanas de Olavarr\u00eda se present\u00f3 en Tandil"},"content":{"rendered":"<p>Fue invitada por Ra\u00edces Alemanas en Tandil. Expusieron sobre la historia, cultura y desarrollo. Adem\u00e1s llevaron el flyer con informaci\u00f3n de las Colonias de Olavarr\u00eda.<!--more--><\/p>\n<hr \/>\n<p>En el <strong>Museo Hist\u00f3rico Fuerte Independencia de Tandil<\/strong>, por invitaci\u00f3n y organizaci\u00f3n de <strong>Ra\u00edces Alemanas en Tandil (RAT)<\/strong>, los integrantes de la <strong>Uni\u00f3n de Colonias Alemanas de Olavarr\u00eda<\/strong> encabezados por la<em> presidente Gladys Stoessel, vicepresidente Osvaldo Bugliese y secretaria Norma Schwindt<\/em>, se hizo la <strong>presentaci\u00f3n del flyer de la Municipalidad de Olavarr\u00eda con informaci\u00f3n a trav\u00e9s de un QR de las tres colonias de Alemanes del Volga del Partido<\/strong>.<\/p>\n<p>El s\u00e1bado 16 a la hora 17:30, en las atractivas instalaciones del museo de Tandil se vivi\u00f3 <strong>una tarde cargada de emoci\u00f3n<\/strong> cuando los representantes de tres de las Colonias de Alemanes del Volga del Partido de Olavarr\u00eda se hicieron presentes con sus <strong>trajes t\u00edpicos<\/strong> para compartir la charla denominada<strong> \u201cAlemanes del Volga, un legado que perdura\u201d<\/strong>. En la oportunidad estuvieron presentes los socios de Ra\u00edces Alemanas en Tandil (RAT) que acompa\u00f1aron junto a miembros de la Comisi\u00f3n Directiva y amigos del Museo, referentes de instituciones y p\u00fablico en general.<\/p>\n<p>Las palabras de bienvenida y presentaci\u00f3n estuvieron a cargo de la <em>presidente de RAT (adem\u00e1s vicepresidente a nivel nacional de la FAAG) Victoria Von Neufforge<\/em> quien entre otros conceptos manifest\u00f3 su satisfacci\u00f3n por esta visita.<\/p>\n<p><img data-recalc-dims=\"1\" loading=\"lazy\" decoding=\"async\" class=\"size-full wp-image-130780 aligncenter\" src=\"https:\/\/i0.wp.com\/cdnoticias.com\/wp-content\/uploads\/2024\/11\/encuentro-de-colonias-alemanas-tandil-03.jpg?resize=800%2C352&#038;ssl=1\" alt=\"\" width=\"800\" height=\"352\" srcset=\"https:\/\/i0.wp.com\/cdnoticias.com\/wp-content\/uploads\/2024\/11\/encuentro-de-colonias-alemanas-tandil-03.jpg?w=1000&amp;ssl=1 1000w, https:\/\/i0.wp.com\/cdnoticias.com\/wp-content\/uploads\/2024\/11\/encuentro-de-colonias-alemanas-tandil-03.jpg?resize=300%2C132&amp;ssl=1 300w, https:\/\/i0.wp.com\/cdnoticias.com\/wp-content\/uploads\/2024\/11\/encuentro-de-colonias-alemanas-tandil-03.jpg?resize=768%2C338&amp;ssl=1 768w\" sizes=\"auto, (max-width: 800px) 100vw, 800px\" \/><\/p>\n<blockquote><p>Seguidamente la presidente de la Uni\u00f3n de Colonias Alemanas Gladys Stoessel expres\u00f3 su agradecimiento y explic\u00f3 los motivos de la presencia en el lugar, dado que la existencia de un flyer de Turismo Municipal de Olavarr\u00eda en ese lugar responde a que gran cantidad de visitantes reiteradamente han consultado sobre la ubicaci\u00f3n para visitar las Colonias. De esta manera a trav\u00e9s del c\u00f3digo QR impreso en el Flyer, se podr\u00e1 obtener la informaci\u00f3n correspondiente no solo de las Colonias sino de los dem\u00e1s atractivos del Partido, por lo que esta iniciativa resulta un instrumento sumamente \u00fatil para contribuir al movimiento tur\u00edstico y la difusi\u00f3n de la cultura de esta colectividad.<\/p><\/blockquote>\n<p>Dentro de lo programado, los expositores hicieron <strong>un recorrido por la historia, costumbres, tradiciones y valores culturales de la inmigraci\u00f3n<\/strong> proveniente del Volga.<\/p>\n<p>La exposici\u00f3n fue iniciada por <strong>Osvaldo Bugliese, de Colonia Nievas<\/strong>, quien relat\u00f3 la historia de la comunidad germana, su emigraci\u00f3n hacia el Volga hasta la llegada a nuestro pa\u00eds, las circunstancias que vivieron destacando la fuerza y resiliencia de este pueblo, brindando tambi\u00e9n algunos aspectos destacados de Colonia Nievas.<\/p>\n<p><img data-recalc-dims=\"1\" loading=\"lazy\" decoding=\"async\" class=\"size-full wp-image-130778 aligncenter\" src=\"https:\/\/i0.wp.com\/cdnoticias.com\/wp-content\/uploads\/2024\/11\/encuentro-de-colonias-alemanas-tandil-01.jpg?resize=800%2C445&#038;ssl=1\" alt=\"\" width=\"800\" height=\"445\" srcset=\"https:\/\/i0.wp.com\/cdnoticias.com\/wp-content\/uploads\/2024\/11\/encuentro-de-colonias-alemanas-tandil-01.jpg?w=1000&amp;ssl=1 1000w, https:\/\/i0.wp.com\/cdnoticias.com\/wp-content\/uploads\/2024\/11\/encuentro-de-colonias-alemanas-tandil-01.jpg?resize=300%2C167&amp;ssl=1 300w, https:\/\/i0.wp.com\/cdnoticias.com\/wp-content\/uploads\/2024\/11\/encuentro-de-colonias-alemanas-tandil-01.jpg?resize=768%2C427&amp;ssl=1 768w, https:\/\/i0.wp.com\/cdnoticias.com\/wp-content\/uploads\/2024\/11\/encuentro-de-colonias-alemanas-tandil-01.jpg?resize=800%2C445&amp;ssl=1 800w\" sizes=\"auto, (max-width: 800px) 100vw, 800px\" \/><\/p>\n<p>Continu\u00f3 exponiendo <strong>Norma Schwindt de Colonia Hinojo<\/strong> refiri\u00e9ndose a la fundaci\u00f3n de su colonia, la Colonia Madre en el Pa\u00eds, su sentido de pertenencia y amor por su colonia, comentando sobre las instituciones y tambi\u00e9n los recuerdos de la vida cotidiana con sus aspectos gastron\u00f3micos, celebraciones y, entre otras cosas, el nacimiento de la Kreppelfest.<\/p>\n<p>Finalmente <strong>Gladys Stoessel, de Colonia San Miguel<\/strong>, comparti\u00f3 con gran sentimiento el valor que tiene para ellos mantener su idioma, su fe y las costumbres, resaltando el esp\u00edritu colectivo que define a las colonias, la relaci\u00f3n del Museo Stoessel-M\u00fcller y su familia. Tambi\u00e9n describi\u00f3 el camino que va tomando la reciente formaci\u00f3n de la Uni\u00f3n de Colonias Alemanas de Olavarr\u00eda, lo cual es un importante antecedente en nuestro pa\u00eds, ya que no conocen que se registre, en otros lugares, este tipo de nucleamiento de esta colectividad.<\/p>\n<p>Finalizado el discurso <strong>se procedi\u00f3 a descubrir el flyer<\/strong> por parte de la presidente de RAT, Victoria Von Neufforge, la presidente de la Uni\u00f3n de Colonias, Gladys Stoessel, Norma Schwindt, el presidente de Comisi\u00f3n del Museo, Oscar Granato, y la integrante de RAT (tambi\u00e9n miembro de Subcomisi\u00f3n Federal a nivel nacional de la FAAG), In\u00e9s Kaiser.<\/p>\n<p><img data-recalc-dims=\"1\" loading=\"lazy\" decoding=\"async\" class=\"size-full wp-image-130779 aligncenter\" src=\"https:\/\/i0.wp.com\/cdnoticias.com\/wp-content\/uploads\/2024\/11\/encuentro-de-colonias-alemanas-tandil-02.jpg?resize=800%2C360&#038;ssl=1\" alt=\"\" width=\"800\" height=\"360\" srcset=\"https:\/\/i0.wp.com\/cdnoticias.com\/wp-content\/uploads\/2024\/11\/encuentro-de-colonias-alemanas-tandil-02.jpg?w=1000&amp;ssl=1 1000w, https:\/\/i0.wp.com\/cdnoticias.com\/wp-content\/uploads\/2024\/11\/encuentro-de-colonias-alemanas-tandil-02.jpg?resize=300%2C135&amp;ssl=1 300w, https:\/\/i0.wp.com\/cdnoticias.com\/wp-content\/uploads\/2024\/11\/encuentro-de-colonias-alemanas-tandil-02.jpg?resize=768%2C346&amp;ssl=1 768w\" sizes=\"auto, (max-width: 800px) 100vw, 800px\" \/><\/p>\n<p>Antes del break Osvaldo Bugliese hizo<strong> especial referencia a \u201cMingo\u201d Jacobo quien es co-autor del libro<\/strong> que realizaron juntos, <strong>\u201cDie Kolonie Nievas\u201d<\/strong>, haciendo <strong>entrega de un ejemplar del mismo, <a href=\"https:\/\/cdnoticias.com\/index.php\/2024\/10\/17\/de-colonia-nievas-a-alemania-con-un-libro-nos-parece-algo-sensacional\/\" target=\"_blank\" rel=\"noopener\">traducido al alem\u00e1n por Gladys Wesphal<\/a><\/strong>.<\/p>\n<p>Luego del Kaffee und Kuchen, Cecilia Baier (descendiente de Alemanes del Volga) coment\u00f3 su historia de vida y los motivos de la <strong>donaci\u00f3n de su primera m\u00e1quina de coser<\/strong> como s\u00edmbolo de superaci\u00f3n personal. Finalmente se recibi\u00f3 por parte del Museo la c\u00e1lida donaci\u00f3n de <strong>un revistero familiar<\/strong> cargado de recuerdos por M\u00f3nica Lichtfus.<\/p>\n<p>El cierre de la jornada estuvo a cargo de <em>Oscar Granato, presidente de la Comisi\u00f3n del Museo<\/em>, quien se expres\u00f3 con emotivas palabras.<\/p>\n<p>Ra\u00edces Alemanas en Tandil (RAT) es una asociaci\u00f3n civil cuya misi\u00f3n es difundir y preservar la herencia cultural y los valores germanos, promoviendo la participaci\u00f3n entre los socios y la comunidad.\u00a0A trav\u00e9s de la integraci\u00f3n de tradiciones y el intercambio de pol\u00edticas culturales educativas, ambientales y deportivas, se busca mantener vigente el inter\u00e9s por Alemania, tanto en su legado hist\u00f3rico como en su proyecci\u00f3n moderna, pilares fundamentales para fortalecer la identidad y crear puentes entre generaciones.<\/p>\n","protected":false},"excerpt":{"rendered":"<p>Fue invitada por Ra\u00edces Alemanas en Tandil. Expusieron sobre la historia, cultura y desarrollo. Adem\u00e1s llevaron el flyer con informaci\u00f3n<\/p>\n","protected":false},"author":4,"featured_media":130777,"comment_status":"closed","ping_status":"closed","sticky":false,"template":"","format":"standard","meta":{"_jetpack_memberships_contains_paid_content":false,"footnotes":""},"categories":[9,1],"tags":[],"class_list":["post-130776","post","type-post","status-publish","format-standard","has-post-thumbnail","hentry","category-cultura","category-portada"],"jetpack_featured_media_url":"https:\/\/i0.wp.com\/cdnoticias.com\/wp-content\/uploads\/2024\/11\/encuentro-de-colonias-alemanas-tandil-00.jpg?fit=1000%2C556&ssl=1","jetpack_sharing_enabled":true,"_links":{"self":[{"href":"https:\/\/cdnoticias.com\/index.php\/wp-json\/wp\/v2\/posts\/130776","targetHints":{"allow":["GET"]}}],"collection":[{"href":"https:\/\/cdnoticias.com\/index.php\/wp-json\/wp\/v2\/posts"}],"about":[{"href":"https:\/\/cdnoticias.com\/index.php\/wp-json\/wp\/v2\/types\/post"}],"author":[{"embeddable":true,"href":"https:\/\/cdnoticias.com\/index.php\/wp-json\/wp\/v2\/users\/4"}],"replies":[{"embeddable":true,"href":"https:\/\/cdnoticias.com\/index.php\/wp-json\/wp\/v2\/comments?post=130776"}],"version-history":[{"count":0,"href":"https:\/\/cdnoticias.com\/index.php\/wp-json\/wp\/v2\/posts\/130776\/revisions"}],"wp:featuredmedia":[{"embeddable":true,"href":"https:\/\/cdnoticias.com\/index.php\/wp-json\/wp\/v2\/media\/130777"}],"wp:attachment":[{"href":"https:\/\/cdnoticias.com\/index.php\/wp-json\/wp\/v2\/media?parent=130776"}],"wp:term":[{"taxonomy":"category","embeddable":true,"href":"https:\/\/cdnoticias.com\/index.php\/wp-json\/wp\/v2\/categories?post=130776"},{"taxonomy":"post_tag","embeddable":true,"href":"https:\/\/cdnoticias.com\/index.php\/wp-json\/wp\/v2\/tags?post=130776"}],"curies":[{"name":"wp","href":"https:\/\/api.w.org\/{rel}","templated":true}]}}