{"id":130706,"date":"2024-11-19T12:06:43","date_gmt":"2024-11-19T15:06:43","guid":{"rendered":"https:\/\/cdnoticias.com\/?p=130706"},"modified":"2024-11-19T19:28:09","modified_gmt":"2024-11-19T22:28:09","slug":"este-martes-se-reinauguro-la-escuela-primaria-n58-arsenio-cavilla-sinclair","status":"publish","type":"post","link":"https:\/\/cdnoticias.com\/index.php\/2024\/11\/19\/este-martes-se-reinauguro-la-escuela-primaria-n58-arsenio-cavilla-sinclair\/","title":{"rendered":"Este martes se reinaugur\u00f3 la Escuela Primaria N\u00b058 \u201cArsenio Cavilla Sinclair\u201d"},"content":{"rendered":"\n<p>La inversi\u00f3n fue de m\u00e1s de 60 millones de pesos. Construyeron cuatro aulas, ba\u00f1os nuevos, oficinas, comedor, dependencias y realizaron distintas refacciones.<\/p>\n\n\n\n<hr class=\"wp-block-separator has-alpha-channel-opacity\"\/>\n\n\n\n<p>En la ma\u00f1ana de este martes, <strong>el intendente Maximiliano Wesner junto a autoridades educativas, docentes y estudiantes, <\/strong>encabez\u00f3 el acto de <strong>reinauguraci\u00f3n de obras y la reapertura en la Escuela Primaria N\u00ba 58 \u201cArsenio Cavilla Sinclair\u201d, ubicada en la esquina de Sargento Cabral y Moya.<\/strong><\/p>\n\n\n\n<p><\/p>\n\n\n\n<p>Con una <strong>inversi\u00f3n de m\u00e1s de 60 millones de pesos<\/strong> se llevaron adelante la <strong>construcci\u00f3n de cuatro aulas, oficina, comedor, direcci\u00f3n, secretar\u00eda y una nueva sala <\/strong>para el equipo orientador escolar. Tambi\u00e9n se realizaron<strong> nuevos ba\u00f1os, cambio de aberturas en galer\u00edas y de pisos en acceso y patio, colocaci\u00f3n de \u00e1rboles, nuevas veredas exteriores y pintura en general.<\/strong><\/p>\n\n\n\n<p><\/p>\n\n\n\n<figure class=\"wp-block-image size-full\"><img data-recalc-dims=\"1\" loading=\"lazy\" decoding=\"async\" width=\"800\" height=\"445\" src=\"https:\/\/i0.wp.com\/cdnoticias.com\/wp-content\/uploads\/2024\/11\/Escuela-58-5-1.jpg?resize=800%2C445&#038;ssl=1\" alt=\"\" class=\"wp-image-130711\" srcset=\"https:\/\/i0.wp.com\/cdnoticias.com\/wp-content\/uploads\/2024\/11\/Escuela-58-5-1.jpg?w=800&amp;ssl=1 800w, https:\/\/i0.wp.com\/cdnoticias.com\/wp-content\/uploads\/2024\/11\/Escuela-58-5-1.jpg?resize=300%2C167&amp;ssl=1 300w, https:\/\/i0.wp.com\/cdnoticias.com\/wp-content\/uploads\/2024\/11\/Escuela-58-5-1.jpg?resize=768%2C427&amp;ssl=1 768w\" sizes=\"auto, (max-width: 800px) 100vw, 800px\" \/><\/figure>\n\n\n\n<p><\/p>\n\n\n\n<p>Por otra parte <strong>desde el Consejo Escolar se ejecutaron otra serie de obras como la construcci\u00f3n de la pared medianera con una inversi\u00f3n de m\u00e1s de 10 millones de pesos, la entrega de mobiliario para todas las aulas y sala comedor, parquizaci\u00f3n, compra de pizarras y de cortinado.<\/strong><\/p>\n\n\n\n<p><\/p>\n\n\n\n<p>Estuvieron presentes el intendente Maximiliano Wesner, la jefa de Gabinete Mercedes Land\u00edvar, el secretario de Obras, Infraestructura y Servicios P\u00fablicos Orfel Fari\u00f1a, la Jefa Regional de Educaci\u00f3n Marta Casanella, el Jefe Distrital Julio Ben\u00edtez, el presidente del Consejo Escolar Ariel Rodr\u00edguez, la directora del establecimiento Marcela Bonepelche, inspectores de distintos niveles y modalidades, consejeros escolares, autoridades municipales, concejales de distintos bloques y representantes de la empresa constructora.<\/p>\n\n\n\n<p><\/p>\n\n\n\n<figure class=\"wp-block-image size-full\"><img data-recalc-dims=\"1\" loading=\"lazy\" decoding=\"async\" width=\"800\" height=\"445\" src=\"https:\/\/i0.wp.com\/cdnoticias.com\/wp-content\/uploads\/2024\/11\/Esc-58-93-1-scaled-1.jpg?resize=800%2C445&#038;ssl=1\" alt=\"\" class=\"wp-image-130707\" srcset=\"https:\/\/i0.wp.com\/cdnoticias.com\/wp-content\/uploads\/2024\/11\/Esc-58-93-1-scaled-1.jpg?w=800&amp;ssl=1 800w, https:\/\/i0.wp.com\/cdnoticias.com\/wp-content\/uploads\/2024\/11\/Esc-58-93-1-scaled-1.jpg?resize=300%2C167&amp;ssl=1 300w, https:\/\/i0.wp.com\/cdnoticias.com\/wp-content\/uploads\/2024\/11\/Esc-58-93-1-scaled-1.jpg?resize=768%2C427&amp;ssl=1 768w\" sizes=\"auto, (max-width: 800px) 100vw, 800px\" \/><\/figure>\n\n\n\n<p><\/p>\n\n\n\n<p>Tras el descubrimiento de placa, la <strong>directora del establecimiento Marcela Bonepelche<\/strong> expres\u00f3 \u201cestamos felices de reinaugurar nuestro querido y tan ansiado edificio, queremos expresar un especial agradecimiento al se\u00f1or intendente Maximiliano Wesner, quien culmin\u00f3 esta obra ya iniciada, generando mejores condiciones de infraestructura para alumnos docentes, auxiliares y personal en general\u201d.<\/p>\n\n\n\n<p><\/p>\n\n\n\n<figure class=\"wp-block-image size-full\"><img data-recalc-dims=\"1\" loading=\"lazy\" decoding=\"async\" width=\"800\" height=\"445\" src=\"https:\/\/i0.wp.com\/cdnoticias.com\/wp-content\/uploads\/2024\/11\/Escuela-58-1-scaled-1.jpg?resize=800%2C445&#038;ssl=1\" alt=\"\" class=\"wp-image-130708\" srcset=\"https:\/\/i0.wp.com\/cdnoticias.com\/wp-content\/uploads\/2024\/11\/Escuela-58-1-scaled-1.jpg?w=800&amp;ssl=1 800w, https:\/\/i0.wp.com\/cdnoticias.com\/wp-content\/uploads\/2024\/11\/Escuela-58-1-scaled-1.jpg?resize=300%2C167&amp;ssl=1 300w, https:\/\/i0.wp.com\/cdnoticias.com\/wp-content\/uploads\/2024\/11\/Escuela-58-1-scaled-1.jpg?resize=768%2C427&amp;ssl=1 768w\" sizes=\"auto, (max-width: 800px) 100vw, 800px\" \/><\/figure>\n\n\n\n<p><\/p>\n\n\n\n<p>\u201cQuiero agradecer muy especialmente a la se\u00f1ora directora del EP n\u00famero 32 Claudia Acosta y al vicedirector se\u00f1or Marcelo Ripoll, al se\u00f1or Guillermo P\u00e9rez de Educaci\u00f3n Secundaria n\u00famero 7, al se\u00f1or Antonio Russo de la Sociedad de Fomento Amoroso, al presidente del club El Fort\u00edn se\u00f1or Leandro Lanceta, quienes prestaron sus instalaciones y nos alojaron durante todo este tiempo mientras dur\u00f3 la obra, gesto que valoramos y vamos a estar siempre muy agradecidos\u201d, agreg\u00f3.<\/p>\n\n\n\n<p><\/p>\n\n\n\n<p>En un p\u00e1rrafo aparte, hizo un<strong> reconocimiento muy especial para las docentes, personal auxiliar y familias<\/strong> \u201cque hicieron lo imposible para vincularse, para ense\u00f1ar, para sobrellevar todos los obst\u00e1culos que se presentaron, pero de todo salieron airosas, pudimos sostener ense\u00f1anza. Esto fue un esfuerzo colectivo, ahora podemos disfrutarla, pero tambi\u00e9n cuidarla, pero hoy lleg\u00f3 el gran d\u00eda\u201d.<\/p>\n\n\n\n<p><\/p>\n\n\n\n<p>Seguidamente se realiz\u00f3 una <strong>entrega de reconocimiento<\/strong> a los referentes de cada una de las instituciones que funcionaron como sede de la Escuela N\u00ba 58 durante la ejecuci\u00f3n de las obras.<\/p>\n\n\n\n<p><\/p>\n\n\n\n<figure class=\"wp-block-image size-full\"><img data-recalc-dims=\"1\" loading=\"lazy\" decoding=\"async\" width=\"800\" height=\"445\" src=\"https:\/\/i0.wp.com\/cdnoticias.com\/wp-content\/uploads\/2024\/11\/Escuela-58-9-scaled-1.jpg?resize=800%2C445&#038;ssl=1\" alt=\"\" class=\"wp-image-130714\" srcset=\"https:\/\/i0.wp.com\/cdnoticias.com\/wp-content\/uploads\/2024\/11\/Escuela-58-9-scaled-1.jpg?w=800&amp;ssl=1 800w, https:\/\/i0.wp.com\/cdnoticias.com\/wp-content\/uploads\/2024\/11\/Escuela-58-9-scaled-1.jpg?resize=300%2C167&amp;ssl=1 300w, https:\/\/i0.wp.com\/cdnoticias.com\/wp-content\/uploads\/2024\/11\/Escuela-58-9-scaled-1.jpg?resize=768%2C427&amp;ssl=1 768w\" sizes=\"auto, (max-width: 800px) 100vw, 800px\" \/><\/figure>\n\n\n\n<p><\/p>\n\n\n\n<p>Tras ello se procedi\u00f3 a la <strong>plantaci\u00f3n de un \u00e1rbol <\/strong>en la vereda de la Escuela N\u00ba 58 como sin\u00f3nimo de crecimiento, que fue realizada por el intendente Wesner junto a ni\u00f1os y ni\u00f1as del Jard\u00edn 919 y Jard\u00edn 927.<\/p>\n\n\n\n<p><\/p>\n\n\n\n<p>En su discurso el<strong> intendente Wesner<\/strong> en primer lugar hizo una agradecimiento \u201ca Marcela y a Florencia, y en nombre de ustedes a esta linda comunidad educativa, gracias los referentes y autoridades de distintas instituciones que est\u00e1n acompa\u00f1ando y acompa\u00f1aron cuando no se pod\u00eda cursar en este establecimiento educativo, gracias a las familias que todo lo hacen posible y gracias a las autoridades del Consejo Escolar, Jefa Distrital, gracias al equipo de gabinete de gesti\u00f3n municipal, tambi\u00e9n quiero agradecer a la gesti\u00f3n municipal saliente por haber cre\u00eddo e iniciado esta obra tan importante para esta comunidad educativa\u201d.<\/p>\n\n\n\n<p><\/p>\n\n\n\n<p>Wesner afirm\u00f3 que \u201cen esta continuidad jur\u00eddica del Estado es <strong>poner en valor y en creencia el rol de la escuela p\u00fablica<\/strong>, creer \u2013como dec\u00eda Marcela reci\u00e9n- en la igualdad de oportunidades, en que nuestros pibes y pibas tienen que estudiar de manera c\u00f3moda y amigable\u201d.<\/p>\n\n\n\n<p><\/p>\n\n\n\n<figure class=\"wp-block-image size-full is-resized\"><img data-recalc-dims=\"1\" loading=\"lazy\" decoding=\"async\" width=\"800\" height=\"445\" src=\"https:\/\/i0.wp.com\/cdnoticias.com\/wp-content\/uploads\/2024\/11\/Escuela-58-3.jpg?resize=800%2C445&#038;ssl=1\" alt=\"\" class=\"wp-image-130709\" style=\"width:1140px;height:auto\" srcset=\"https:\/\/i0.wp.com\/cdnoticias.com\/wp-content\/uploads\/2024\/11\/Escuela-58-3.jpg?w=800&amp;ssl=1 800w, https:\/\/i0.wp.com\/cdnoticias.com\/wp-content\/uploads\/2024\/11\/Escuela-58-3.jpg?resize=300%2C167&amp;ssl=1 300w, https:\/\/i0.wp.com\/cdnoticias.com\/wp-content\/uploads\/2024\/11\/Escuela-58-3.jpg?resize=768%2C427&amp;ssl=1 768w\" sizes=\"auto, (max-width: 800px) 100vw, 800px\" \/><\/figure>\n\n\n\n<p><\/p>\n\n\n\n<p>En este sentido sostuvo que \u201c<strong>esto es creer en la escuela p\u00fablica, en la educaci\u00f3n p\u00fablica, gratuita y de calidad, esto es hacer posible el sue\u00f1o de creer en estos docentes.<\/strong> Sin lugar a dudas cuando cortemos esa cinta, van a renacer nuevos sue\u00f1os pero con un mismo destino, que es este lugar, el que nos tiene que encontrar unidos transitando la educaci\u00f3n p\u00fablica de la mejor forma posible con establecimientos nuevos, que nos abracen todos los d\u00edas al momento de entrar y que las familias sepan que el Estado est\u00e1 para brindar y garantizar eso que merecen sus hijos e hijas\u201d.<\/p>\n\n\n\n<p><\/p>\n\n\n\n<p>M\u00e1s tarde, lleg\u00f3 uno de los momentos m\u00e1s esperados, por toda la comunidad educativa que se produjo con el <strong>corte de cintas<\/strong>, que fue encabezado por autoridades, para luego entrar al nuevo edificio, en este d\u00eda tan esperado y so\u00f1ado.<\/p>\n\n\n\n<p><\/p>\n","protected":false},"excerpt":{"rendered":"<p>La inversi\u00f3n fue de m\u00e1s de 60 millones de pesos. Construyeron cuatro aulas, ba\u00f1os nuevos, oficinas, comedor, dependencias y realizaron<\/p>\n","protected":false},"author":2,"featured_media":130713,"comment_status":"closed","ping_status":"closed","sticky":false,"template":"","format":"standard","meta":{"_jetpack_memberships_contains_paid_content":false,"footnotes":""},"categories":[5,1],"tags":[],"class_list":["post-130706","post","type-post","status-publish","format-standard","has-post-thumbnail","hentry","category-informacion-general","category-portada"],"jetpack_featured_media_url":"https:\/\/i0.wp.com\/cdnoticias.com\/wp-content\/uploads\/2024\/11\/Escuela-58-7.jpg?fit=800%2C445&ssl=1","jetpack_sharing_enabled":true,"_links":{"self":[{"href":"https:\/\/cdnoticias.com\/index.php\/wp-json\/wp\/v2\/posts\/130706","targetHints":{"allow":["GET"]}}],"collection":[{"href":"https:\/\/cdnoticias.com\/index.php\/wp-json\/wp\/v2\/posts"}],"about":[{"href":"https:\/\/cdnoticias.com\/index.php\/wp-json\/wp\/v2\/types\/post"}],"author":[{"embeddable":true,"href":"https:\/\/cdnoticias.com\/index.php\/wp-json\/wp\/v2\/users\/2"}],"replies":[{"embeddable":true,"href":"https:\/\/cdnoticias.com\/index.php\/wp-json\/wp\/v2\/comments?post=130706"}],"version-history":[{"count":0,"href":"https:\/\/cdnoticias.com\/index.php\/wp-json\/wp\/v2\/posts\/130706\/revisions"}],"wp:featuredmedia":[{"embeddable":true,"href":"https:\/\/cdnoticias.com\/index.php\/wp-json\/wp\/v2\/media\/130713"}],"wp:attachment":[{"href":"https:\/\/cdnoticias.com\/index.php\/wp-json\/wp\/v2\/media?parent=130706"}],"wp:term":[{"taxonomy":"category","embeddable":true,"href":"https:\/\/cdnoticias.com\/index.php\/wp-json\/wp\/v2\/categories?post=130706"},{"taxonomy":"post_tag","embeddable":true,"href":"https:\/\/cdnoticias.com\/index.php\/wp-json\/wp\/v2\/tags?post=130706"}],"curies":[{"name":"wp","href":"https:\/\/api.w.org\/{rel}","templated":true}]}}