{"id":1307,"date":"2020-09-11T09:13:45","date_gmt":"2020-09-11T12:13:45","guid":{"rendered":"http:\/\/www.centraldenoticias.com.ar\/?p=1307"},"modified":"2020-09-11T09:13:45","modified_gmt":"2020-09-11T12:13:45","slug":"maria-esther-gisler-bahl-viuda-de-pesci-mutter-q-e-p-d","status":"publish","type":"post","link":"https:\/\/cdnoticias.com\/index.php\/2020\/09\/11\/maria-esther-gisler-bahl-viuda-de-pesci-mutter-q-e-p-d\/","title":{"rendered":"Mar\u00eda Esther Gisler Bahl viuda de Pesci &#8220;Mutter\u201d (Q.E.P.D.)"},"content":{"rendered":"<p>Falleci\u00f3 en Olavarr\u00eda a los 86 a\u00f1os de edad. Sus hijos Juan Carlos, Omar y Germ\u00e1n Pesci; sus hijas pol\u00edticas Marta Monteiro y Marisa Nieva; sus hermanas; sus hermanos pol\u00edticos; sus nietos Marcos, Lucas, Milagros, Mar\u00eda Victoria, Ludmila, Fiamma, Ezequiel y Ailen; sus bisnietos; sus sobrinos y dem\u00e1s deudos participan su fallecimiento.<\/p>\n<p>&nbsp;<\/p>\n<p>Sus restos ser\u00e1n inhumados este viernes a las 15.30 horas en el Cementerio Loma de Paz. Nacida en Olavarr\u00eda, jubilada de Calera Avellaneda.<\/p>\n","protected":false},"excerpt":{"rendered":"<p>Falleci\u00f3 en Olavarr\u00eda a los 86 a\u00f1os de edad. Sus hijos Juan Carlos, Omar y Germ\u00e1n Pesci; sus hijas pol\u00edticas<\/p>\n","protected":false},"author":2,"featured_media":0,"comment_status":"closed","ping_status":"closed","sticky":false,"template":"","format":"standard","meta":{"_jetpack_memberships_contains_paid_content":false,"footnotes":""},"categories":[10],"tags":[],"class_list":["post-1307","post","type-post","status-publish","format-standard","hentry","category-necrologicas"],"jetpack_featured_media_url":"","jetpack_sharing_enabled":true,"_links":{"self":[{"href":"https:\/\/cdnoticias.com\/index.php\/wp-json\/wp\/v2\/posts\/1307","targetHints":{"allow":["GET"]}}],"collection":[{"href":"https:\/\/cdnoticias.com\/index.php\/wp-json\/wp\/v2\/posts"}],"about":[{"href":"https:\/\/cdnoticias.com\/index.php\/wp-json\/wp\/v2\/types\/post"}],"author":[{"embeddable":true,"href":"https:\/\/cdnoticias.com\/index.php\/wp-json\/wp\/v2\/users\/2"}],"replies":[{"embeddable":true,"href":"https:\/\/cdnoticias.com\/index.php\/wp-json\/wp\/v2\/comments?post=1307"}],"version-history":[{"count":0,"href":"https:\/\/cdnoticias.com\/index.php\/wp-json\/wp\/v2\/posts\/1307\/revisions"}],"wp:attachment":[{"href":"https:\/\/cdnoticias.com\/index.php\/wp-json\/wp\/v2\/media?parent=1307"}],"wp:term":[{"taxonomy":"category","embeddable":true,"href":"https:\/\/cdnoticias.com\/index.php\/wp-json\/wp\/v2\/categories?post=1307"},{"taxonomy":"post_tag","embeddable":true,"href":"https:\/\/cdnoticias.com\/index.php\/wp-json\/wp\/v2\/tags?post=1307"}],"curies":[{"name":"wp","href":"https:\/\/api.w.org\/{rel}","templated":true}]}}