{"id":130696,"date":"2024-11-19T18:01:40","date_gmt":"2024-11-19T21:01:40","guid":{"rendered":"https:\/\/cdnoticias.com\/?p=130696"},"modified":"2024-11-19T18:01:42","modified_gmt":"2024-11-19T21:01:42","slug":"para-conte-grand-bajar-la-edad-de-imputabilidad-para-menores-no-es-una-solucion","status":"publish","type":"post","link":"https:\/\/cdnoticias.com\/index.php\/2024\/11\/19\/para-conte-grand-bajar-la-edad-de-imputabilidad-para-menores-no-es-una-solucion\/","title":{"rendered":"Para Conte-Grand, bajar la edad de imputabilidad para menores \u201cno es una soluci\u00f3n\u201d"},"content":{"rendered":"<p>El procurador general de la Suprema Corte de Justicia se refiri\u00f3 a la pol\u00e9mica en torno al delito juvenil. Reconoci\u00f3, \u201ca\u00f1o a a\u00f1o vemos que hay un incremento de los delitos con participaci\u00f3n de menores\u201d.<!--more--><\/p>\n<hr \/>\n<p>El <strong>procurador general de la Suprema Corte de Justicia, Julio Conte-Grand<\/strong> reconoci\u00f3 que <strong>en los \u00faltimos a\u00f1os hubo un incremento de los delitos con participaci\u00f3n de menores<\/strong>, aunque dej\u00f3 en claro que<strong> bajar la imputabilidad, como reclaman desde algunos sectores, \u201cno es una soluci\u00f3n\u201d<\/strong>.<\/p>\n<p><em>\u201cSostengo que el mejor lugar para nacer y para morir es la familia<\/em>. Tambi\u00e9n para enfrentar las alegr\u00edas y los momentos de dolor es sin duda es algo valorable tener un \u00e1mbito familiar que a uno lo cobije, lo contenga y lo acompa\u00f1e\u201d, afirm\u00f3 Conte-Grand en di\u00e1logo con Ecos Diarios de Necochea.<\/p>\n<p>A pesar que sectores del PRO, espacio del que fue ministro en la provincia Conte-Grand, se avanza con la idea de bajar la edad de la imputabilidad, el l\u00edder de los fiscales se\u00f1al\u00f3 que <strong>desde el Ministerio P\u00fablico detectaron que en el periodo de enero a septiembre de 2024 existi\u00f3 una baja respecto de igual per\u00edodo del a\u00f1o pasado<\/strong>. Sin embargo, reconoci\u00f3, <strong>\u201ca\u00f1o a a\u00f1o vemos que hay un incremento de los delitos con participaci\u00f3n de menores\u201d<\/strong>.<\/p>\n<p>\u201cEn ese contexto es donde se producen los debates relativos a la posibilidad de reducir la edad de la imputabilidad de los menores. <strong>Nuestra posici\u00f3n es que hay que hacer un an\u00e1lisis colectivo de problemas y que no se puede hacer un an\u00e1lisis lineal\u201d<\/strong> dijo. Y afirm\u00f3 que \u201ctodo hay que hacerlo en funci\u00f3n de la normativa general vigente, precisamente el C\u00f3digo Civil y Comercial, consecuente con <strong>la Convenci\u00f3n de los Derechos del Ni\u00f1o, ha reconocido la capacidad progresiva de los menores\u201d<\/strong>.<\/p>\n<blockquote><p>\u201cNo los considera incapaces a determinada edad, sino que reconoce que hay una evoluci\u00f3n y esa evoluci\u00f3n corresponder\u00e1 a los casos particulares, que habr\u00e1 que examinar individualmente\u201d, dijo Conte-Grand. Se\u00f1al\u00f3 que cree que \u201cesta figura puede ser algo que tambi\u00e9n deba tenerse en cuenta al tiempo de, eventualmente, modificar el r\u00e9gimen de disponibilidad de los menores. Pero sostenemos que la baja de la imputabilidad aislada no es una soluci\u00f3n\u201d.<\/p><\/blockquote>\n<p>Fuente: <em>Agencia DIB<\/em><\/p>\n","protected":false},"excerpt":{"rendered":"<p>El procurador general de la Suprema Corte de Justicia se refiri\u00f3 a la pol\u00e9mica en torno al delito juvenil. Reconoci\u00f3,<\/p>\n","protected":false},"author":4,"featured_media":129826,"comment_status":"closed","ping_status":"closed","sticky":false,"template":"","format":"standard","meta":{"_jetpack_memberships_contains_paid_content":false,"footnotes":""},"categories":[6,1],"tags":[],"class_list":["post-130696","post","type-post","status-publish","format-standard","has-post-thumbnail","hentry","category-nacionales","category-portada"],"jetpack_featured_media_url":"https:\/\/i0.wp.com\/cdnoticias.com\/wp-content\/uploads\/2024\/11\/congreso-justicia-contegrand-02.jpg?fit=800%2C445&ssl=1","jetpack_sharing_enabled":true,"_links":{"self":[{"href":"https:\/\/cdnoticias.com\/index.php\/wp-json\/wp\/v2\/posts\/130696","targetHints":{"allow":["GET"]}}],"collection":[{"href":"https:\/\/cdnoticias.com\/index.php\/wp-json\/wp\/v2\/posts"}],"about":[{"href":"https:\/\/cdnoticias.com\/index.php\/wp-json\/wp\/v2\/types\/post"}],"author":[{"embeddable":true,"href":"https:\/\/cdnoticias.com\/index.php\/wp-json\/wp\/v2\/users\/4"}],"replies":[{"embeddable":true,"href":"https:\/\/cdnoticias.com\/index.php\/wp-json\/wp\/v2\/comments?post=130696"}],"version-history":[{"count":0,"href":"https:\/\/cdnoticias.com\/index.php\/wp-json\/wp\/v2\/posts\/130696\/revisions"}],"wp:featuredmedia":[{"embeddable":true,"href":"https:\/\/cdnoticias.com\/index.php\/wp-json\/wp\/v2\/media\/129826"}],"wp:attachment":[{"href":"https:\/\/cdnoticias.com\/index.php\/wp-json\/wp\/v2\/media?parent=130696"}],"wp:term":[{"taxonomy":"category","embeddable":true,"href":"https:\/\/cdnoticias.com\/index.php\/wp-json\/wp\/v2\/categories?post=130696"},{"taxonomy":"post_tag","embeddable":true,"href":"https:\/\/cdnoticias.com\/index.php\/wp-json\/wp\/v2\/tags?post=130696"}],"curies":[{"name":"wp","href":"https:\/\/api.w.org\/{rel}","templated":true}]}}