{"id":130687,"date":"2024-11-19T08:31:39","date_gmt":"2024-11-19T11:31:39","guid":{"rendered":"https:\/\/cdnoticias.com\/?p=130687"},"modified":"2024-11-19T11:24:46","modified_gmt":"2024-11-19T14:24:46","slug":"robaron-bicicletas-en-laprida-y-los-atraparon-en-olavarria","status":"publish","type":"post","link":"https:\/\/cdnoticias.com\/index.php\/2024\/11\/19\/robaron-bicicletas-en-laprida-y-los-atraparon-en-olavarria\/","title":{"rendered":"Robaron bicicletas en Laprida y los atraparon en Olavarr\u00eda"},"content":{"rendered":"<p>Fue este lunes. Los acusados son menores de edad. Fueron arrestados sobre la ruta provincial 51 mediante un operativo cerrojo.<!--more--><\/p>\n<hr \/>\n<p>Los <strong>acusados del robo de bicicletas en la localidad de Laprida<\/strong> fueron <strong>arrestados en jurisdicci\u00f3n de Olavarr\u00eda<\/strong> este lunes.<\/p>\n<p>Intervino personal de la <strong>Subcomisar\u00eda de Loma Negra<\/strong> y del <strong>Puesto de Vigilancia Santa Luisa<\/strong> a ra\u00edz de un <strong>aviso emitido desde la Estaci\u00f3n Comunal Laprida<\/strong>: se inform\u00f3 que en el vecino distrito <strong>dos masculinos sustrajeron dos biciclos rodado 29 y se dieron a la fuga<\/strong> en direcci\u00f3n a la localidad de Loma Negra.<\/p>\n<p>De esa manera se procedi\u00f3 a montar <strong>un operativo cerrojo en inmediaciones de ruta provincial 51, a la altura del kil\u00f3metro 476<\/strong>, en el Establecimiento \u201cLa Teresa\u201d.<\/p>\n<p><img data-recalc-dims=\"1\" loading=\"lazy\" decoding=\"async\" class=\"size-full wp-image-130688 aligncenter\" src=\"https:\/\/i0.wp.com\/cdnoticias.com\/wp-content\/uploads\/2024\/11\/Ruta-Provincial-51-Interseccion-KM-476.jpeg?resize=531%2C851&#038;ssl=1\" alt=\"\" width=\"531\" height=\"851\" srcset=\"https:\/\/i0.wp.com\/cdnoticias.com\/wp-content\/uploads\/2024\/11\/Ruta-Provincial-51-Interseccion-KM-476.jpeg?w=531&amp;ssl=1 531w, https:\/\/i0.wp.com\/cdnoticias.com\/wp-content\/uploads\/2024\/11\/Ruta-Provincial-51-Interseccion-KM-476.jpeg?resize=187%2C300&amp;ssl=1 187w\" sizes=\"auto, (max-width: 531px) 100vw, 531px\" \/><\/p>\n<blockquote><p>All\u00ed fueron interceptados y retenidos los acusados. Se detall\u00f3 que se trata de dos menores de edad quienes circulaban en las bicicletas robadas sobre la ruta 51 en direcci\u00f3n a Olavarr\u00eda.<\/p><\/blockquote>\n<p>Los menores fueron puestos a disposici\u00f3n del juzgado interviniente y, luego,<strong> entregados a sus progenitores<\/strong>.<\/p>\n<p>Las actuaciones se caratularon<strong> \u201churto in fraganti delito\u201d<\/strong> con intervenci\u00f3n de la <strong>UFI N\u00b0 17 del Fuero Penal Juvenil<\/strong> a cargo de la fiscal Mariela Viceconte.<\/p>\n","protected":false},"excerpt":{"rendered":"<p>Fue este lunes. Los acusados son menores de edad. Fueron arrestados sobre la ruta provincial 51 mediante un operativo cerrojo.<\/p>\n","protected":false},"author":4,"featured_media":5632,"comment_status":"closed","ping_status":"closed","sticky":false,"template":"","format":"standard","meta":{"_jetpack_memberships_contains_paid_content":false,"footnotes":""},"categories":[14,1],"tags":[],"class_list":["post-130687","post","type-post","status-publish","format-standard","has-post-thumbnail","hentry","category-policiales","category-portada"],"jetpack_featured_media_url":"https:\/\/i0.wp.com\/cdnoticias.com\/wp-content\/uploads\/2020\/11\/subcomisaria-loma-negra-02.jpg?fit=1280%2C720&ssl=1","jetpack_sharing_enabled":true,"_links":{"self":[{"href":"https:\/\/cdnoticias.com\/index.php\/wp-json\/wp\/v2\/posts\/130687","targetHints":{"allow":["GET"]}}],"collection":[{"href":"https:\/\/cdnoticias.com\/index.php\/wp-json\/wp\/v2\/posts"}],"about":[{"href":"https:\/\/cdnoticias.com\/index.php\/wp-json\/wp\/v2\/types\/post"}],"author":[{"embeddable":true,"href":"https:\/\/cdnoticias.com\/index.php\/wp-json\/wp\/v2\/users\/4"}],"replies":[{"embeddable":true,"href":"https:\/\/cdnoticias.com\/index.php\/wp-json\/wp\/v2\/comments?post=130687"}],"version-history":[{"count":0,"href":"https:\/\/cdnoticias.com\/index.php\/wp-json\/wp\/v2\/posts\/130687\/revisions"}],"wp:featuredmedia":[{"embeddable":true,"href":"https:\/\/cdnoticias.com\/index.php\/wp-json\/wp\/v2\/media\/5632"}],"wp:attachment":[{"href":"https:\/\/cdnoticias.com\/index.php\/wp-json\/wp\/v2\/media?parent=130687"}],"wp:term":[{"taxonomy":"category","embeddable":true,"href":"https:\/\/cdnoticias.com\/index.php\/wp-json\/wp\/v2\/categories?post=130687"},{"taxonomy":"post_tag","embeddable":true,"href":"https:\/\/cdnoticias.com\/index.php\/wp-json\/wp\/v2\/tags?post=130687"}],"curies":[{"name":"wp","href":"https:\/\/api.w.org\/{rel}","templated":true}]}}