{"id":13068,"date":"2021-02-05T16:43:56","date_gmt":"2021-02-05T19:43:56","guid":{"rendered":"http:\/\/www.centraldenoticias.com.ar\/?p=13068"},"modified":"2021-02-05T16:43:56","modified_gmt":"2021-02-05T19:43:56","slug":"reprograman-turnos-para-la-segunda-dosis-de-sputnik","status":"publish","type":"post","link":"https:\/\/cdnoticias.com\/index.php\/2021\/02\/05\/reprograman-turnos-para-la-segunda-dosis-de-sputnik\/","title":{"rendered":"Reprograman turnos para la segunda dosis de Sputnik"},"content":{"rendered":"<p>Se trata de las aplicaciones que se iban a realizar este viernes y s\u00e1bado en el Hospital de Oncolog\u00eda. Los detalles.<!--more--><\/p>\n<hr \/>\n<p>Desde el Hospital de Oncolog\u00eda Luciano Fortabat se expres\u00f3 en el inicio de la tarde de este viernes que<strong> se debieron reprogramar las aplicaciones de segundas dosis de la vacuna Sputnik, las cuales estaban pautadas tanto para este viernes como para el pr\u00f3ximo s\u00e1bado.<\/strong><\/p>\n<p>&nbsp;<\/p>\n<p><img data-recalc-dims=\"1\" loading=\"lazy\" decoding=\"async\" class=\"alignnone size-large wp-image-10653\" src=\"https:\/\/i0.wp.com\/cdnoticias.com\/wp-content\/uploads\/2021\/01\/WhatsApp-Image-2021-01-05-at-10.36.00.jpeg?resize=800%2C450&#038;ssl=1\" alt=\"\" width=\"800\" height=\"450\" srcset=\"https:\/\/i0.wp.com\/cdnoticias.com\/wp-content\/uploads\/2021\/01\/WhatsApp-Image-2021-01-05-at-10.36.00.jpeg?resize=1024%2C576&amp;ssl=1 1024w, https:\/\/i0.wp.com\/cdnoticias.com\/wp-content\/uploads\/2021\/01\/WhatsApp-Image-2021-01-05-at-10.36.00.jpeg?resize=300%2C169&amp;ssl=1 300w, https:\/\/i0.wp.com\/cdnoticias.com\/wp-content\/uploads\/2021\/01\/WhatsApp-Image-2021-01-05-at-10.36.00.jpeg?resize=768%2C432&amp;ssl=1 768w, https:\/\/i0.wp.com\/cdnoticias.com\/wp-content\/uploads\/2021\/01\/WhatsApp-Image-2021-01-05-at-10.36.00.jpeg?w=1280&amp;ssl=1 1280w\" sizes=\"auto, (max-width: 800px) 100vw, 800px\" \/><\/p>\n<p>&nbsp;<\/p>\n<p>De acuerdo con lo que se detall\u00f3, todo se retomar\u00e1 el lunes, dado que <strong>se aguarda que en este fin de semana arriben 750 unidades del segundo componente, de las cuales 250 ser\u00e1n para el Hospital Provincial.<\/strong><\/p>\n<p>&nbsp;<\/p>\n<p><img data-recalc-dims=\"1\" loading=\"lazy\" decoding=\"async\" class=\"alignnone size-large wp-image-12612\" src=\"https:\/\/i0.wp.com\/cdnoticias.com\/wp-content\/uploads\/2021\/01\/WhatsApp-Image-2021-01-31-at-02.04.46.jpeg?resize=800%2C506&#038;ssl=1\" alt=\"\" width=\"800\" height=\"506\" srcset=\"https:\/\/i0.wp.com\/cdnoticias.com\/wp-content\/uploads\/2021\/01\/WhatsApp-Image-2021-01-31-at-02.04.46.jpeg?resize=1024%2C648&amp;ssl=1 1024w, https:\/\/i0.wp.com\/cdnoticias.com\/wp-content\/uploads\/2021\/01\/WhatsApp-Image-2021-01-31-at-02.04.46.jpeg?resize=300%2C190&amp;ssl=1 300w, https:\/\/i0.wp.com\/cdnoticias.com\/wp-content\/uploads\/2021\/01\/WhatsApp-Image-2021-01-31-at-02.04.46.jpeg?resize=768%2C486&amp;ssl=1 768w, https:\/\/i0.wp.com\/cdnoticias.com\/wp-content\/uploads\/2021\/01\/WhatsApp-Image-2021-01-31-at-02.04.46.jpeg?w=1280&amp;ssl=1 1280w\" sizes=\"auto, (max-width: 800px) 100vw, 800px\" \/><\/p>\n<p>&nbsp;<\/p>\n<p>Por \u00faltimo, se precis\u00f3 que<strong> los turnos ya asignados pasar\u00e1n para los d\u00edas lunes, martes y mi\u00e9rcoles pr\u00f3ximos, en el horario de 8 a 12<\/strong>. Se aclar\u00f3 que todas las personas est\u00e1n siendo debidamente notificadas.<\/p>\n","protected":false},"excerpt":{"rendered":"<p>Se trata de las aplicaciones que se iban a realizar este viernes y s\u00e1bado en el Hospital de Oncolog\u00eda. Los<\/p>\n","protected":false},"author":3,"featured_media":12614,"comment_status":"closed","ping_status":"closed","sticky":false,"template":"","format":"standard","meta":{"_jetpack_memberships_contains_paid_content":false,"footnotes":""},"categories":[5,1],"tags":[],"class_list":["post-13068","post","type-post","status-publish","format-standard","has-post-thumbnail","hentry","category-informacion-general","category-portada"],"jetpack_featured_media_url":"https:\/\/i0.wp.com\/cdnoticias.com\/wp-content\/uploads\/2021\/01\/WhatsApp-Image-2021-01-31-at-02.04.48.jpeg?fit=1280%2C834&ssl=1","jetpack_sharing_enabled":true,"_links":{"self":[{"href":"https:\/\/cdnoticias.com\/index.php\/wp-json\/wp\/v2\/posts\/13068","targetHints":{"allow":["GET"]}}],"collection":[{"href":"https:\/\/cdnoticias.com\/index.php\/wp-json\/wp\/v2\/posts"}],"about":[{"href":"https:\/\/cdnoticias.com\/index.php\/wp-json\/wp\/v2\/types\/post"}],"author":[{"embeddable":true,"href":"https:\/\/cdnoticias.com\/index.php\/wp-json\/wp\/v2\/users\/3"}],"replies":[{"embeddable":true,"href":"https:\/\/cdnoticias.com\/index.php\/wp-json\/wp\/v2\/comments?post=13068"}],"version-history":[{"count":0,"href":"https:\/\/cdnoticias.com\/index.php\/wp-json\/wp\/v2\/posts\/13068\/revisions"}],"wp:featuredmedia":[{"embeddable":true,"href":"https:\/\/cdnoticias.com\/index.php\/wp-json\/wp\/v2\/media\/12614"}],"wp:attachment":[{"href":"https:\/\/cdnoticias.com\/index.php\/wp-json\/wp\/v2\/media?parent=13068"}],"wp:term":[{"taxonomy":"category","embeddable":true,"href":"https:\/\/cdnoticias.com\/index.php\/wp-json\/wp\/v2\/categories?post=13068"},{"taxonomy":"post_tag","embeddable":true,"href":"https:\/\/cdnoticias.com\/index.php\/wp-json\/wp\/v2\/tags?post=13068"}],"curies":[{"name":"wp","href":"https:\/\/api.w.org\/{rel}","templated":true}]}}