{"id":130670,"date":"2024-11-18T19:31:31","date_gmt":"2024-11-18T22:31:31","guid":{"rendered":"https:\/\/cdnoticias.com\/?p=130670"},"modified":"2024-11-19T08:11:03","modified_gmt":"2024-11-19T11:11:03","slug":"fin-de-semana-largo-menos-turistas-pero-con-un-mayor-gasto","status":"publish","type":"post","link":"https:\/\/cdnoticias.com\/index.php\/2024\/11\/18\/fin-de-semana-largo-menos-turistas-pero-con-un-mayor-gasto\/","title":{"rendered":"Fin de semana largo: menos turistas pero con un mayor gasto"},"content":{"rendered":"\n<p>Por el feriado del D\u00eda de la Soberan\u00eda Nacional, viajaron 1,4 millones de turistas y gastaron en total $196.233 millones, seg\u00fan CAME.<\/p>\n\n\n\n<hr class=\"wp-block-separator aligncenter has-alpha-channel-opacity\"\/>\n\n\n\n<p>El \u00faltimo <strong>fin de semana largo del a\u00f1o, <\/strong>correspondiente al <strong>D\u00eda de la Soberan\u00eda Nacional<\/strong>, registr\u00f3 un<strong> importante flujo de turistas en la Argentina,<\/strong> con <strong>1,4 millones de personas moviliz\u00e1ndose por el pa\u00eds.<\/strong><\/p>\n\n\n\n<p><\/p>\n\n\n\n<p>A pesar de que<strong> la cantidad de viajeros fue un 2,3% menor en comparaci\u00f3n con el mismo per\u00edodo de 2022,<\/strong> el <strong>impacto econ\u00f3mico fue significativo<\/strong>, con un <strong>gasto total de $196.233 millones<\/strong> en los principales destinos tur\u00edsticos, de acuerdo con un informe dado a conocer por la C\u00e1mara Argentina de la Mediana Empresa (CAME).<\/p>\n\n\n\n<p><\/p>\n\n\n\n<p>En concreto, frente al mismo fin de semana de 2022 (el a\u00f1o pasado estuvo el balotaje presidencial) viaj\u00f3 un 2,3% menos de turistas que gastaron, en conjunto, un 9,8% m\u00e1s en t\u00e9rminos reales. Esto se explica, seg\u00fan la entidad, porque las familias vienen desembolsando m\u00e1s dinero en recreaci\u00f3n y se eligen alojamientos de mayor categor\u00eda.<\/p>\n\n\n\n<p><\/p>\n\n\n\n<blockquote class=\"wp-block-quote is-layout-flow wp-block-quote-is-layout-flow\">\n<p>Cada turista gast\u00f3 en promedio $70.083 diarios, que a precios reales resulta 23,6% mayor al gasto diario de 2022, mientras que la estad\u00eda media fue de 2 d\u00edas (vs. 2,2 d\u00edas en 2022). Se hicieron traslados a puntos de corta distancia, lo que permiti\u00f3 estad\u00edas de menos tiempo.<\/p>\n<\/blockquote>\n\n\n\n<p><\/p>\n\n\n\n<p>Aunque no se cuenta con cifras sobre este fen\u00f3meno, de la encuesta cualitativa de CAME surge que el resultado hubiera sido mejor si no fuera porque el tipo de cambio, menos favorable con los pa\u00edses vecinos, impuls\u00f3 m\u00e1s viajes al exterior como Brasil y Chile, que volvi\u00f3 a ser un boom de compras para el argentino.<\/p>\n\n\n\n<p><\/p>\n\n\n\n<p>En lo que va del a\u00f1o van<strong> seis fines de semana largos, donde viajaron 11,2 millones de turistas y gastaron $1,8 billones. <\/strong>Si se compara con 2022, que tuvo una estructura de feriados similar, la cantidad de personas que se movilizaron se mantuvo igual, pero el gasto total creci\u00f3 18% a precios reales.\u00a0<\/p>\n\n\n\n<p><\/p>\n\n\n\n<p>Siempre de acuerdo a CAME, el \u00faltimo fin de semana largo del a\u00f1o<strong> en la Costa Atl\u00e1ntica estuvo marcado por una fuerte movilizaci\u00f3n,<\/strong> <strong>principalmente hacia Mar del Plata.<\/strong> Con una <strong>ocupaci\u00f3n hotelera que super\u00f3 el 70%, <\/strong>se vivi\u00f3 un intenso movimiento en las rutas 2 y 11, donde llegaron a registrarse hasta 2.000 autos por hora en el peaje de Samboromb\u00f3n.<\/p>\n\n\n\n<p><\/p>\n\n\n\n<blockquote class=\"wp-block-quote is-layout-flow wp-block-quote-is-layout-flow\">\n<p>En el interior de la provincia, las actividades culturales y los paisajes pintorescos atrajeron a quienes buscaron m\u00e1s tranquilidad y cercan\u00eda a la naturaleza. En Chascom\u00fas, el hospedaje rond\u00f3 el 65% y el gasto promedio por persona estuvo cercano a los $104.700. En tanto, la estad\u00eda promedio fue de dos noches.<\/p>\n<\/blockquote>\n\n\n\n<p><\/p>\n\n\n\n<p>Tambi\u00e9n tuvieron buena afluencia de <strong>visitantes los pueblos rurales<\/strong>. Destinos pintorescos como Caz\u00f3n, San Antonio de Areco, Tom\u00e1s Jofr\u00e9, Chapalc\u00f3 y Capilla del Se\u00f1or ofrecieron experiencias \u00fanicas. Todos los municipios de la provincia se prepararon para recibir turistas con festivales, aniversarios y diversas actividades.\u00a0<\/p>\n\n\n\n<p><\/p>\n\n\n\n<p><em>Fuente: DIB<\/em><\/p>\n","protected":false},"excerpt":{"rendered":"<p>Por el feriado del D\u00eda de la Soberan\u00eda Nacional, viajaron 1,4 millones de turistas y gastaron en total $196.233 millones,<\/p>\n","protected":false},"author":6,"featured_media":6008,"comment_status":"closed","ping_status":"closed","sticky":false,"template":"","format":"standard","meta":{"_jetpack_memberships_contains_paid_content":false,"footnotes":""},"categories":[6,1],"tags":[],"class_list":["post-130670","post","type-post","status-publish","format-standard","has-post-thumbnail","hentry","category-nacionales","category-portada"],"jetpack_featured_media_url":"https:\/\/i0.wp.com\/cdnoticias.com\/wp-content\/uploads\/2020\/11\/playa-sombrilla-scaled.jpeg?fit=2560%2C1707&ssl=1","jetpack_sharing_enabled":true,"_links":{"self":[{"href":"https:\/\/cdnoticias.com\/index.php\/wp-json\/wp\/v2\/posts\/130670","targetHints":{"allow":["GET"]}}],"collection":[{"href":"https:\/\/cdnoticias.com\/index.php\/wp-json\/wp\/v2\/posts"}],"about":[{"href":"https:\/\/cdnoticias.com\/index.php\/wp-json\/wp\/v2\/types\/post"}],"author":[{"embeddable":true,"href":"https:\/\/cdnoticias.com\/index.php\/wp-json\/wp\/v2\/users\/6"}],"replies":[{"embeddable":true,"href":"https:\/\/cdnoticias.com\/index.php\/wp-json\/wp\/v2\/comments?post=130670"}],"version-history":[{"count":0,"href":"https:\/\/cdnoticias.com\/index.php\/wp-json\/wp\/v2\/posts\/130670\/revisions"}],"wp:featuredmedia":[{"embeddable":true,"href":"https:\/\/cdnoticias.com\/index.php\/wp-json\/wp\/v2\/media\/6008"}],"wp:attachment":[{"href":"https:\/\/cdnoticias.com\/index.php\/wp-json\/wp\/v2\/media?parent=130670"}],"wp:term":[{"taxonomy":"category","embeddable":true,"href":"https:\/\/cdnoticias.com\/index.php\/wp-json\/wp\/v2\/categories?post=130670"},{"taxonomy":"post_tag","embeddable":true,"href":"https:\/\/cdnoticias.com\/index.php\/wp-json\/wp\/v2\/tags?post=130670"}],"curies":[{"name":"wp","href":"https:\/\/api.w.org\/{rel}","templated":true}]}}