{"id":13066,"date":"2021-02-05T17:54:24","date_gmt":"2021-02-05T20:54:24","guid":{"rendered":"http:\/\/www.centraldenoticias.com.ar\/?p=13066"},"modified":"2021-02-05T18:24:18","modified_gmt":"2021-02-05T21:24:18","slug":"lastape-pidio-detalles-sobre-el-plan-de-vacunacion-contra-el-covid-19","status":"publish","type":"post","link":"https:\/\/cdnoticias.com\/index.php\/2021\/02\/05\/lastape-pidio-detalles-sobre-el-plan-de-vacunacion-contra-el-covid-19\/","title":{"rendered":"Lastape pidi\u00f3 detalles sobre el Plan de Vacunaci\u00f3n contra el Covid-19"},"content":{"rendered":"<p>El concejal radical present\u00f3 este viernes un proyecto de comunicaci\u00f3n solicitando informaci\u00f3n sobre la aplicaci\u00f3n de las vacunas en nuestra ciudad.<!--more--><\/p>\n<hr \/>\n<p>El concejal radical Mart\u00edn Lastape present\u00f3 durante esta jornada, un proyecto de comunicaci\u00f3n ante el Honorable Concejo Deliberante <strong>solicitando informaci\u00f3n a la Regi\u00f3n Sanitaria IX sobre el Plan de Vacunaci\u00f3n contra el Covid-19<\/strong> que se lleva a cabo en nuestra ciudad.<\/p>\n<p>&nbsp;<\/p>\n<p>Entre los puntos del documento se destacan la solicitud de detalles sobre:<\/p>\n<p>&nbsp;<\/p>\n<p>-Cantidad de personas vacunadas.<\/p>\n<p>&nbsp;<\/p>\n<p>-Porcentaje del personal de salud vacunado.<\/p>\n<p>&nbsp;<\/p>\n<p>-Listado de las personas vacunadas, detallando a que grupo de la poblaci\u00f3n objetivo definida pertenece.<\/p>\n<p>&nbsp;<\/p>\n<p>-Criterios de vacunaci\u00f3n o prioridades proyectadas para este a\u00f1o.<\/p>\n","protected":false},"excerpt":{"rendered":"<p>El concejal radical present\u00f3 este viernes un proyecto de comunicaci\u00f3n solicitando informaci\u00f3n sobre la aplicaci\u00f3n de las vacunas en nuestra<\/p>\n","protected":false},"author":5,"featured_media":1824,"comment_status":"closed","ping_status":"closed","sticky":false,"template":"","format":"standard","meta":{"_jetpack_memberships_contains_paid_content":false,"footnotes":""},"categories":[4,1],"tags":[],"class_list":["post-13066","post","type-post","status-publish","format-standard","has-post-thumbnail","hentry","category-politica","category-portada"],"jetpack_featured_media_url":"https:\/\/i0.wp.com\/cdnoticias.com\/wp-content\/uploads\/2020\/09\/HCD-lastape.jpg?fit=703%2C414&ssl=1","jetpack_sharing_enabled":true,"_links":{"self":[{"href":"https:\/\/cdnoticias.com\/index.php\/wp-json\/wp\/v2\/posts\/13066","targetHints":{"allow":["GET"]}}],"collection":[{"href":"https:\/\/cdnoticias.com\/index.php\/wp-json\/wp\/v2\/posts"}],"about":[{"href":"https:\/\/cdnoticias.com\/index.php\/wp-json\/wp\/v2\/types\/post"}],"author":[{"embeddable":true,"href":"https:\/\/cdnoticias.com\/index.php\/wp-json\/wp\/v2\/users\/5"}],"replies":[{"embeddable":true,"href":"https:\/\/cdnoticias.com\/index.php\/wp-json\/wp\/v2\/comments?post=13066"}],"version-history":[{"count":0,"href":"https:\/\/cdnoticias.com\/index.php\/wp-json\/wp\/v2\/posts\/13066\/revisions"}],"wp:featuredmedia":[{"embeddable":true,"href":"https:\/\/cdnoticias.com\/index.php\/wp-json\/wp\/v2\/media\/1824"}],"wp:attachment":[{"href":"https:\/\/cdnoticias.com\/index.php\/wp-json\/wp\/v2\/media?parent=13066"}],"wp:term":[{"taxonomy":"category","embeddable":true,"href":"https:\/\/cdnoticias.com\/index.php\/wp-json\/wp\/v2\/categories?post=13066"},{"taxonomy":"post_tag","embeddable":true,"href":"https:\/\/cdnoticias.com\/index.php\/wp-json\/wp\/v2\/tags?post=13066"}],"curies":[{"name":"wp","href":"https:\/\/api.w.org\/{rel}","templated":true}]}}