{"id":130610,"date":"2024-11-17T20:35:39","date_gmt":"2024-11-17T23:35:39","guid":{"rendered":"https:\/\/cdnoticias.com\/?p=130610"},"modified":"2024-11-18T09:53:48","modified_gmt":"2024-11-18T12:53:48","slug":"los-caminos-de-la-confluencia","status":"publish","type":"post","link":"https:\/\/cdnoticias.com\/index.php\/2024\/11\/17\/los-caminos-de-la-confluencia\/","title":{"rendered":"Los caminos de la confluencia"},"content":{"rendered":"<p>Las reapariciones de Ezequiel Galli y de Carola Patan\u00e9, armados en proceso hacia la unidad de La Libertad Avanza y el Pro.<!--more--><\/p>\n<hr \/>\n<p><em>Por Volver a las Fuentes, de Josefina Bargas y Alexis Grierson<\/em><\/p>\n<h3>La construcci\u00f3n por arriba y por abajo<\/h3>\n<p>\u00bfSe acuerdan que <a href=\"https:\/\/cdnoticias.com\/index.php\/2024\/11\/10\/el-tironeo-de-las-cesiones\/\" target=\"_blank\" rel=\"noopener\">la semana pasada un sugerente proyecto<\/a> presentado por el <strong>diputado Mart\u00edn Endere (Pro)<\/strong> mostraba<strong> gui\u00f1os a La Libertad Avanza<\/strong>? Bueno, esta semana lo dej\u00f3 explicitado, pero adem\u00e1s este newsletter logr\u00f3 saber m\u00e1s pistas de lo que pasa m\u00e1s arriba y m\u00e1s abajo entre los dos sectores pol\u00edticos.<\/p>\n<p>Endere dijo lo que m\u00e1s o menos venimos analizando:<strong> La Libertad Avanza y el Pro van camino a confluir en lo mismo<\/strong>. Diferencias m\u00e1s, diferencias menos, tienen una base ideol\u00f3gica muy similar. <strong>\u201cHay una se\u00f1al muy clara que nos dio el electorado, y esa se\u00f1al es que se deben hacer los esfuerzos para confluir en un punto en com\u00fan\u201d<\/strong>. Ah\u00ed es donde Endere aclara que<a href=\"https:\/\/cdnoticias.com\/index.php\/2024\/11\/11\/alianza-entre-el-pro-y-la-libertad-avanza-nadie-tiene-que-perder-su-identidad\/\" target=\"_blank\" rel=\"noopener\"> \u201cac\u00e1 nadie tiene que perder su identidad para confluir en una idea pol\u00edtica\u201d<\/a>.<\/p>\n<p>De hecho, en su propia experiencia, \u201ccreo que m\u00e1s all\u00e1 de sentirse o no c\u00f3modo uno personalmente, tiene que entender y saber <strong>convivir en la diferencia<\/strong>, haciendo hincapi\u00e9 en los puntos en com\u00fan, es necesario\u201d.<\/p>\n<figure id=\"attachment_122917\" aria-describedby=\"caption-attachment-122917\" style=\"width: 1000px\" class=\"wp-caption aligncenter\"><img data-recalc-dims=\"1\" loading=\"lazy\" decoding=\"async\" class=\"wp-image-122917 size-full\" src=\"https:\/\/i0.wp.com\/cdnoticias.com\/wp-content\/uploads\/2024\/08\/olavarria-produce-acto-04-martin-endere.jpg?resize=800%2C446&#038;ssl=1\" alt=\"\" width=\"800\" height=\"446\" srcset=\"https:\/\/i0.wp.com\/cdnoticias.com\/wp-content\/uploads\/2024\/08\/olavarria-produce-acto-04-martin-endere.jpg?w=1000&amp;ssl=1 1000w, https:\/\/i0.wp.com\/cdnoticias.com\/wp-content\/uploads\/2024\/08\/olavarria-produce-acto-04-martin-endere.jpg?resize=300%2C167&amp;ssl=1 300w, https:\/\/i0.wp.com\/cdnoticias.com\/wp-content\/uploads\/2024\/08\/olavarria-produce-acto-04-martin-endere.jpg?resize=768%2C428&amp;ssl=1 768w, https:\/\/i0.wp.com\/cdnoticias.com\/wp-content\/uploads\/2024\/08\/olavarria-produce-acto-04-martin-endere.jpg?resize=800%2C445&amp;ssl=1 800w\" sizes=\"auto, (max-width: 800px) 100vw, 800px\" \/><figcaption id=\"caption-attachment-122917\" class=\"wp-caption-text\">Endere: &#8220;Se deben hacer los esfuerzos para confluir en un punto en com\u00fan\u201d.<\/figcaption><\/figure>\n<p>Cuando el Pro decidi\u00f3 no fusionarse con La Libertad Avanza (lo que le vali\u00f3 el portazo a Patricia Bullrich) lo hizo bajo esa premisa: <strong>mantener la identidad con la que gobernaron<\/strong> el pa\u00eds y la provincia durante 4 a\u00f1os, y municipios como el de Olavarr\u00eda durante ocho. Eso o tratar de <strong>mantenerse a distancia de un Presidente inestable discursivamente y en varias actitudes<\/strong>. Un poco de esto, un poco de aquello.<\/p>\n<p>De todas maneras, si hab\u00eda dudas de lo que pasa m\u00e1s abajo (m\u00e1s all\u00e1 de alg\u00fan berrinche de Mauricio Macri a nivel nacional) Endere le puso palabras claras: <strong>\u201cen todos los \u00e1mbitos se est\u00e1 haciendo el esfuerzo para confluir y ser competitivos electoralmente\u201d<\/strong>.<\/p>\n<p>Mientras tanto, entre rumores y versiones, aparecieron algunos datos interesantes sobre esta construcci\u00f3n: una versi\u00f3n durante la semana daba cuenta de la<strong> inminente salida de Ezequiel Galli de Corredores Viales S.A<\/strong>, empresa estatal que ser\u00e1 puesta a la venta el pr\u00f3ximo mes en el marco de las <a href=\"https:\/\/cdnoticias.com\/index.php\/2024\/10\/10\/milei-busca-privatizar-la-empresa-publica-corredores-viales-sa\/\" target=\"_blank\" rel=\"noopener\">privatizaciones planteadas por Javier Milei<\/a>.<\/p>\n<p><strong>\u201cEn el corto plazo no se va\u201d fue la respuesta, contundente<\/strong>, a la consulta de este newsletter. Sin embargo, fue el puntapi\u00e9 para conocer la <strong>construcci\u00f3n del ex jefe comunal no s\u00f3lo en Olavarr\u00eda y dentro del Pro, sino tambi\u00e9n con La Libertad Avanza en un plano m\u00e1s arriba.<\/strong><\/p>\n<p>La idea es <strong>estar abocado a Olavarr\u00eda, al armado pol\u00edtico y reconstruir el espacio<\/strong> con el que lleg\u00f3 a la intendencia en 2015 pero, sobre todo, con el que gobern\u00f3 durante 8 a\u00f1os. El caso de Galli es particular: en su primera apuesta pol\u00edtica en una elecci\u00f3n le gan\u00f3 a Jos\u00e9 Eseverri. Por lo que la construcci\u00f3n m\u00e1s gruesa de su espacio se dio ya en gesti\u00f3n. Los que se sumaron y se fueron.<\/p>\n<figure id=\"attachment_102792\" aria-describedby=\"caption-attachment-102792\" style=\"width: 800px\" class=\"wp-caption aligncenter\"><img data-recalc-dims=\"1\" loading=\"lazy\" decoding=\"async\" class=\"wp-image-102792 size-large\" src=\"https:\/\/i0.wp.com\/cdnoticias.com\/wp-content\/uploads\/2023\/11\/ezequiel-galli4.jpg?resize=800%2C450&#038;ssl=1\" alt=\"\" width=\"800\" height=\"450\" srcset=\"https:\/\/i0.wp.com\/cdnoticias.com\/wp-content\/uploads\/2023\/11\/ezequiel-galli4-scaled.jpg?resize=1024%2C576&amp;ssl=1 1024w, https:\/\/i0.wp.com\/cdnoticias.com\/wp-content\/uploads\/2023\/11\/ezequiel-galli4-scaled.jpg?resize=300%2C169&amp;ssl=1 300w, https:\/\/i0.wp.com\/cdnoticias.com\/wp-content\/uploads\/2023\/11\/ezequiel-galli4-scaled.jpg?resize=768%2C432&amp;ssl=1 768w, https:\/\/i0.wp.com\/cdnoticias.com\/wp-content\/uploads\/2023\/11\/ezequiel-galli4-scaled.jpg?resize=1536%2C864&amp;ssl=1 1536w, https:\/\/i0.wp.com\/cdnoticias.com\/wp-content\/uploads\/2023\/11\/ezequiel-galli4-scaled.jpg?resize=2048%2C1152&amp;ssl=1 2048w, https:\/\/i0.wp.com\/cdnoticias.com\/wp-content\/uploads\/2023\/11\/ezequiel-galli4-scaled.jpg?w=1600&amp;ssl=1 1600w, https:\/\/i0.wp.com\/cdnoticias.com\/wp-content\/uploads\/2023\/11\/ezequiel-galli4-scaled.jpg?w=2400&amp;ssl=1 2400w\" sizes=\"auto, (max-width: 800px) 100vw, 800px\" \/><figcaption id=\"caption-attachment-102792\" class=\"wp-caption-text\">Ezequiel Galli, en rol activo de rearmado propio y de contactos con La Libertad Avanza.<\/figcaption><\/figure>\n<p>Y en esa reconstrucci\u00f3n, se indic\u00f3 que <strong>mantiene reuniones con varios sectores entre empresarios, dirigentes e instituciones<\/strong> y logr\u00f3 volver a <strong>hacer pie luego de un peque\u00f1o alejamiento del plano pol\u00edtico local<\/strong> tras la derrota.<\/p>\n<p>En el rol m\u00e1s pol\u00edtico, est\u00e1 <strong>hablando con dirigentes de la Secci\u00f3n y tambi\u00e9n con armadores de La Libertad Avanza<\/strong>, \u00bfeso incluye a Alejandro Speroni?<strong> \u201cNo, m\u00e1s importantes, de la Provincia\u201d fue la respuesta<\/strong>.<\/p>\n<p>Todo esto, sin dejar de lado <em>los encuentros que tuvo en Olavarr\u00eda con Celeste Arouxet y Guillermo Lascano en este acercamiento para aunar fuerzas<\/em> entre los espacios para pararse frente a Uni\u00f3n por la Patria.<\/p>\n<p>Lo concreto es que aunque parece que no, est\u00e1n pasando cosas. De hecho, <strong>todos est\u00e1n mirando de reojo el cambio de reglas de juego electoral para el pr\u00f3ximo a\u00f1o<\/strong>. De m\u00ednima <a href=\"https:\/\/cdnoticias.com\/index.php\/2024\/10\/18\/promulgan-la-ley-de-la-boleta-unica-papel-que-funcionara-en-las-elecciones-2025\/\" target=\"_blank\" rel=\"noopener\">habr\u00e1 un cambio importante<\/a>: <strong>las elecciones de alcance nacional ser\u00e1n bajo otro formato<\/strong> (e incluso otra urna) en comparaci\u00f3n con la Provincia. Pero puede cambiar a\u00fan m\u00e1s: <strong>el desdoblamiento, la eliminaci\u00f3n de las PASO<\/strong>, todo est\u00e1 por verse.<\/p>\n<p>Endere afirm\u00f3 que<strong> \u201cva a ser una elecci\u00f3n totalmente distinta a la que estamos acostumbrados<\/strong>. No s\u00e9 si todos llegamos a advertirlo: a partir de que se aprob\u00f3 la boleta \u00fanica a nivel nacional vamos a tener una elecci\u00f3n totalmente distinta en la provincia, a\u00fan cuando nosotros no tenemos boleta \u00fanica\u201d. La semana pasada <strong>Eduardo Rodr\u00edguez empez\u00f3 a advertir esta situaci\u00f3n<\/strong>. Esta semana los proyectos en la Legislatura florecieron, <strong>comenz\u00f3 a plantearse como un tema serio para el Gobernador Kicillof<\/strong> \u2026 y esto puede ser fundamental. Pero a\u00fan se debe dejar que corra hilo en el carretel.<\/p>\n<p>\u00bfLa Libertad Avanza? Algunos avanzan, s\u00ed. Tal es el caso de <strong>Carola Patan\u00e9<\/strong>, quien estuvo en la semana <strong>en el Ministerio de Econom\u00eda de la Naci\u00f3n junto a referentes de la C\u00e1mara de la Piedra de la Provincia<\/strong> y donde fueron <strong>recibidos por Alejandro Speroni<\/strong>, que adem\u00e1s de tener un rol importante en la Secci\u00f3n, integra el equipo del Ministerio de Econom\u00eda. Tambi\u00e9n participaron<strong> integrantes del \u00e1rea de Miner\u00eda nacional.<\/strong><\/p>\n<p>Patan\u00e9 aclar\u00f3 a En L\u00ednea Noticias que <strong>la movida no tuvo nada de pol\u00edtico partidario: fue una reuni\u00f3n t\u00e9cnica<\/strong> donde el \u00e1rea minera profundiz\u00f3 sobre los alcances y posibilidades, adem\u00e1s de la posibilidad de empresas y el sector <strong>ante posibles licitaciones de \u2026 Corredores Viales.<\/strong><\/p>\n<p>De todas maneras, llev\u00f3 m\u00e1s claridad en torno a su situaci\u00f3n:<strong> hist\u00f3rica dirigente del Pro -incluso fue la primera concejal del espacio en Olavarr\u00eda- decidi\u00f3 afiliarse a La Libertad Avanza<\/strong>. Porque si se va, se va como corresponde:<em> \u201cno puedo trabajar y gestionar para un espacio pol\u00edtico estando afiliado a otro. Soy una persona org\u00e1nica y cuando sos org\u00e1nica ten\u00e9s que hacer las cosas prolijas\u201d<\/em> dijo a En L\u00ednea.<\/p>\n<h3>El newsletter<\/h3>\n<p>Esta publicaci\u00f3n es la edici\u00f3n de este domingo del newsletter Volver a las Fuentes &#8211;<a href=\"https:\/\/mailchi.mp\/c1c338922b17\/el-camino-de-la-confluencia?e=e4ffb04d40\" target=\"_blank\" rel=\"noopener\">edici\u00f3n completa de este domingo<\/a>&#8211; que escriben Alexis Grierson y Josefina Bargas. <a href=\"https:\/\/linktr.ee\/volveralasfuentes\">Tiene un sistema de suscripci\u00f3n econ\u00f3mica y aportes \u00fanicos al que se puede acceder aqu\u00ed<\/a>.<\/p>\n","protected":false},"excerpt":{"rendered":"<p>Las reapariciones de Ezequiel Galli y de Carola Patan\u00e9, armados en proceso hacia la unidad de La Libertad Avanza y<\/p>\n","protected":false},"author":4,"featured_media":130612,"comment_status":"closed","ping_status":"closed","sticky":false,"template":"","format":"standard","meta":{"_jetpack_memberships_contains_paid_content":false,"footnotes":""},"categories":[4,1],"tags":[],"class_list":["post-130610","post","type-post","status-publish","format-standard","has-post-thumbnail","hentry","category-politica","category-portada"],"jetpack_featured_media_url":"https:\/\/i0.wp.com\/cdnoticias.com\/wp-content\/uploads\/2024\/11\/mauricio-macri-javier-milei.jpg?fit=800%2C445&ssl=1","jetpack_sharing_enabled":true,"_links":{"self":[{"href":"https:\/\/cdnoticias.com\/index.php\/wp-json\/wp\/v2\/posts\/130610","targetHints":{"allow":["GET"]}}],"collection":[{"href":"https:\/\/cdnoticias.com\/index.php\/wp-json\/wp\/v2\/posts"}],"about":[{"href":"https:\/\/cdnoticias.com\/index.php\/wp-json\/wp\/v2\/types\/post"}],"author":[{"embeddable":true,"href":"https:\/\/cdnoticias.com\/index.php\/wp-json\/wp\/v2\/users\/4"}],"replies":[{"embeddable":true,"href":"https:\/\/cdnoticias.com\/index.php\/wp-json\/wp\/v2\/comments?post=130610"}],"version-history":[{"count":0,"href":"https:\/\/cdnoticias.com\/index.php\/wp-json\/wp\/v2\/posts\/130610\/revisions"}],"wp:featuredmedia":[{"embeddable":true,"href":"https:\/\/cdnoticias.com\/index.php\/wp-json\/wp\/v2\/media\/130612"}],"wp:attachment":[{"href":"https:\/\/cdnoticias.com\/index.php\/wp-json\/wp\/v2\/media?parent=130610"}],"wp:term":[{"taxonomy":"category","embeddable":true,"href":"https:\/\/cdnoticias.com\/index.php\/wp-json\/wp\/v2\/categories?post=130610"},{"taxonomy":"post_tag","embeddable":true,"href":"https:\/\/cdnoticias.com\/index.php\/wp-json\/wp\/v2\/tags?post=130610"}],"curies":[{"name":"wp","href":"https:\/\/api.w.org\/{rel}","templated":true}]}}