{"id":130588,"date":"2024-11-17T09:46:36","date_gmt":"2024-11-17T12:46:36","guid":{"rendered":"https:\/\/cdnoticias.com\/?p=130588"},"modified":"2024-11-17T09:46:37","modified_gmt":"2024-11-17T12:46:37","slug":"ines-isabel-sanchez-de-medico-q-e-p-d","status":"publish","type":"post","link":"https:\/\/cdnoticias.com\/index.php\/2024\/11\/17\/ines-isabel-sanchez-de-medico-q-e-p-d\/","title":{"rendered":"In\u00e9s Isabel S\u00e1nchez de Medico (Q.E.P.D)"},"content":{"rendered":"\n<p>Falleci\u00f3 en Olavarr\u00eda el 17 de noviembre de 2024 a los 80 a\u00f1os.<\/p>\n\n\n\n<p>Velatorio: Espa\u00f1a 2942, Departamento &#8220;B&#8221;. Comienza a las 12 horas y finaliza a las 17 horas. Responso: Capilla Ardiente. Cremaci\u00f3n:Crematorio Pinos de Paz, d\u00eda y hora a confirmar. Servicio adherido al Sindicato de Trabajadores Municipales.&nbsp;<\/p>\n\n\n\n<p>Barrio en el que viv\u00eda: Barrio Jard\u00edn.<\/p>\n\n\n\n<p>Lugar de nacimiento: Mar del Plata.<\/p>\n\n\n\n<p>Actividad que desarrollaba: Jubilada.<\/p>\n","protected":false},"excerpt":{"rendered":"<p>Falleci\u00f3 en Olavarr\u00eda el 17 de noviembre de 2024 a los 80 a\u00f1os. Velatorio: Espa\u00f1a 2942, Departamento &#8220;B&#8221;. Comienza a<\/p>\n","protected":false},"author":6,"featured_media":100390,"comment_status":"closed","ping_status":"closed","sticky":false,"template":"","format":"standard","meta":{"_jetpack_memberships_contains_paid_content":false,"footnotes":""},"categories":[10],"tags":[],"class_list":["post-130588","post","type-post","status-publish","format-standard","has-post-thumbnail","hentry","category-necrologicas"],"jetpack_featured_media_url":"https:\/\/i0.wp.com\/cdnoticias.com\/wp-content\/uploads\/2023\/10\/necrologicas-390-x-240.jpg?fit=390%2C240&ssl=1","jetpack_sharing_enabled":true,"_links":{"self":[{"href":"https:\/\/cdnoticias.com\/index.php\/wp-json\/wp\/v2\/posts\/130588","targetHints":{"allow":["GET"]}}],"collection":[{"href":"https:\/\/cdnoticias.com\/index.php\/wp-json\/wp\/v2\/posts"}],"about":[{"href":"https:\/\/cdnoticias.com\/index.php\/wp-json\/wp\/v2\/types\/post"}],"author":[{"embeddable":true,"href":"https:\/\/cdnoticias.com\/index.php\/wp-json\/wp\/v2\/users\/6"}],"replies":[{"embeddable":true,"href":"https:\/\/cdnoticias.com\/index.php\/wp-json\/wp\/v2\/comments?post=130588"}],"version-history":[{"count":0,"href":"https:\/\/cdnoticias.com\/index.php\/wp-json\/wp\/v2\/posts\/130588\/revisions"}],"wp:featuredmedia":[{"embeddable":true,"href":"https:\/\/cdnoticias.com\/index.php\/wp-json\/wp\/v2\/media\/100390"}],"wp:attachment":[{"href":"https:\/\/cdnoticias.com\/index.php\/wp-json\/wp\/v2\/media?parent=130588"}],"wp:term":[{"taxonomy":"category","embeddable":true,"href":"https:\/\/cdnoticias.com\/index.php\/wp-json\/wp\/v2\/categories?post=130588"},{"taxonomy":"post_tag","embeddable":true,"href":"https:\/\/cdnoticias.com\/index.php\/wp-json\/wp\/v2\/tags?post=130588"}],"curies":[{"name":"wp","href":"https:\/\/api.w.org\/{rel}","templated":true}]}}