{"id":130584,"date":"2024-11-17T09:37:17","date_gmt":"2024-11-17T12:37:17","guid":{"rendered":"https:\/\/cdnoticias.com\/?p=130584"},"modified":"2024-11-17T09:37:18","modified_gmt":"2024-11-17T12:37:18","slug":"ana-maria-regueiro-viuda-de-rodriguez-q-e-p-d","status":"publish","type":"post","link":"https:\/\/cdnoticias.com\/index.php\/2024\/11\/17\/ana-maria-regueiro-viuda-de-rodriguez-q-e-p-d\/","title":{"rendered":"Ana Mar\u00eda Regueiro viuda de Rodr\u00edguez (Q.E.P.D.)"},"content":{"rendered":"\n<p>Falleci\u00f3 en Olavarr\u00eda el 16 de noviembre de 2024 a los 66 a\u00f1os.<\/p>\n\n\n\n<p>Sus hijas: Carina y Milagros. Su hijo pol\u00edtico Gerardo Urrutia. Su nieta Victoria Urrutia; y dem\u00e1s deudos participan su fallecimiento.<\/p>\n\n\n\n<p>Velatorio: Sala velatoria de Sierras Bayas. Comienza a las 8:00 horas. Responso: Capilla Ardiente. Inhumaci\u00f3n: Cementerio de Sierras Bayas, domingo 17 a las 12:30 horas. Servicio adherido a Coopelectric.&nbsp;<\/p>\n\n\n\n<p>Barrio en el que viv\u00eda: Vecina de Sierras Bayas.<\/p>\n\n\n\n<p>Lugar de nacimiento: Nacida en Buenos Aires.<\/p>\n\n\n\n<p>Actividad que desarrollaba: Jubilada y Ama de casa.<\/p>\n","protected":false},"excerpt":{"rendered":"<p>Falleci\u00f3 en Olavarr\u00eda el 16 de noviembre de 2024 a los 66 a\u00f1os. Sus hijas: Carina y Milagros. Su hijo<\/p>\n","protected":false},"author":6,"featured_media":67646,"comment_status":"closed","ping_status":"closed","sticky":false,"template":"","format":"standard","meta":{"_jetpack_memberships_contains_paid_content":false,"footnotes":""},"categories":[10],"tags":[],"class_list":["post-130584","post","type-post","status-publish","format-standard","has-post-thumbnail","hentry","category-necrologicas"],"jetpack_featured_media_url":"https:\/\/i0.wp.com\/cdnoticias.com\/wp-content\/uploads\/2022\/10\/necrologicas-390-x-240.jpg?fit=390%2C240&ssl=1","jetpack_sharing_enabled":true,"_links":{"self":[{"href":"https:\/\/cdnoticias.com\/index.php\/wp-json\/wp\/v2\/posts\/130584","targetHints":{"allow":["GET"]}}],"collection":[{"href":"https:\/\/cdnoticias.com\/index.php\/wp-json\/wp\/v2\/posts"}],"about":[{"href":"https:\/\/cdnoticias.com\/index.php\/wp-json\/wp\/v2\/types\/post"}],"author":[{"embeddable":true,"href":"https:\/\/cdnoticias.com\/index.php\/wp-json\/wp\/v2\/users\/6"}],"replies":[{"embeddable":true,"href":"https:\/\/cdnoticias.com\/index.php\/wp-json\/wp\/v2\/comments?post=130584"}],"version-history":[{"count":0,"href":"https:\/\/cdnoticias.com\/index.php\/wp-json\/wp\/v2\/posts\/130584\/revisions"}],"wp:featuredmedia":[{"embeddable":true,"href":"https:\/\/cdnoticias.com\/index.php\/wp-json\/wp\/v2\/media\/67646"}],"wp:attachment":[{"href":"https:\/\/cdnoticias.com\/index.php\/wp-json\/wp\/v2\/media?parent=130584"}],"wp:term":[{"taxonomy":"category","embeddable":true,"href":"https:\/\/cdnoticias.com\/index.php\/wp-json\/wp\/v2\/categories?post=130584"},{"taxonomy":"post_tag","embeddable":true,"href":"https:\/\/cdnoticias.com\/index.php\/wp-json\/wp\/v2\/tags?post=130584"}],"curies":[{"name":"wp","href":"https:\/\/api.w.org\/{rel}","templated":true}]}}