{"id":13048,"date":"2021-02-05T15:12:45","date_gmt":"2021-02-05T18:12:45","guid":{"rendered":"http:\/\/www.centraldenoticias.com.ar\/?p=13048"},"modified":"2021-02-05T14:22:01","modified_gmt":"2021-02-05T17:22:01","slug":"sin-los-autoconvocados-transportistas-acuerdan-aumento-del-225-en-tarifa-para-el-agro","status":"publish","type":"post","link":"https:\/\/cdnoticias.com\/index.php\/2021\/02\/05\/sin-los-autoconvocados-transportistas-acuerdan-aumento-del-225-en-tarifa-para-el-agro\/","title":{"rendered":"Sin los autoconvocados, transportistas acuerdan aumento del 22,5% en tarifa para el agro"},"content":{"rendered":"<div class=\"td_block_wrap tdb_title tdi_71_00c tdb-single-title td-pb-border-top td_block_template_1\" data-td-block-uid=\"tdi_71_00c\">\n<div class=\"tdb-block-inner td-fix-index\"><\/div>\n<\/div>\n<div class=\"td_block_wrap tdb_single_content tdi_78_602 td-pb-border-top td_block_template_1 td-post-content tagdiv-type\" data-td-block-uid=\"tdi_78_602\">\n<div class=\"tdb-block-inner td-fix-index\">\n<p>El nuevo valor de referencia es ahora de $ 2.790 para un tramo de 400 kil\u00f3metros. Los camioneros que sostienen medidas de fuerza aseguraron que est\u00e1n \u201cmuy disconformes\u201d.<\/p>\n<hr \/>\n<p><strong>El Gobierno acord\u00f3 con las c\u00e1maras empresarias y los sindicatos del sector del transporte de cargas un aumento del 22,5% en la tarifa de referencia para el agro<\/strong>, que llevar\u00e1 a $ 2.790 el valor para un tramo de 400 kil\u00f3metros, seg\u00fan informaron este viernes entidades transportistas.<\/p>\n<p>El acuerdo se alcanz\u00f3 durante una reuni\u00f3n mantenida este jueves por la<strong> Mesa de Negociaci\u00f3n Participativa<\/strong>, encabezada por el director Cargas de la Naci\u00f3n, Juan Manuel Escudero, y ahora se aguarda la firma del acta con la suba acordada, que se concretar\u00eda este viernes, y su aplicaci\u00f3n suceder\u00e1 a partir de la publicaci\u00f3n en el Bolet\u00edn Oficial la semana pr\u00f3xima.<\/p>\n<blockquote><p>De la reuni\u00f3n no particip\u00f3 ning\u00fan representante de los denominados \u201ctransportistas autoconvocados\u201d, tal como lo anticip\u00f3 el Ministerio de Transporte.<\/p><\/blockquote>\n<p>Cabe se\u00f1alar que<strong> los \u201cautoconvocados\u201d eran los que sosten\u00edan la protesta en la \u00e1mbito de Olavarr\u00eda<\/strong> y en gran parte de la Provincia de Buenos Aires, ligados al transporte de cereales. En el plano local <a href=\"https:\/\/cdnoticias.com\/index.php\/2021\/01\/25\/unos-30-camiones-estan-en-la-protesta-de-ruta-226-en-olavarria\/\" target=\"_blank\" rel=\"noopener\">se dio en ruta 226 y 51<\/a> donde se instalaron desde el 25 de enero.<\/p>\n<p><img data-recalc-dims=\"1\" loading=\"lazy\" decoding=\"async\" class=\"alignnone wp-image-12205\" src=\"https:\/\/i0.wp.com\/cdnoticias.com\/wp-content\/uploads\/2021\/01\/protesta-de-camioneros10.jpg?resize=400%2C222&#038;ssl=1\" alt=\"\" width=\"400\" height=\"222\" srcset=\"https:\/\/i0.wp.com\/cdnoticias.com\/wp-content\/uploads\/2021\/01\/protesta-de-camioneros10.jpg?resize=300%2C166&amp;ssl=1 300w, https:\/\/i0.wp.com\/cdnoticias.com\/wp-content\/uploads\/2021\/01\/protesta-de-camioneros10.jpg?resize=768%2C425&amp;ssl=1 768w, https:\/\/i0.wp.com\/cdnoticias.com\/wp-content\/uploads\/2021\/01\/protesta-de-camioneros10.jpg?w=800&amp;ssl=1 800w\" sizes=\"auto, (max-width: 400px) 100vw, 400px\" \/> <img data-recalc-dims=\"1\" loading=\"lazy\" decoding=\"async\" class=\"alignnone wp-image-12198\" src=\"https:\/\/i0.wp.com\/cdnoticias.com\/wp-content\/uploads\/2021\/01\/protesta-de-camioneros03.jpg?resize=400%2C223&#038;ssl=1\" alt=\"\" width=\"400\" height=\"223\" srcset=\"https:\/\/i0.wp.com\/cdnoticias.com\/wp-content\/uploads\/2021\/01\/protesta-de-camioneros03.jpg?resize=300%2C167&amp;ssl=1 300w, https:\/\/i0.wp.com\/cdnoticias.com\/wp-content\/uploads\/2021\/01\/protesta-de-camioneros03.jpg?resize=768%2C427&amp;ssl=1 768w, https:\/\/i0.wp.com\/cdnoticias.com\/wp-content\/uploads\/2021\/01\/protesta-de-camioneros03.jpg?w=800&amp;ssl=1 800w\" sizes=\"auto, (max-width: 400px) 100vw, 400px\" \/><\/p>\n<p>El secretario general de la <strong>Uni\u00f3n Nacional de Transportistas y Afines (Untra)<\/strong>, Carlos Geneiro, dijo este jueves que iban a pedir una actualizaci\u00f3n de las tarifas de \u201centre un 40 y un 50% de aumento\u201d para levantar la medida de fuerza que vienen manteniendo desde hace 15 d\u00edas, y que el Gobierno el Gobierno \u201cquiere otorgar un 15 o 20% de aumento\u201d.<\/p>\n<blockquote><p>Este viernes, representantes de Untra afirmaron a DIB que est\u00e1n \u201cmuy disconformes\u201d con la nueva tarifa anunciada. \u201cCon un 30% m\u00ednimo, que est\u00e1bamos buscando nosotros, hubiera sido otro cantar. Pero as\u00ed, estamos muy disconformes\u201d, aseguraron.<\/p><\/blockquote>\n<p><strong>El anuncio<\/strong><\/p>\n<p>\u201cTras un 2020 que finaliz\u00f3 con una marcada suba de los costos para al transporte de cargas, la <strong>Federaci\u00f3n Argentina de Entidades Empresarias del Autotransporte de Cargas, junto a otras entidades del sector acord\u00f3 un aumento del 22,5%<\/strong> para la tarifa de referencia del transporte de cereales y oleaginosas\u201d, precis\u00f3 Fadeeac en un comunicado.<\/p>\n<p>Indic\u00f3 que \u201cla Mesa de Negociaci\u00f3n Participativa se reuni\u00f3 de manera virtual para analizar la suba de la tarifa que rige como <strong>referencia para el transporte automotor de cargas de jurisdicci\u00f3n nacional de cereales, oleaginosas, productos, subproductos y derivados<\/strong>\u201d.<\/p>\n<p>Al respecto, el director del Departamento de Transporte Agroganadero de Fadeeac, Horacio Demarchi, indic\u00f3 que \u201cla decisi\u00f3n se tom\u00f3 en <strong>consenso con las dem\u00e1s entidades del transporte<\/strong>, en com\u00fan acuerdo con las del agro, luego de una extensa jornada de negociaci\u00f3n y an\u00e1lisis de \u00edndices\u201d.<\/p>\n<p>Por su parte, el asesor de la Federaci\u00f3n de Acopiadores, Daniel Asseff, se\u00f1al\u00f3 que \u201ca cada tarifa de referencia se le deber\u00e1 sumar, seg\u00fan los kil\u00f3metros, un 22,5%\u201d.<\/p>\n<p>Remarc\u00f3 que \u201ca eso se le suma una correcci\u00f3n que logramos hacer para <strong>mejorar la tarifa de m\u00e1s de 500 kil\u00f3metros<\/strong>, que hasta ahora quedaba por debajo de los costos\u201d.<\/p>\n<p>Fuente: <em>Agencia DIB<\/em><\/p>\n<\/div>\n<\/div>\n","protected":false},"excerpt":{"rendered":"<p>El nuevo valor de referencia es ahora de $ 2.790 para un tramo de 400 kil\u00f3metros. Los camioneros que sostienen<\/p>\n","protected":false},"author":4,"featured_media":12202,"comment_status":"closed","ping_status":"closed","sticky":false,"template":"","format":"standard","meta":{"_jetpack_memberships_contains_paid_content":false,"footnotes":""},"categories":[6,1],"tags":[],"class_list":["post-13048","post","type-post","status-publish","format-standard","has-post-thumbnail","hentry","category-nacionales","category-portada"],"jetpack_featured_media_url":"https:\/\/i0.wp.com\/cdnoticias.com\/wp-content\/uploads\/2021\/01\/protesta-de-camioneros07.jpg?fit=800%2C443&ssl=1","jetpack_sharing_enabled":true,"_links":{"self":[{"href":"https:\/\/cdnoticias.com\/index.php\/wp-json\/wp\/v2\/posts\/13048","targetHints":{"allow":["GET"]}}],"collection":[{"href":"https:\/\/cdnoticias.com\/index.php\/wp-json\/wp\/v2\/posts"}],"about":[{"href":"https:\/\/cdnoticias.com\/index.php\/wp-json\/wp\/v2\/types\/post"}],"author":[{"embeddable":true,"href":"https:\/\/cdnoticias.com\/index.php\/wp-json\/wp\/v2\/users\/4"}],"replies":[{"embeddable":true,"href":"https:\/\/cdnoticias.com\/index.php\/wp-json\/wp\/v2\/comments?post=13048"}],"version-history":[{"count":0,"href":"https:\/\/cdnoticias.com\/index.php\/wp-json\/wp\/v2\/posts\/13048\/revisions"}],"wp:featuredmedia":[{"embeddable":true,"href":"https:\/\/cdnoticias.com\/index.php\/wp-json\/wp\/v2\/media\/12202"}],"wp:attachment":[{"href":"https:\/\/cdnoticias.com\/index.php\/wp-json\/wp\/v2\/media?parent=13048"}],"wp:term":[{"taxonomy":"category","embeddable":true,"href":"https:\/\/cdnoticias.com\/index.php\/wp-json\/wp\/v2\/categories?post=13048"},{"taxonomy":"post_tag","embeddable":true,"href":"https:\/\/cdnoticias.com\/index.php\/wp-json\/wp\/v2\/tags?post=13048"}],"curies":[{"name":"wp","href":"https:\/\/api.w.org\/{rel}","templated":true}]}}