{"id":130463,"date":"2024-11-16T15:26:13","date_gmt":"2024-11-16T18:26:13","guid":{"rendered":"https:\/\/cdnoticias.com\/?p=130463"},"modified":"2024-11-16T15:26:14","modified_gmt":"2024-11-16T18:26:14","slug":"elsa-nelida-etchebehere-madrazo-q-e-p-d","status":"publish","type":"post","link":"https:\/\/cdnoticias.com\/index.php\/2024\/11\/16\/elsa-nelida-etchebehere-madrazo-q-e-p-d\/","title":{"rendered":"Elsa Nelida Etchebehere Madrazo (Q.E.P.D.)"},"content":{"rendered":"<p>Falleci\u00f3 en Olavarr\u00eda el d\u00eda 16 de noviembre de 2024 a los 95 a\u00f1os de edad.<\/p>\n<p>Su hermana pol\u00edtica Estela. Sus sobrinos. Sus Sobrinos pol\u00edticos.  y dem\u00e1s deudos participan su fallecimiento.<\/p>\n<p>Velatorio: Sin velatorio. Responso: Sin responso. Inhumaci\u00f3n: Cementerio Municipal Olavarr\u00eda, domingo 17 de noviembre de 2024 a las 11.30 h. <\/p>\n<p>Vecina de Microcentro<\/p>\n<p>Nacida en Olavarr\u00eda<\/p>\n<p>Actividad que desarrollaba: Jubilada.<\/p>\n","protected":false},"excerpt":{"rendered":"<p>Falleci\u00f3 en Olavarr\u00eda el d\u00eda 16 de noviembre de 2024 a los 95 a\u00f1os de edad. Su hermana pol\u00edtica Estela.<\/p>\n","protected":false},"author":4,"featured_media":51544,"comment_status":"closed","ping_status":"closed","sticky":false,"template":"","format":"standard","meta":{"_jetpack_memberships_contains_paid_content":false,"footnotes":""},"categories":[10],"tags":[],"class_list":["post-130463","post","type-post","status-publish","format-standard","has-post-thumbnail","hentry","category-necrologicas"],"jetpack_featured_media_url":"https:\/\/i0.wp.com\/cdnoticias.com\/wp-content\/uploads\/2022\/04\/necrologicas-390-x-240.jpg?fit=390%2C240&ssl=1","jetpack_sharing_enabled":true,"_links":{"self":[{"href":"https:\/\/cdnoticias.com\/index.php\/wp-json\/wp\/v2\/posts\/130463","targetHints":{"allow":["GET"]}}],"collection":[{"href":"https:\/\/cdnoticias.com\/index.php\/wp-json\/wp\/v2\/posts"}],"about":[{"href":"https:\/\/cdnoticias.com\/index.php\/wp-json\/wp\/v2\/types\/post"}],"author":[{"embeddable":true,"href":"https:\/\/cdnoticias.com\/index.php\/wp-json\/wp\/v2\/users\/4"}],"replies":[{"embeddable":true,"href":"https:\/\/cdnoticias.com\/index.php\/wp-json\/wp\/v2\/comments?post=130463"}],"version-history":[{"count":0,"href":"https:\/\/cdnoticias.com\/index.php\/wp-json\/wp\/v2\/posts\/130463\/revisions"}],"wp:featuredmedia":[{"embeddable":true,"href":"https:\/\/cdnoticias.com\/index.php\/wp-json\/wp\/v2\/media\/51544"}],"wp:attachment":[{"href":"https:\/\/cdnoticias.com\/index.php\/wp-json\/wp\/v2\/media?parent=130463"}],"wp:term":[{"taxonomy":"category","embeddable":true,"href":"https:\/\/cdnoticias.com\/index.php\/wp-json\/wp\/v2\/categories?post=130463"},{"taxonomy":"post_tag","embeddable":true,"href":"https:\/\/cdnoticias.com\/index.php\/wp-json\/wp\/v2\/tags?post=130463"}],"curies":[{"name":"wp","href":"https:\/\/api.w.org\/{rel}","templated":true}]}}