{"id":130455,"date":"2024-11-16T13:35:11","date_gmt":"2024-11-16T16:35:11","guid":{"rendered":"https:\/\/cdnoticias.com\/?p=130455"},"modified":"2024-11-16T18:30:25","modified_gmt":"2024-11-16T21:30:25","slug":"se-extendio-el-alerta-por-tormentas-para-olavarria","status":"publish","type":"post","link":"https:\/\/cdnoticias.com\/index.php\/2024\/11\/16\/se-extendio-el-alerta-por-tormentas-para-olavarria\/","title":{"rendered":"Se extendi\u00f3 el alerta por tormentas para Olavarr\u00eda"},"content":{"rendered":"<p>Desde esta tarde de s\u00e1bado hasta la madrugada del domingo. Fin de semana largo con lluvias, tormentas y fuertes vientos en casi toda la provincia de Buenos Aires.<!--more--><\/p>\n<hr \/>\n<p><a href=\"https:\/\/cdnoticias.com\/index.php\/2024\/11\/15\/fin-de-semana-de-alertas-amarillas-por-tormenta-para-olavarria\/\" target=\"_blank\" rel=\"noopener\">Tal como se hab\u00eda adelantado<\/a>, <strong>se esperan tormentas en gran parte del territorio bonaerense, incluyendo a Olavarr\u00eda<\/strong>. El Servicio Meteorol\u00f3gico Nacional emiti\u00f3 alertas amarillas tanto para este s\u00e1bado como para la jornada del domingo.<\/p>\n<blockquote><p>\u201cEl \u00e1rea ser\u00e1 afectada por lluvias persistentes de variada intensidad, algunas localmente fuertes, pudiendo estar acompa\u00f1adas por tormentas aisladas. Se estiman valores de precipitaci\u00f3n acumulada entre 20 y 50 mm, pudiendo ser superados en forma puntual\u201d advirti\u00f3 el organismo nacional para Olavarr\u00eda, Laprida y La Madrid. El alerta en nuestra regi\u00f3n comienza en la tarde de este s\u00e1bado y se extender\u00e1 hasta la ma\u00f1ana del domingo.<\/p><\/blockquote>\n<p>En el \u00e1mbito bonaerense, la alarma del SMN alcanza al oeste y sur bonaerenses durante este s\u00e1bado y el domingo se desplazar\u00e1 hacia el centro y llegar\u00e1 a casi toda la costa, desde Necochea por el sur hasta La Plata por el noreste, con diferentes alertas seg\u00fan la zona.<\/p>\n<p><img data-recalc-dims=\"1\" loading=\"lazy\" decoding=\"async\" class=\"size-large wp-image-37655 aligncenter\" src=\"https:\/\/i0.wp.com\/cdnoticias.com\/wp-content\/uploads\/2021\/11\/WhatsApp-Image-2021-11-04-at-16.14.41.jpeg?resize=800%2C600&#038;ssl=1\" alt=\"\" width=\"800\" height=\"600\" srcset=\"https:\/\/i0.wp.com\/cdnoticias.com\/wp-content\/uploads\/2021\/11\/WhatsApp-Image-2021-11-04-at-16.14.41.jpeg?resize=1024%2C768&amp;ssl=1 1024w, https:\/\/i0.wp.com\/cdnoticias.com\/wp-content\/uploads\/2021\/11\/WhatsApp-Image-2021-11-04-at-16.14.41.jpeg?resize=300%2C225&amp;ssl=1 300w, https:\/\/i0.wp.com\/cdnoticias.com\/wp-content\/uploads\/2021\/11\/WhatsApp-Image-2021-11-04-at-16.14.41.jpeg?resize=768%2C576&amp;ssl=1 768w, https:\/\/i0.wp.com\/cdnoticias.com\/wp-content\/uploads\/2021\/11\/WhatsApp-Image-2021-11-04-at-16.14.41.jpeg?w=1599&amp;ssl=1 1599w\" sizes=\"auto, (max-width: 800px) 100vw, 800px\" \/><\/p>\n<h3>Por d\u00eda<\/h3>\n<p>Durante la presente jornada, de este modo, <strong>las alertas amarillas por lluvias y tormentas<\/strong> alcanza a todo el <strong>oeste bonaerense<\/strong>, desde Patagones al sur hasta Florentino Ameghino, General Villegas y Rivadavia por el norte. Y <strong>en el centro de la provincia se advierte una \u201cdiagonal amarilla\u201d<\/strong> que pasa por Carlos Casares, Bol\u00edvar y <strong>Olavarr\u00eda<\/strong>. De all\u00ed <strong>al sur y el oeste, todo ser\u00e1 lluvia.<\/strong><\/p>\n<p>En tanto, este domingo, en pleno fin de semana largo, los cielos encapotados complicar\u00e1n las minivacaciones en toda<strong> la Costa Atl\u00e1ntica Bonaerense<\/strong> desde Necochea hasta Villa Gesell y Pinamar. Desde el Partido de la Costa hasta La Plata, la zona costera estar\u00e1 azotada por fuertes vientos. Mientras que, por fuera de la costa, <strong>se ver\u00e1 afectado por las lluvias el centro de la provincia<\/strong> en una amplia franja que empieza en Carlos Tejedor, Trenque Lauquen, Pellegrini, Salliquel\u00f3 y Carhu\u00e9 y se dirige en sentido sudeste hacia el mar.<\/p>\n<blockquote><p>Las recomendaciones, en el caso de lluvias y tormentas, son evitar actividades al aire libre, no sacar la basura y quedarse lejos de zonas costeras y ribere\u00f1as. Mientras que en el caso de los vientos, se agrega evitar elementos que puedan volarse.<\/p><\/blockquote>\n<p>Fuente:<em> con informaci\u00f3n del SMN y de Agencia DIB<\/em><\/p>\n","protected":false},"excerpt":{"rendered":"<p>Desde esta tarde de s\u00e1bado hasta la madrugada del domingo. Fin de semana largo con lluvias, tormentas y fuertes vientos<\/p>\n","protected":false},"author":4,"featured_media":130456,"comment_status":"closed","ping_status":"closed","sticky":false,"template":"","format":"standard","meta":{"_jetpack_memberships_contains_paid_content":false,"footnotes":""},"categories":[5,1],"tags":[],"class_list":["post-130455","post","type-post","status-publish","format-standard","has-post-thumbnail","hentry","category-informacion-general","category-portada"],"jetpack_featured_media_url":"https:\/\/i0.wp.com\/cdnoticias.com\/wp-content\/uploads\/2024\/11\/alerta-SMN-sabado-16-de-noviembre.jpg?fit=1000%2C556&ssl=1","jetpack_sharing_enabled":true,"_links":{"self":[{"href":"https:\/\/cdnoticias.com\/index.php\/wp-json\/wp\/v2\/posts\/130455","targetHints":{"allow":["GET"]}}],"collection":[{"href":"https:\/\/cdnoticias.com\/index.php\/wp-json\/wp\/v2\/posts"}],"about":[{"href":"https:\/\/cdnoticias.com\/index.php\/wp-json\/wp\/v2\/types\/post"}],"author":[{"embeddable":true,"href":"https:\/\/cdnoticias.com\/index.php\/wp-json\/wp\/v2\/users\/4"}],"replies":[{"embeddable":true,"href":"https:\/\/cdnoticias.com\/index.php\/wp-json\/wp\/v2\/comments?post=130455"}],"version-history":[{"count":0,"href":"https:\/\/cdnoticias.com\/index.php\/wp-json\/wp\/v2\/posts\/130455\/revisions"}],"wp:featuredmedia":[{"embeddable":true,"href":"https:\/\/cdnoticias.com\/index.php\/wp-json\/wp\/v2\/media\/130456"}],"wp:attachment":[{"href":"https:\/\/cdnoticias.com\/index.php\/wp-json\/wp\/v2\/media?parent=130455"}],"wp:term":[{"taxonomy":"category","embeddable":true,"href":"https:\/\/cdnoticias.com\/index.php\/wp-json\/wp\/v2\/categories?post=130455"},{"taxonomy":"post_tag","embeddable":true,"href":"https:\/\/cdnoticias.com\/index.php\/wp-json\/wp\/v2\/tags?post=130455"}],"curies":[{"name":"wp","href":"https:\/\/api.w.org\/{rel}","templated":true}]}}